{"id":10121,"date":"2025-04-09T08:57:37","date_gmt":"2025-04-09T06:57:37","guid":{"rendered":"https:\/\/www.aircargocommunity.com\/?p=10121"},"modified":"2025-04-09T09:05:35","modified_gmt":"2025-04-09T07:05:35","slug":"community-news-maerz-2025","status":"publish","type":"post","link":"https:\/\/www.aircargocommunity.com\/es\/news\/frachtpost\/community-news-maerz-2025\/","title":{"rendered":"Noticias de la comunidad marzo de 2025"},"content":{"rendered":"<p>Querida comunidad,<\/p>\n<p>El n\u00famero de marzo de FRachtpost ya est\u00e1 aqu\u00ed: lleno de noticias interesantes y conocimientos valiosos para usted. \u00a1Mant\u00e9nganse al tanto!<\/p>\n<h3>Nuevos miembros: \u00a1Bienvenidos a la comunidad de carga a\u00e9rea de Frankfurt!<\/h3>\n<p>Estamos felices <a href=\"https:\/\/www.edtexpress.eu\/\">EDT DE GmbH<\/a> \u00a1Para darle la bienvenida como nuevo miembro a nuestra comunidad desde el 1 de marzo! Como agente de aduanas experimentado, EDT DE se especializa en el despacho de aduanas eficiente y compatible de env\u00edos internacionales de carga a\u00e9rea. Su experiencia garantiza un procesamiento fluido y confiable y ayuda a las empresas a gestionar regulaciones aduaneras complejas con facilidad.<\/p>\n<p>Esperamos trabajar juntos para fortalecer a\u00fan m\u00e1s el papel de Frankfurt como centro l\u00edder de carga a\u00e9rea. \u00a1Bienvenido a bordo, EDT DE!<\/p>\n<p><img fetchpriority=\"high\" decoding=\"async\" class=\"alignnone wp-image-10123 size-full\" src=\"https:\/\/www.aircargocommunity.com\/wp-content\/uploads\/EDT_DE.png\" alt=\"\" width=\"1564\" height=\"1624\" srcset=\"https:\/\/www.aircargocommunity.com\/wp-content\/uploads\/EDT_DE.png 1564w, https:\/\/www.aircargocommunity.com\/wp-content\/uploads\/EDT_DE-289x300.png 289w, https:\/\/www.aircargocommunity.com\/wp-content\/uploads\/EDT_DE-986x1024.png 986w, https:\/\/www.aircargocommunity.com\/wp-content\/uploads\/EDT_DE-768x797.png 768w, https:\/\/www.aircargocommunity.com\/wp-content\/uploads\/EDT_DE-1479x1536.png 1479w, https:\/\/www.aircargocommunity.com\/wp-content\/uploads\/EDT_DE-12x12.png 12w\" sizes=\"(max-width: 1564px) 100vw, 1564px\" \/><\/p>\n<h3>\u00a1Lara Schneider se une a nuestro equipo en ACCF!<\/h3>\n<p><img decoding=\"async\" class=\"alignleft wp-image-10124 lazyload\" data-src=\"https:\/\/www.aircargocommunity.com\/wp-content\/uploads\/LaraSchneider-683x1024.jpg\" alt=\"\" width=\"300\" height=\"450\" data-srcset=\"https:\/\/www.aircargocommunity.com\/wp-content\/uploads\/LaraSchneider-683x1024.jpg 683w, https:\/\/www.aircargocommunity.com\/wp-content\/uploads\/LaraSchneider-200x300.jpg 200w, https:\/\/www.aircargocommunity.com\/wp-content\/uploads\/LaraSchneider-768x1152.jpg 768w, https:\/\/www.aircargocommunity.com\/wp-content\/uploads\/LaraSchneider-1024x1536.jpg 1024w, https:\/\/www.aircargocommunity.com\/wp-content\/uploads\/LaraSchneider-1365x2048.jpg 1365w, https:\/\/www.aircargocommunity.com\/wp-content\/uploads\/LaraSchneider-8x12.jpg 8w, https:\/\/www.aircargocommunity.com\/wp-content\/uploads\/LaraSchneider-scaled.jpg 1707w\" data-sizes=\"auto\" src=\"data:image\/svg+xml;base64,PHN2ZyB3aWR0aD0iMSIgaGVpZ2h0PSIxIiB4bWxucz0iaHR0cDovL3d3dy53My5vcmcvMjAwMC9zdmciPjwvc3ZnPg==\" style=\"--smush-placeholder-width: 300px; --smush-placeholder-aspect-ratio: 300\/450;\" data-original-sizes=\"(max-width: 300px) 100vw, 300px\" \/>Hola a todos, mi nombre es <strong>Lara Schneider<\/strong> y he estado trabajando como empleado estudiantil en la comunidad y gesti\u00f3n de eventos para la Comunidad de Carga A\u00e9rea desde el 10 de marzo.<\/p>\n<p>Paralelamente a mi trabajo como estudiante trabajador, estoy en mi segundo semestre estudiando administraci\u00f3n de empresas en la Universidad de Mannheim.<\/p>\n<p>Tengo un gran inter\u00e9s tanto en el marketing como en la gesti\u00f3n de eventos y, por lo tanto, estoy muy feliz de poder trabajar para la comunidad de carga a\u00e9rea durante un a\u00f1o, para adquirir experiencia inicial, especialmente en el campo de la gesti\u00f3n de eventos, para mejorar mis propias habilidades a trav\u00e9s de nuevos desaf\u00edos y, por supuesto, para aprender m\u00e1s sobre la industria de carga a\u00e9rea.<\/p>\n<p>En mi tiempo libre disfruto montar a caballo, esquiar y pintar.<\/p>\n<p>Tengo muchas ganas de que lleguen los pr\u00f3ximos doce meses y de tener la oportunidad de trabajar con un equipo tan estupendo en un entorno tan emocionante.<\/p>\n<p><strong>Mis datos de contacto:<\/strong><\/p>\n<p style=\"text-align: center\"><strong>Lara Schneider<\/strong><br \/>\nEstudiante que trabaja en gesti\u00f3n comunitaria y de eventos.<br \/>\n<a href=\"mailto:l.schneider@fra-fr8.com\">l.schneider@fra-fr8.com<\/a><br \/>\n+49 175 4525600<\/p>\n<h3>Desarrollos actuales en el equipo de competencia farmac\u00e9utica<\/h3>\n<p>El equipo de competencia PHARMA se reuni\u00f3 el 4 de marzo para discutir la <strong>Presentar temas actuales e innovaciones al equipo.<\/strong> y recibir retroalimentaci\u00f3n del grupo m\u00e1s grande. <strong>Alexander Treber (Aviapharm) y Manuel Zollondz (CCPS Cold Chain Project Solutions) asumir\u00e1n la gesti\u00f3n del equipo de competencias junto con Lea Walther (ACCF).<\/strong> y aportar aqu\u00ed su experiencia de forma espec\u00edfica. Nos gustar\u00eda aprovechar esta oportunidad para agradecer a Johannes Fehl (CHI Germany Cargo Handling) por su compromiso durante los \u00faltimos dos a\u00f1os como l\u00edder del equipo de competencia. El equipo discuti\u00f3 los desarrollos actuales en el equipo de competencia.<\/p>\n<p>La organizaci\u00f3n de la <strong>PHARMA DAYS 2025 el 1 de julio<\/strong> est\u00e1 funcionando a toda velocidad. Puede encontrar m\u00e1s informaci\u00f3n sobre PHARMA DAY en nuestra <a href=\"https:\/\/www.aircargocommunity.com\/es\/events\/pharma-day-2025-2\/\">Sitio web del evento<\/a> Encontrar. Adem\u00e1s, los miembros de la Comunidad de Carga A\u00e9rea pueden encontrar eventos relevantes de la comunidad, las empresas miembro y la industria en el calendario de eventos dentro del <a href=\"https:\/\/www.aircargocommunity.com\/es\/mitgliederbereich\/\">\u00c1rea de miembros<\/a> en el sitio web y tambi\u00e9n ingrese sus propios eventos all\u00ed. Esto hace que la planificaci\u00f3n sea m\u00e1s f\u00e1cil para nuestros miembros. Adem\u00e1s, m\u00e1s ideas para la <strong>Aumentar la transparencia de los procesos farmac\u00e9uticos en el aeropuerto de Frankfurt<\/strong> Se discutir\u00e1n temas que se abordar\u00e1n m\u00e1s a fondo en grupos de trabajo apropiados.<\/p>\n<p>Los debates proporcionaron informaci\u00f3n valiosa para el desarrollo futuro de iniciativas actuales y futuras.<\/p>\n<p><img decoding=\"async\" class=\"alignnone wp-image-10126 size-full lazyload\" data-src=\"https:\/\/www.aircargocommunity.com\/wp-content\/uploads\/Pharma-Kompetenzteam-e1744181488166.jpg\" alt=\"\" width=\"1024\" height=\"577\" data-srcset=\"https:\/\/www.aircargocommunity.com\/wp-content\/uploads\/Pharma-Kompetenzteam-e1744181488166.jpg 1024w, https:\/\/www.aircargocommunity.com\/wp-content\/uploads\/Pharma-Kompetenzteam-e1744181488166-300x169.jpg 300w, https:\/\/www.aircargocommunity.com\/wp-content\/uploads\/Pharma-Kompetenzteam-e1744181488166-768x433.jpg 768w, https:\/\/www.aircargocommunity.com\/wp-content\/uploads\/Pharma-Kompetenzteam-e1744181488166-18x10.jpg 18w\" data-sizes=\"auto\" src=\"data:image\/svg+xml;base64,PHN2ZyB3aWR0aD0iMSIgaGVpZ2h0PSIxIiB4bWxucz0iaHR0cDovL3d3dy53My5vcmcvMjAwMC9zdmciPjwvc3ZnPg==\" style=\"--smush-placeholder-width: 1024px; --smush-placeholder-aspect-ratio: 1024\/577;\" data-original-sizes=\"(max-width: 1024px) 100vw, 1024px\" \/><\/p>\n<h3>Reuni\u00f3n del equipo de competencia TRUCKING<\/h3>\n<p>En la \u00faltima reuni\u00f3n del equipo de competencia TRUCKING del 11 de marzo, hubo <strong>Noticias emocionantes sobre el liderazgo del equipo: Patrick Hof (GEORGI GROUP) se une a Julien Thomas (MSC Air Cargo)<\/strong>, quien ahora dirigir\u00e1 junto a \u00e9l el equipo. Markus Gscheidle asume un nuevo reto profesional y le deseamos todo lo mejor y mucho \u00e9xito. Adem\u00e1s de este desarrollo organizacional, se discutieron temas claves de la industria:<\/p>\n<ul>\n<li><strong>Sistema de gesti\u00f3n de tragamonedas en el sitio<\/strong> \u2013 Desarrollos actuales<\/li>\n<li><strong>Excepciones los domingos y festivos<\/strong> \u2013 Actualizaci\u00f3n sobre la posici\u00f3n pol\u00edtica<\/li>\n<li><strong>Desarrollo de la movilidad el\u00e9ctrica<\/strong> \u2013 Oportunidades para promover soluciones sostenibles en el sitio<\/li>\n<\/ul>\n<p>Adem\u00e1s, se dieron ideas sobre lo que podemos trabajar juntos como comunidad. Los pr\u00f3ximos proyectos y desarrollos prometen<strong> Un progreso emocionante para el futuro de la divisi\u00f3n de transporte en el centro de Frankfurt.<\/strong><\/p>\n<p><img decoding=\"async\" class=\"alignnone wp-image-10127 size-full lazyload\" data-src=\"https:\/\/www.aircargocommunity.com\/wp-content\/uploads\/Trucking-Kompetenzteam_klein-e1744181695191.png\" alt=\"\" width=\"1868\" height=\"1053\" data-srcset=\"https:\/\/www.aircargocommunity.com\/wp-content\/uploads\/Trucking-Kompetenzteam_klein-e1744181695191.png 1868w, https:\/\/www.aircargocommunity.com\/wp-content\/uploads\/Trucking-Kompetenzteam_klein-e1744181695191-300x169.png 300w, https:\/\/www.aircargocommunity.com\/wp-content\/uploads\/Trucking-Kompetenzteam_klein-e1744181695191-1024x577.png 1024w, https:\/\/www.aircargocommunity.com\/wp-content\/uploads\/Trucking-Kompetenzteam_klein-e1744181695191-768x433.png 768w, https:\/\/www.aircargocommunity.com\/wp-content\/uploads\/Trucking-Kompetenzteam_klein-e1744181695191-1536x866.png 1536w, https:\/\/www.aircargocommunity.com\/wp-content\/uploads\/Trucking-Kompetenzteam_klein-e1744181695191-18x10.png 18w\" data-sizes=\"auto\" src=\"data:image\/svg+xml;base64,PHN2ZyB3aWR0aD0iMSIgaGVpZ2h0PSIxIiB4bWxucz0iaHR0cDovL3d3dy53My5vcmcvMjAwMC9zdmciPjwvc3ZnPg==\" style=\"--smush-placeholder-width: 1868px; --smush-placeholder-aspect-ratio: 1868\/1053;\" data-original-sizes=\"(max-width: 1868px) 100vw, 1868px\" \/><\/p>\n<h3>Frankfurt se encuentra con M\u00fanich: \u00a1y disfrute al m\u00e1ximo!<\/h3>\n<p>La Comunidad de Carga A\u00e9rea de Frankfurt invita cordialmente a todos los profesionales de la carga a\u00e9rea a<\/p>\n<p style=\"text-align: center\">FRA se une a MUC: Encuentro comunitario de hamburguesas<br \/>\n3 de junio | 12:30 horas.<br \/>\n\ud83d\udccd Puesto del Aeropuerto de Frankfurt (A2.301\/402)<\/p>\n<p>Disfrute de una hamburguesa especial inspirada en la cocina de Frankfurt: una elegante combinaci\u00f3n entre la escena local y la escena ferial de M\u00fanich.<\/p>\n<p>Ven, disfruta del intercambio culinario y establece contactos con la comunidad. \u00a1Esperamos verte!<\/p>\n<p><img decoding=\"async\" class=\"alignnone wp-image-10128 size-full lazyload\" data-src=\"https:\/\/www.aircargocommunity.com\/wp-content\/uploads\/Happy-Burger-Day-Flyer-LinkedIn-Beitrag.jpg\" alt=\"\" width=\"1200\" height=\"1200\" data-srcset=\"https:\/\/www.aircargocommunity.com\/wp-content\/uploads\/Happy-Burger-Day-Flyer-LinkedIn-Beitrag.jpg 1200w, https:\/\/www.aircargocommunity.com\/wp-content\/uploads\/Happy-Burger-Day-Flyer-LinkedIn-Beitrag-300x300.jpg 300w, https:\/\/www.aircargocommunity.com\/wp-content\/uploads\/Happy-Burger-Day-Flyer-LinkedIn-Beitrag-1024x1024.jpg 1024w, https:\/\/www.aircargocommunity.com\/wp-content\/uploads\/Happy-Burger-Day-Flyer-LinkedIn-Beitrag-150x150.jpg 150w, https:\/\/www.aircargocommunity.com\/wp-content\/uploads\/Happy-Burger-Day-Flyer-LinkedIn-Beitrag-768x768.jpg 768w, https:\/\/www.aircargocommunity.com\/wp-content\/uploads\/Happy-Burger-Day-Flyer-LinkedIn-Beitrag-12x12.jpg 12w\" data-sizes=\"auto\" src=\"data:image\/svg+xml;base64,PHN2ZyB3aWR0aD0iMSIgaGVpZ2h0PSIxIiB4bWxucz0iaHR0cDovL3d3dy53My5vcmcvMjAwMC9zdmciPjwvc3ZnPg==\" style=\"--smush-placeholder-width: 1200px; --smush-placeholder-aspect-ratio: 1200\/1200;\" data-original-sizes=\"(max-width: 1200px) 100vw, 1200px\" \/><\/p>\n<p>\u00bfLas noticias de la comunidad una vez al mes no son suficientes para ti? Entonces, visita peri\u00f3dicamente nuestro canal de LinkedIn; lo mejor es suscribirte directamente.<\/p>\n<p>\u00bfTiene alguna pregunta o comentario? \u00a1Esperamos su mensaje o llamada!<\/p>\n<p>Atentamente<br \/>\nSu equipo de Air Cargo Community Frankfurt eV<\/p>","protected":false},"excerpt":{"rendered":"<p>\u00a1El nuevo FRachtpost ya est\u00e1 aqu\u00ed! Bienvenido a nuestro nuevo miembro EDT DE GmbH, un agente de aduanas experimentado. Tambi\u00e9n es nueva en el equipo: Lara Schneider, estudiante que trabaja en gesti\u00f3n comunitaria y de eventos. El equipo de competencia PHARMA cuenta con una nueva direcci\u00f3n y la planificaci\u00f3n para PHARMA DAY 2025 est\u00e1 en pleno apogeo. Tambi\u00e9n en el equipo de competencia TRUCKING hay cambios y temas de futuro apasionantes, como por ejemplo la movilidad el\u00e9ctrica. Por \u00faltimo, pero no por ello menos importante: \u00a1Reserve la fecha para el FRA goes MUC Burger Meet-Up el 3 de junio en la feria comercial de M\u00fanich!<\/p>","protected":false},"author":4,"featured_media":10131,"comment_status":"closed","ping_status":"closed","sticky":false,"template":"","format":"standard","meta":{"_acf_changed":false,"wds_primary_category":0,"footnotes":""},"categories":[5],"tags":[],"class_list":["post-10121","post","type-post","status-publish","format-standard","has-post-thumbnail","hentry","category-frachtpost"],"acf":[],"_links":{"self":[{"href":"https:\/\/www.aircargocommunity.com\/es\/wp-json\/wp\/v2\/posts\/10121","targetHints":{"allow":["GET"]}}],"collection":[{"href":"https:\/\/www.aircargocommunity.com\/es\/wp-json\/wp\/v2\/posts"}],"about":[{"href":"https:\/\/www.aircargocommunity.com\/es\/wp-json\/wp\/v2\/types\/post"}],"author":[{"embeddable":true,"href":"https:\/\/www.aircargocommunity.com\/es\/wp-json\/wp\/v2\/users\/4"}],"replies":[{"embeddable":true,"href":"https:\/\/www.aircargocommunity.com\/es\/wp-json\/wp\/v2\/comments?post=10121"}],"version-history":[{"count":5,"href":"https:\/\/www.aircargocommunity.com\/es\/wp-json\/wp\/v2\/posts\/10121\/revisions"}],"predecessor-version":[{"id":10137,"href":"https:\/\/www.aircargocommunity.com\/es\/wp-json\/wp\/v2\/posts\/10121\/revisions\/10137"}],"wp:featuredmedia":[{"embeddable":true,"href":"https:\/\/www.aircargocommunity.com\/es\/wp-json\/wp\/v2\/media\/10131"}],"wp:attachment":[{"href":"https:\/\/www.aircargocommunity.com\/es\/wp-json\/wp\/v2\/media?parent=10121"}],"wp:term":[{"taxonomy":"category","embeddable":true,"href":"https:\/\/www.aircargocommunity.com\/es\/wp-json\/wp\/v2\/categories?post=10121"},{"taxonomy":"post_tag","embeddable":true,"href":"https:\/\/www.aircargocommunity.com\/es\/wp-json\/wp\/v2\/tags?post=10121"}],"curies":[{"name":"wp","href":"https:\/\/api.w.org\/{rel}","templated":true}]}}