{"id":12312,"date":"2025-05-05T10:47:39","date_gmt":"2025-05-05T08:47:39","guid":{"rendered":"https:\/\/www.aircargocommunity.com\/?p=12312"},"modified":"2025-05-05T11:22:47","modified_gmt":"2025-05-05T09:22:47","slug":"community-news-april-2025","status":"publish","type":"post","link":"https:\/\/www.aircargocommunity.com\/es\/news\/frachtpost\/community-news-april-2025\/","title":{"rendered":"Noticias de la comunidad abril de 2025"},"content":{"rendered":"<p>Querida comunidad,<\/p>\n<p>Antes de que comience mayo, nos gustar\u00eda ofreceros un breve repaso de un abril lleno de acontecimientos y al mismo tiempo un peque\u00f1o adelanto de lo que est\u00e1 por venir. Han sucedido muchas cosas en nuestra comunidad nuevamente: se han unido nuevos miembros, se han iniciado proyectos emocionantes y grandes eventos est\u00e1n a la vuelta de la esquina.<br \/>\n\u00a1Le deseamos unas vacaciones relajantes y un comienzo de mayo lleno de energ\u00eda! \u00a1Disfruta la lectura!<\/p>\n<h3>Nuevos miembros: \u00a1Bienvenidos a la comunidad de carga a\u00e9rea de Frankfurt!<\/h3>\n<p>Estamos muy contentos, <strong><a href=\"https:\/\/becon-projects.com\/\">BeCon Projects GmbH<\/a> <\/strong>\u00a1Como nuevo miembro de nuestra comunidad desde el 1 de abril!<br \/>\nEl equipo de BeCon Projects ofrece soluciones a medida en las \u00e1reas de flujo de materiales, consultor\u00eda estrat\u00e9gica y planificaci\u00f3n de infraestructura, todo con un concentrado de conocimientos t\u00e9cnicos: m\u00e1s de 200 a\u00f1os de experiencia en la industria del transporte a\u00e9reo hablan por s\u00ed solos. Hoy en d\u00eda, BeCon Projects es una de las principales empresas integrales de log\u00edstica del mundo. Ya se trate de optimizaci\u00f3n de procesos o de estrategias de fusiones y adquisiciones, la empresa ofrece asesoramiento s\u00f3lido, comunicaci\u00f3n clara y soluciones a medida de un solo proveedor.<br \/>\n\u00bfQu\u00e9 hace que BeCon sea especial? La creencia de que el \u00e9xito sostenible se basa en las asociaciones, el pragmatismo y una atenci\u00f3n atenta a los clientes.<\/p>\n<p>Tambi\u00e9n estamos contentos<strong><a href=\"https:\/\/www.webcargo.co\/\"> WebCargo de Freightos<\/a><\/strong> \u00a1Como nuevo miembro de la Comunidad de Carga A\u00e9rea Frankfurt eV!<br \/>\nWebCargo de Freightos es una plataforma de carga l\u00edder a nivel mundial que conecta aerol\u00edneas y transportistas. En particular, es la plataforma de reserva electr\u00f3nica de transporte a\u00e9reo m\u00e1s grande, que permite fijar precios y reservar carga de manera f\u00e1cil y eficiente entre miles de transportistas, incluidos los veinte principales transportistas mundiales y cientos de aerol\u00edneas y transportistas mar\u00edtimos. Las aerol\u00edneas en la plataforma representan m\u00e1s de 701 TP3T de capacidad de carga a\u00e9rea global. WebCargo tambi\u00e9n ofrece software como servicio para transportistas para facilitar la gesti\u00f3n de tarifas de flete digitales, cotizaciones y ventas en l\u00ednea.<\/p>\n<p>Esperamos trabajar con nuestros nuevos miembros e impulsar juntos la eficiencia y la innovaci\u00f3n en la carga a\u00e9rea. \u00a1Bienvenidos a bordo!<\/p>\n<p><img fetchpriority=\"high\" decoding=\"async\" src=\"https:\/\/www.aircargocommunity.com\/wp-content\/uploads\/neue-Mitglieder-1.png\" alt=\"\" width=\"1564\" height=\"1624\" srcset=\"https:\/\/www.aircargocommunity.com\/wp-content\/uploads\/neue-Mitglieder-1.png 1564w, https:\/\/www.aircargocommunity.com\/wp-content\/uploads\/neue-Mitglieder-1-289x300.png 289w, https:\/\/www.aircargocommunity.com\/wp-content\/uploads\/neue-Mitglieder-1-986x1024.png 986w, https:\/\/www.aircargocommunity.com\/wp-content\/uploads\/neue-Mitglieder-1-768x797.png 768w, https:\/\/www.aircargocommunity.com\/wp-content\/uploads\/neue-Mitglieder-1-1479x1536.png 1479w, https:\/\/www.aircargocommunity.com\/wp-content\/uploads\/neue-Mitglieder-1-12x12.png 12w\" sizes=\"(max-width: 1564px) 100vw, 1564px\" \/><\/p>\n<h3>La ACCF en el Simposio Mundial de Carga: networking internacional y nuevo impulso para Frankfurt<\/h3>\n<p>El <strong>Comunidad de carga a\u00e9rea de Frankfurt<\/strong> fue parte de la <strong>Simposio Mundial de Carga (WCS)<\/strong> de la IATA \u2013 este a\u00f1o en <strong>centro log\u00edstico din\u00e1mico de Dub\u00e1i<\/strong>. Como una de las plataformas globales m\u00e1s importantes para el transporte a\u00e9reo, la WCS ofreci\u00f3 la oportunidad perfecta para presentar nuestra comunidad a nivel internacional, obtener nueva inspiraci\u00f3n y expandir a\u00fan m\u00e1s nuestra red como comunidad.<\/p>\n<p>En el principio estaba el <strong>Intercambio con especialistas internacionales<\/strong>, especialmente la red de <strong>Futuros Ejecutivos de Carga A\u00e9rea (FACE)<\/strong>. El di\u00e1logo con j\u00f3venes talentos comprometidos de todo el mundo ha demostrado una vez m\u00e1s que el futuro de la industria depende de la cooperaci\u00f3n internacional y de nuevas ideas para resaltar las numerosas oportunidades profesionales en el transporte a\u00e9reo y la log\u00edstica.<\/p>\n<p>La WCS proporcion\u00f3 una plataforma valiosa para discutir nuestros <strong>Para entablar una conversaci\u00f3n m\u00e1s personal con los miembros<\/strong>, para hacer nuevos contactos y mostrar a los socios potenciales la <strong>Estructuras y m\u00e9todos de trabajo de la Comunidad de Carga A\u00e9rea de Frankfurt<\/strong> acercar. Para nosotros, el intercambio personal sigue siendo un componente central de una colaboraci\u00f3n exitosa en el sitio.<\/p>\n<p>Debido a la amplia gama de temas actuales de la industria, que se presentaron a trav\u00e9s de diversas conferencias y paneles, pudimos<strong> Impulsos para la <a href=\"http:\/\/www.air-cargo-conference.com\">Conferencia de carga a\u00e9rea<\/a><\/strong> el 3 y 4 de septiembre de 2025 en Frankfurt. Desde formatos innovadores hasta ideas emocionantes de los oradores e innovaciones orientadas al futuro, Dub\u00e1i ha aumentado nuestra expectativa por el <strong>10\u00ba aniversario de nuestra conferencia<\/strong> aument\u00f3 significativamente nuevamente.<\/p>\n<p>Estamos de vuelta en Frankfurt con mucha inspiraci\u00f3n y una red fortalecida, listos para dar los pr\u00f3ximos pasos junto con la comunidad.<\/p>\n<table style=\"height: 140px;width: 100%;border-collapse: collapse;border-color: #ffffff;background-color: #ffffff;border-style: none\">\n<tbody>\n<tr style=\"height: 140px\">\n<td style=\"width: 33.3333%;height: 140px;border-style: none;border-color: #FFFFFF;background-color: #ffffff\"><img decoding=\"async\" data-src=\"https:\/\/www.aircargocommunity.com\/wp-content\/uploads\/WCS_Dubai_02-scaled.jpg\" alt=\"\" width=\"2560\" height=\"1707\" src=\"data:image\/svg+xml;base64,PHN2ZyB3aWR0aD0iMSIgaGVpZ2h0PSIxIiB4bWxucz0iaHR0cDovL3d3dy53My5vcmcvMjAwMC9zdmciPjwvc3ZnPg==\" class=\"lazyload\" style=\"--smush-placeholder-width: 2560px; --smush-placeholder-aspect-ratio: 2560\/1707;\" data-srcset=\"https:\/\/www.aircargocommunity.com\/wp-content\/uploads\/WCS_Dubai_02-scaled.jpg 2560w, https:\/\/www.aircargocommunity.com\/wp-content\/uploads\/WCS_Dubai_02-300x200.jpg 300w, https:\/\/www.aircargocommunity.com\/wp-content\/uploads\/WCS_Dubai_02-1024x683.jpg 1024w, https:\/\/www.aircargocommunity.com\/wp-content\/uploads\/WCS_Dubai_02-768x512.jpg 768w, https:\/\/www.aircargocommunity.com\/wp-content\/uploads\/WCS_Dubai_02-1536x1024.jpg 1536w, https:\/\/www.aircargocommunity.com\/wp-content\/uploads\/WCS_Dubai_02-2048x1365.jpg 2048w, https:\/\/www.aircargocommunity.com\/wp-content\/uploads\/WCS_Dubai_02-18x12.jpg 18w\" data-sizes=\"auto\" data-original-sizes=\"(max-width: 2560px) 100vw, 2560px\" \/><\/td>\n<td style=\"width: 33.3333%;height: 140px;border-style: none;border-color: #FFFFFF;background-color: #ffffff\"><img decoding=\"async\" data-src=\"https:\/\/www.aircargocommunity.com\/wp-content\/uploads\/WCS_Dubai_01-scaled.jpg\" alt=\"\" width=\"2560\" height=\"1707\" src=\"data:image\/svg+xml;base64,PHN2ZyB3aWR0aD0iMSIgaGVpZ2h0PSIxIiB4bWxucz0iaHR0cDovL3d3dy53My5vcmcvMjAwMC9zdmciPjwvc3ZnPg==\" class=\"lazyload\" style=\"--smush-placeholder-width: 2560px; --smush-placeholder-aspect-ratio: 2560\/1707;\" data-srcset=\"https:\/\/www.aircargocommunity.com\/wp-content\/uploads\/WCS_Dubai_01-scaled.jpg 2560w, https:\/\/www.aircargocommunity.com\/wp-content\/uploads\/WCS_Dubai_01-300x200.jpg 300w, https:\/\/www.aircargocommunity.com\/wp-content\/uploads\/WCS_Dubai_01-1024x683.jpg 1024w, https:\/\/www.aircargocommunity.com\/wp-content\/uploads\/WCS_Dubai_01-768x512.jpg 768w, https:\/\/www.aircargocommunity.com\/wp-content\/uploads\/WCS_Dubai_01-1536x1024.jpg 1536w, https:\/\/www.aircargocommunity.com\/wp-content\/uploads\/WCS_Dubai_01-2048x1365.jpg 2048w, https:\/\/www.aircargocommunity.com\/wp-content\/uploads\/WCS_Dubai_01-18x12.jpg 18w\" data-sizes=\"auto\" data-original-sizes=\"(max-width: 2560px) 100vw, 2560px\" \/><\/td>\n<td style=\"width: 33.3333%;height: 140px;border-style: none;border-color: #FFFFFF;background-color: #ffffff\"><img decoding=\"async\" data-src=\"https:\/\/www.aircargocommunity.com\/wp-content\/uploads\/WCS_Dubai_03-scaled.jpg\" alt=\"\" width=\"2560\" height=\"1707\" src=\"data:image\/svg+xml;base64,PHN2ZyB3aWR0aD0iMSIgaGVpZ2h0PSIxIiB4bWxucz0iaHR0cDovL3d3dy53My5vcmcvMjAwMC9zdmciPjwvc3ZnPg==\" class=\"lazyload\" style=\"--smush-placeholder-width: 2560px; --smush-placeholder-aspect-ratio: 2560\/1707;\" data-srcset=\"https:\/\/www.aircargocommunity.com\/wp-content\/uploads\/WCS_Dubai_03-scaled.jpg 2560w, https:\/\/www.aircargocommunity.com\/wp-content\/uploads\/WCS_Dubai_03-300x200.jpg 300w, https:\/\/www.aircargocommunity.com\/wp-content\/uploads\/WCS_Dubai_03-1024x683.jpg 1024w, https:\/\/www.aircargocommunity.com\/wp-content\/uploads\/WCS_Dubai_03-768x512.jpg 768w, https:\/\/www.aircargocommunity.com\/wp-content\/uploads\/WCS_Dubai_03-1536x1024.jpg 1536w, https:\/\/www.aircargocommunity.com\/wp-content\/uploads\/WCS_Dubai_03-2048x1365.jpg 2048w, https:\/\/www.aircargocommunity.com\/wp-content\/uploads\/WCS_Dubai_03-18x12.jpg 18w\" data-sizes=\"auto\" data-original-sizes=\"(max-width: 2560px) 100vw, 2560px\" \/><\/td>\n<\/tr>\n<\/tbody>\n<\/table>\n<h3>Pr\u00f3xima parada de YACE: Centro de Concepto y Desarrollo de Boeing<\/h3>\n<p>En la tarde del 6 de mayo de 2025, los miembros de los J\u00f3venes Ejecutivos de Carga A\u00e9rea (YACE) tendr\u00e1n la oportunidad de <strong>Una mirada entre bastidores a una de las empresas aeroespaciales m\u00e1s importantes del mundo: el Centro de Concepto y Desarrollo de Boeing en Neu-Isenburg.<\/strong> abre sus puertas para una visita exclusiva. El centro es parte del panorama de innovaci\u00f3n de Boeing y ofrece informaci\u00f3n interesante sobre el desarrollo de tecnolog\u00edas orientadas al futuro para la aviaci\u00f3n, desde conceptos de cabina modernos y sistemas digitales hasta soluciones sustentables para la aviaci\u00f3n del futuro.<\/p>\n<p>Dado que el n\u00famero de participantes es limitado, solicitamos compromisos de participaci\u00f3n. <strong>Inscripciones hasta el 5 de mayo a las 12 h.<\/strong>. Los miembros de YACE interesados deben comunicarse con nosotros por correo electr\u00f3nico a <strong><a href=\"mailto:yace@fra-fr8.com\">Lea Walther<\/a><\/strong>. Las plazas se asignan por orden de llegada. Despu\u00e9s de registrarse exitosamente, la invitaci\u00f3n se enviar\u00e1 como una entrada de calendario.<\/p>\n<h3>Encuesta farmac\u00e9utica para el mapa \u00abFarmacia en FRA\u00bb<\/h3>\n<p>En el aeropuerto de Frankfurt, numerosas empresas a lo largo de toda la cadena log\u00edstica garantizan cada d\u00eda que los productos farmac\u00e9uticos se transporten de forma segura y con una calidad garantizada. Para hacer visible esta experiencia concentrada, se ha creado un<strong> Infograf\u00eda sobre \u201cPharma @FRA\u201d<\/strong>.<\/p>\n<p>Muestra qui\u00e9n contribuye activamente al \u00e9xito del transporte farmac\u00e9utico en el lugar: desde los proveedores de servicios de manipulaci\u00f3n y transporte hasta los servicios especializados. El gr\u00e1fico se utiliza en diversas publicaciones y medidas de comunicaci\u00f3n para <strong>Para mostrar la fuerza de la ubicaci\u00f3n al mundo exterior.<\/strong>.<\/p>\n<p>La participaci\u00f3n en la recopilaci\u00f3n de datos es voluntaria, pero ofrece la oportunidad de hacerse visible como parte de la presentaci\u00f3n de este sitio y demostrar el propio compromiso con el campo de la log\u00edstica farmac\u00e9utica.<\/p>\n<p>Las empresas relacionadas con el transporte de productos farmac\u00e9uticos en la sede de Frankfurt pueden <strong>a m\u00e1s tardar el 7 de mayo (EOB)<\/strong> Participa en la encuesta:<\/p>\n<p>\ud83d\udc49 <a href=\"https:\/\/forms.office.com\/pages\/responsepage.aspx?id=K1tCgHMgrkeYS_ue_8ttvhhxTTL3M2xKuBUbicMSGndUNVRLNzVPN0RWTFVNOEVMSTgzNzVRU1lCTS4u&amp;route=shorturl\">A la encuesta<\/a><\/p>\n<p>\u00a1Demostremos juntos lo fuerte que es Pharma @FRA!<\/p>\n<h3>Encuentro de hamburguesas comunitarias en Transport Logistic 2025:<br \/>\n\u00a1Ahora el 4 de junio!<\/h3>\n<p>Algunos de ustedes quiz\u00e1s ya lo hayan notado: Nuestro popular <strong>Evento de hamburguesas<\/strong> en el marco de <strong>log\u00edstica de transporte<\/strong> No se llevar\u00e1 a cabo este a\u00f1o como estaba previsto originalmente, sino que se ha pospuesto.<strong> Mi\u00e9rcoles 4 de junio de 2025<\/strong> demora. El motivo de esto es un conflicto de fechas en el calendario ferial.<\/p>\n<p>Estamos muy contentos de darle la bienvenida a este nuevo evento en un ambiente relajado, con deliciosas hamburguesas, bebidas frescas y buenas conversaciones en medio del ajetreo y el bullicio de la feria comercial.<br \/>\n<strong>Reserva la fecha: \u00a1nos vemos el 4 de junio!<\/strong><\/p>\n<p><img decoding=\"async\" data-src=\"https:\/\/www.aircargocommunity.com\/wp-content\/uploads\/Happy-Burger-Day-Flyer-LinkedIn-Beitrag.png\" alt=\"\" width=\"1200\" height=\"1200\" src=\"data:image\/svg+xml;base64,PHN2ZyB3aWR0aD0iMSIgaGVpZ2h0PSIxIiB4bWxucz0iaHR0cDovL3d3dy53My5vcmcvMjAwMC9zdmciPjwvc3ZnPg==\" class=\"lazyload\" style=\"--smush-placeholder-width: 1200px; --smush-placeholder-aspect-ratio: 1200\/1200;\" data-srcset=\"https:\/\/www.aircargocommunity.com\/wp-content\/uploads\/Happy-Burger-Day-Flyer-LinkedIn-Beitrag.png 1200w, https:\/\/www.aircargocommunity.com\/wp-content\/uploads\/Happy-Burger-Day-Flyer-LinkedIn-Beitrag-300x300.png 300w, https:\/\/www.aircargocommunity.com\/wp-content\/uploads\/Happy-Burger-Day-Flyer-LinkedIn-Beitrag-1024x1024.png 1024w, https:\/\/www.aircargocommunity.com\/wp-content\/uploads\/Happy-Burger-Day-Flyer-LinkedIn-Beitrag-150x150.png 150w, https:\/\/www.aircargocommunity.com\/wp-content\/uploads\/Happy-Burger-Day-Flyer-LinkedIn-Beitrag-768x768.png 768w, https:\/\/www.aircargocommunity.com\/wp-content\/uploads\/Happy-Burger-Day-Flyer-LinkedIn-Beitrag-12x12.png 12w\" data-sizes=\"auto\" data-original-sizes=\"(max-width: 1200px) 100vw, 1200px\" \/><\/p>\n<h3>Cumbre de H\u00e9roes de Datos de Langosta 2025<\/h3>\n<p>\u00a1Nos complace informarle sobre un evento especial organizado por uno de los miembros de nuestra comunidad!<br \/>\nLobster Logistics Cloud le invita cordialmente al Lobster Data Hero Summit 2025, un formato apasionante que promete informaci\u00f3n valiosa, intercambio e inspiraci\u00f3n.<\/p>\n<p>A continuaci\u00f3n encontrar\u00e1 todos los detalles sobre el evento: \u00a1una gran oportunidad para establecer contactos y obtener nueva inspiraci\u00f3n!<\/p>\n<table style=\"border-collapse: collapse;width: 100%\">\n<tbody>\n<tr>\n<td style=\"width: 100%;background-color: #003b2c\"><img decoding=\"async\" class=\"wp-image-12321 size-full aligncenter lazyload\" data-src=\"https:\/\/www.aircargocommunity.com\/wp-content\/uploads\/Lobster-Data-Hero-Summit.png\" alt=\"\" width=\"600\" height=\"200\" data-srcset=\"https:\/\/www.aircargocommunity.com\/wp-content\/uploads\/Lobster-Data-Hero-Summit.png 600w, https:\/\/www.aircargocommunity.com\/wp-content\/uploads\/Lobster-Data-Hero-Summit-300x100.png 300w, https:\/\/www.aircargocommunity.com\/wp-content\/uploads\/Lobster-Data-Hero-Summit-18x6.png 18w\" data-sizes=\"auto\" src=\"data:image\/svg+xml;base64,PHN2ZyB3aWR0aD0iMSIgaGVpZ2h0PSIxIiB4bWxucz0iaHR0cDovL3d3dy53My5vcmcvMjAwMC9zdmciPjwvc3ZnPg==\" style=\"--smush-placeholder-width: 600px; --smush-placeholder-aspect-ratio: 600\/200;\" data-original-sizes=\"(max-width: 600px) 100vw, 600px\" \/><\/td>\n<\/tr>\n<tr>\n<td style=\"width: 100%;border-color: #003B2C;border-style: groove\"><strong>El futuro de los datos est\u00e1 conectado: \u00bfser\u00e1s parte de \u00e9l?<\/strong><\/p>\n<p>Nos complace invitarlo a la \u00fanica conferencia de datos de Alemania que prioriza a las personas: la <a href=\"https:\/\/www.lobster-world.com\/en\/data-hero-summit\/#summit-registration\">Cumbre de H\u00e9roes de Datos de Langosta 2025<\/a>\u00a1En vivo y en el sitio!<br \/>\nYa sea que trabaje en log\u00edstica, fabricaci\u00f3n, venta minorista u otra industria impulsada por datos, esta cumbre es su oportunidad de conectarse con l\u00edderes de la industria, innovadores y l\u00edderes de opini\u00f3n que impulsan el cambio en los negocios, la tecnolog\u00eda y ESG.<\/p>\n<p><strong>\ud83d\udccd Cu\u00e1ndo: <\/strong>14 de mayo de 2025<\/p>\n<p><strong>\ud83d\udccdD\u00f3nde: <\/strong>Palacio de exposiciones de M\u00fanich<\/p>\n<p><strong>Qu\u00e9 puedes esperar:<\/strong><\/p>\n<p>\u2714\ufe0f Keynotes exclusivos<\/p>\n<p>\u2714\ufe0f Anuncios que cambian el juego<\/p>\n<p>\u2714\ufe0f Comunidad y colaboraci\u00f3n<\/p>\n<p>\u2714\ufe0f Informaci\u00f3n pr\u00e1ctica<\/p>\n<p>\u2714\ufe0f Noche de networking<\/p>\n<p><strong>Oradores destacados:<\/strong><\/p>\n<p>\ud83c\udfa4 Anu Bradford \u2013 Voz l\u00edder en geopol\u00edtica, la UE y la econom\u00eda digital<\/p>\n<p>\ud83c\udfa4 Annahita Esmailzadeh \u2013 Ejecutiva tecnol\u00f3gica galardonada que redefine el liderazgo en la era digital<\/p>\n<p>Dra. Nicola Kimm \u2013 Experta global en ESG, ex directora de estrategia de Heidelberg Materials<\/p>\n<p>\ud83c\udfa4 Tim Srock \u2013 Director ejecutivo de Lobster<\/p>\n<p>La agenda completa se puede encontrar aqu\u00ed: <a href=\"https:\/\/www.lobster-world.com\/en\/data-hero-summit\/#summit-agenda\">https:\/\/www.lobster-world.com\/en\/data-hero-summit\/#summit-agenda<\/a><\/p>\n<p>Esta es tu oportunidad de unirte al debate e interactuar con cientos de h\u00e9roes de datos en cinco etapas que presentan contenido innovador.<\/p>\n<p>Las plazas son limitadas. Reg\u00edstrate ahora:<a href=\"https:\/\/www.lobster-world.com\/en\/data-hero-summit\/\"> https:\/\/www.lobster-world.com\/en\/data-hero-summit\/<\/a><\/p>\n<p>Tenga en cuenta: este es un evento en persona, es necesario registrarse.<\/td>\n<\/tr>\n<\/tbody>\n<\/table>\n<p>&nbsp;<\/p>\n<p>\u00bfLas noticias de la comunidad una vez al mes no te parecen suficientes? Entonces por favor visite nuestro <a href=\"https:\/\/www.linkedin.com\/company\/69530642\/admin\/dashboard\/\">canal de LinkedIn<\/a> \u2013 lo mejor es suscribirse directamente.<\/p>\n<p>\u00bfTiene alguna pregunta o comentario? \u00a1Esperamos su mensaje o llamada!<\/p>\n<p>Atentamente<br \/>\nSu equipo de Air Cargo Community Frankfurt eV<\/p>","protected":false},"excerpt":{"rendered":"<p>Antes de comenzar mayo, recordamos un abril lleno de acontecimientos en la comunidad de carga a\u00e9rea de Frankfurt: dos nuevos miembros, BeCon Projects y WebCargo de Freightos, se unieron a la comunidad, estuvimos representados en el Simposio Mundial de Carga en Dubai y un verdadero momento destacado para nuestros j\u00f3venes talentos fue la visita de YACE a Boeing. Por \u00faltimo, pero no por ello menos importante, nos gustar\u00eda recordarle la encuesta farmac\u00e9utica actual y la pr\u00f3xima Lobster Data Hero Summit que tendr\u00e1 lugar el 14 de mayo en M\u00fanich. \u00a1Disfruta de la lectura y pasa unas felices vacaciones!<\/p>","protected":false},"author":4,"featured_media":12398,"comment_status":"closed","ping_status":"closed","sticky":false,"template":"","format":"standard","meta":{"_acf_changed":false,"wds_primary_category":0,"footnotes":""},"categories":[5],"tags":[],"class_list":["post-12312","post","type-post","status-publish","format-standard","has-post-thumbnail","hentry","category-frachtpost"],"acf":[],"_links":{"self":[{"href":"https:\/\/www.aircargocommunity.com\/es\/wp-json\/wp\/v2\/posts\/12312","targetHints":{"allow":["GET"]}}],"collection":[{"href":"https:\/\/www.aircargocommunity.com\/es\/wp-json\/wp\/v2\/posts"}],"about":[{"href":"https:\/\/www.aircargocommunity.com\/es\/wp-json\/wp\/v2\/types\/post"}],"author":[{"embeddable":true,"href":"https:\/\/www.aircargocommunity.com\/es\/wp-json\/wp\/v2\/users\/4"}],"replies":[{"embeddable":true,"href":"https:\/\/www.aircargocommunity.com\/es\/wp-json\/wp\/v2\/comments?post=12312"}],"version-history":[{"count":25,"href":"https:\/\/www.aircargocommunity.com\/es\/wp-json\/wp\/v2\/posts\/12312\/revisions"}],"predecessor-version":[{"id":12399,"href":"https:\/\/www.aircargocommunity.com\/es\/wp-json\/wp\/v2\/posts\/12312\/revisions\/12399"}],"wp:featuredmedia":[{"embeddable":true,"href":"https:\/\/www.aircargocommunity.com\/es\/wp-json\/wp\/v2\/media\/12398"}],"wp:attachment":[{"href":"https:\/\/www.aircargocommunity.com\/es\/wp-json\/wp\/v2\/media?parent=12312"}],"wp:term":[{"taxonomy":"category","embeddable":true,"href":"https:\/\/www.aircargocommunity.com\/es\/wp-json\/wp\/v2\/categories?post=12312"},{"taxonomy":"post_tag","embeddable":true,"href":"https:\/\/www.aircargocommunity.com\/es\/wp-json\/wp\/v2\/tags?post=12312"}],"curies":[{"name":"wp","href":"https:\/\/api.w.org\/{rel}","templated":true}]}}