{"id":1420,"date":"2023-01-06T08:00:42","date_gmt":"2023-01-06T07:00:42","guid":{"rendered":"https:\/\/aircargocommunity.com\/?p=1420"},"modified":"2024-07-25T14:34:20","modified_gmt":"2024-07-25T12:34:20","slug":"happy-new-year-restart-air-cargo-community-frankfurt","status":"publish","type":"post","link":"https:\/\/www.aircargocommunity.com\/es\/news\/frachtpost\/happy-new-year-restart-air-cargo-community-frankfurt\/","title":{"rendered":"Feliz a\u00f1o nuevo y reinicio de la comunidad de carga a\u00e9rea de Frankfurt"},"content":{"rendered":"<p>Querida comunidad,<br \/>\nEsperamos que haya encontrado un comienzo saludable para el nuevo a\u00f1o. Le deseamos un buen comienzo y mucho \u00e9xito para sus proyectos en 2023.<br \/>\nA principios de a\u00f1o nuevo queremos informaros de algunas novedades:<\/p>\n<h3><strong>Nuevo equipo de Air Cargo Community Frankfurt<\/strong><\/h3>\n<p><img fetchpriority=\"high\" decoding=\"async\" class=\"wp-image-1421 alignleft\" src=\"http:\/\/aircargocommunity.com\/wp-content\/uploads\/Teamfoto-Frachtpost-225x300.jpg\" alt=\"\" width=\"257\" height=\"342\" srcset=\"https:\/\/www.aircargocommunity.com\/wp-content\/uploads\/Teamfoto-Frachtpost-225x300.jpg 225w, https:\/\/www.aircargocommunity.com\/wp-content\/uploads\/Teamfoto-Frachtpost-768x1024.jpg 768w, https:\/\/www.aircargocommunity.com\/wp-content\/uploads\/Teamfoto-Frachtpost-1152x1536.jpg 1152w, https:\/\/www.aircargocommunity.com\/wp-content\/uploads\/Teamfoto-Frachtpost.jpg 1512w\" sizes=\"(max-width: 257px) 100vw, 257px\" \/><\/p>\n<p>Nos complace anunciar que el equipo de Air Cargo Community ha recibido apoyo desde principios de a\u00f1o. Adem\u00e1s de Felix Toepsch como nuevo director general, damos la bienvenida al equipo a Mandy Anslinger como directora de oficina y eventos. Mandy ya ha asumido tareas individuales para Air Cargo Community en los \u00faltimos a\u00f1os, por lo que muchos de ustedes ya la conocer\u00e1n.<br \/>\nPuede comunicarse con nuestro equipo utilizando los siguientes datos de contacto. Esperamos tener noticias suyas y estamos disponibles en cualquier momento para responder sus preguntas, sugerencias, solicitudes y comentarios.<br \/>\n<a href=\"mailto:m.anslinger@fra-fr8.com\" data-cke-saved-href=\"mailto:m.anslinger@fra-fr8.com\">m.anslinger@fra-fr8.com<\/a> \/ +49 (0) 152 01917232<br \/>\n<a href=\"mailto:f.toepsch@fra-fr8.com\" data-cke-saved-href=\"mailto:f.toepsch@fra-fr8.com\">f.toepsch@fra-fr8.com<\/a> \/ +49 (0) 173 1620418<br \/>\n<a href=\"mailto:l.walther@fra-fr8.com\" data-cke-saved-href=\"mailto:l.walther@fra-fr8.com\">l.walther@fra-fr8.com<\/a> \/ +49 (0) 152 53129966<br \/>\n<a href=\"mailto:g.engelbart@fra-fr8.com\" data-cke-saved-href=\"mailto:g.engelbart@fra-fr8.com\">g.engelbart@fra-fr8.com<\/a> \/ +49 (0) 151 58930030<\/p>\n<h3><strong>Los proyectos del proceso conjunto contin\u00faan y se est\u00e1n enfocando<\/strong><\/h3>\n<p>En relaci\u00f3n con la nueva estructura de personal, estructuraremos los temas para 2023. Los proyectos de procesos conjuntos de la Air Cargo Community desempe\u00f1an un papel importante en esto. Lea Walther tambi\u00e9n se har\u00e1 cargo de la direcci\u00f3n del proyecto \u201cCommon Pre-Check\u201d. Adem\u00e1s, el proyecto \u201cSpeedgate 2.0\u201d se relanzar\u00e1 a corto plazo, por lo que esperamos los primeros resultados provisionales en el primer semestre de 2023. Proporcionaremos informaci\u00f3n por separado sobre esto en las pr\u00f3ximas semanas.<br \/>\nLos proyectos apuntan a lograr una optimizaci\u00f3n inmediata para las operaciones y nuestra comunidad. Para ello, necesitamos su experiencia y su cooperaci\u00f3n. Por lo tanto, nos comunicaremos con usted por separado con respecto a sus necesidades de soporte.<\/p>\n<h3><strong>Revisi\u00f3n del correo de carga.<\/strong><\/h3>\n<p>Para que podamos trabajar juntos dentro de la comunidad, la apertura y la transparencia, as\u00ed como el intercambio regular de informaci\u00f3n, son importantes para nosotros. Por eso nos gustar\u00eda mantenerle informado sobre temas de actualidad.<\/p>\n<p>Ya conoce el FRachtpost, que proporciona informaci\u00f3n sobre eventos e hitos en la comunidad de carga a\u00e9rea. Sobre esta base, nos gustar\u00eda informar con m\u00e1s detalle sobre el progreso del proyecto y el contenido t\u00e9cnico en el futuro. Para ello, actualmente estamos revisando el concepto de puesto de mercanc\u00edas. Esperamos sus sugerencias o deseos.<\/p>\n<p>El nuevo equipo de Air Cargo Community Frankfurt les desea un buen comienzo de a\u00f1o. Esperamos trabajar juntos en 2023.<\/p>\n<p>Felix Toepsch, Grit Engelbart, Lea Walther, Mandy Anslinger<\/p>","protected":false},"excerpt":{"rendered":"<p>La Air Cargo Community Frankfurt comienza el a\u00f1o 2023 con nuevos miembros del equipo: Felix Toepsch es el nuevo director general y Mandy Anslinger ha sido contratada como Office &amp; Event Manager.<br \/>\nPara 2023, los proyectos de procesos conjuntos de la comunidad, como \u201cCommon Pre-Check\u201d y \u201cSpeedgate 2.0\u201d, continuar\u00e1n y se desarrollar\u00e1n a\u00fan m\u00e1s para lograr optimizaciones en las operaciones. Lea Walther lidera el proyecto \u201cCommon Pre-Check\u201d y se espera que los primeros resultados de \u201cSpeedgate 2.0\u201d est\u00e9n disponibles en el primer semestre de 2023.<br \/>\nEl FRachtpost, el medio de informaci\u00f3n de la comunidad, est\u00e1 siendo revisado para informar peri\u00f3dicamente sobre el progreso del proyecto y el contenido t\u00e9cnico. Se aceptan sugerencias y solicitudes sobre el transporte de correo.<br \/>\nEl nuevo equipo les desea a todos un exitoso 2023 y espera trabajar juntos.<\/p>","protected":false},"author":4,"featured_media":1423,"comment_status":"closed","ping_status":"closed","sticky":false,"template":"","format":"standard","meta":{"_acf_changed":false,"wds_primary_category":5,"footnotes":""},"categories":[5],"tags":[],"class_list":["post-1420","post","type-post","status-publish","format-standard","has-post-thumbnail","hentry","category-frachtpost"],"acf":[],"_links":{"self":[{"href":"https:\/\/www.aircargocommunity.com\/es\/wp-json\/wp\/v2\/posts\/1420","targetHints":{"allow":["GET"]}}],"collection":[{"href":"https:\/\/www.aircargocommunity.com\/es\/wp-json\/wp\/v2\/posts"}],"about":[{"href":"https:\/\/www.aircargocommunity.com\/es\/wp-json\/wp\/v2\/types\/post"}],"author":[{"embeddable":true,"href":"https:\/\/www.aircargocommunity.com\/es\/wp-json\/wp\/v2\/users\/4"}],"replies":[{"embeddable":true,"href":"https:\/\/www.aircargocommunity.com\/es\/wp-json\/wp\/v2\/comments?post=1420"}],"version-history":[{"count":6,"href":"https:\/\/www.aircargocommunity.com\/es\/wp-json\/wp\/v2\/posts\/1420\/revisions"}],"predecessor-version":[{"id":6169,"href":"https:\/\/www.aircargocommunity.com\/es\/wp-json\/wp\/v2\/posts\/1420\/revisions\/6169"}],"wp:featuredmedia":[{"embeddable":true,"href":"https:\/\/www.aircargocommunity.com\/es\/wp-json\/wp\/v2\/media\/1423"}],"wp:attachment":[{"href":"https:\/\/www.aircargocommunity.com\/es\/wp-json\/wp\/v2\/media?parent=1420"}],"wp:term":[{"taxonomy":"category","embeddable":true,"href":"https:\/\/www.aircargocommunity.com\/es\/wp-json\/wp\/v2\/categories?post=1420"},{"taxonomy":"post_tag","embeddable":true,"href":"https:\/\/www.aircargocommunity.com\/es\/wp-json\/wp\/v2\/tags?post=1420"}],"curies":[{"name":"wp","href":"https:\/\/api.w.org\/{rel}","templated":true}]}}