{"id":1438,"date":"2023-04-03T08:00:52","date_gmt":"2023-04-03T06:00:52","guid":{"rendered":"https:\/\/aircargocommunity.com\/?p=1438"},"modified":"2024-07-25T14:34:49","modified_gmt":"2024-07-25T12:34:49","slug":"community-news-maerz-2023","status":"publish","type":"post","link":"https:\/\/www.aircargocommunity.com\/es\/news\/frachtpost\/community-news-maerz-2023\/","title":{"rendered":"Noticias de la comunidad marzo 2023"},"content":{"rendered":"<h3>Nuevos miembros \u2013 Bienvenidos a la comunidad<\/h3>\n<p>Nos complace haber podido dar la bienvenida a tres nuevos miembros de Air Cargo Community Frankfurt eV en marzo.<\/p>\n<p>El <strong>CB Agente de Aduanas GmbH<\/strong> es una agencia de aduanas de servicio completo y experta en despacho de aduanas a medida y soluciones aduaneras digitales.<\/p>\n<p>Con el <strong>HT RFS Soluciones GmbH<\/strong> la comunidad gana otro proveedor de servicios de transporte a\u00e9reo y, por tanto, un miembro m\u00e1s en el grupo de los \u201ctransitarios\u201d.<\/p>\n<p>Como empresa de manipulaci\u00f3n de mercanc\u00edas y otro importante socio de sistemas en la sede de FRA, tambi\u00e9n damos la bienvenida a <strong>WISAG Ground Service Frankfurt GmbH &amp; Co. KG.<\/strong><\/p>\n<p>Esperamos contar con m\u00e1s experiencia y cooperaci\u00f3n en materia de transporte: \u00a1bienvenidos!<\/p>\n<p><img decoding=\"async\" data-src=\"\/site\/assets\/files\/2613\/neue_mitglieder.500x0-is.jpg\" alt=\"\" width=\"500\" data-cke-saved-data-src=\"\/site\/assets\/files\/2613\/neue_mitglieder.500x0-is.jpg\" src=\"data:image\/svg+xml;base64,PHN2ZyB3aWR0aD0iMSIgaGVpZ2h0PSIxIiB4bWxucz0iaHR0cDovL3d3dy53My5vcmcvMjAwMC9zdmciPjwvc3ZnPg==\" class=\"lazyload\" \/><img fetchpriority=\"high\" decoding=\"async\" class=\"size-medium wp-image-1443 aligncenter\" src=\"http:\/\/aircargocommunity.com\/wp-content\/uploads\/neue-Mitglieder-289x300.jpg\" alt=\"\" width=\"289\" height=\"300\" srcset=\"https:\/\/www.aircargocommunity.com\/wp-content\/uploads\/neue-Mitglieder-289x300.jpg 289w, https:\/\/www.aircargocommunity.com\/wp-content\/uploads\/neue-Mitglieder-987x1024.jpg 987w, https:\/\/www.aircargocommunity.com\/wp-content\/uploads\/neue-Mitglieder-768x797.jpg 768w, https:\/\/www.aircargocommunity.com\/wp-content\/uploads\/neue-Mitglieder-1480x1536.jpg 1480w, https:\/\/www.aircargocommunity.com\/wp-content\/uploads\/neue-Mitglieder.jpg 1564w\" sizes=\"(max-width: 289px) 100vw, 289px\" \/><\/p>\n<h3>Encuesta para miembros: \u00a1su opini\u00f3n es importante para nosotros!<\/h3>\n<p>Para crear el mayor valor agregado posible para la comunidad y nuestros miembros, lideramos <strong>realiz\u00f3 una encuesta general para miembros en abril<\/strong>. Con la ayuda de sus comentarios, nos gustar\u00eda priorizar las actividades de la comunidad y establecer prioridades organizativas y de contenido. Al mismo tiempo, nos gustar\u00eda utilizar sus comentarios para que el desarrollo del trabajo comunitario sea mensurable.<\/p>\n<p><img decoding=\"async\" data-src=\"\/site\/assets\/files\/2613\/feedback.500x0-is.jpg\" alt=\"\" width=\"500\" data-cke-saved-data-src=\"\/site\/assets\/files\/2613\/feedback.500x0-is.jpg\" src=\"data:image\/svg+xml;base64,PHN2ZyB3aWR0aD0iMSIgaGVpZ2h0PSIxIiB4bWxucz0iaHR0cDovL3d3dy53My5vcmcvMjAwMC9zdmciPjwvc3ZnPg==\" class=\"lazyload\" \/><img decoding=\"async\" class=\"size-medium wp-image-1441 aligncenter lazyload\" data-src=\"http:\/\/aircargocommunity.com\/wp-content\/uploads\/Feedback-300x290.jpg\" alt=\"\" width=\"300\" height=\"290\" data-srcset=\"https:\/\/www.aircargocommunity.com\/wp-content\/uploads\/Feedback-300x290.jpg 300w, https:\/\/www.aircargocommunity.com\/wp-content\/uploads\/Feedback.jpg 605w\" data-sizes=\"auto\" src=\"data:image\/svg+xml;base64,PHN2ZyB3aWR0aD0iMSIgaGVpZ2h0PSIxIiB4bWxucz0iaHR0cDovL3d3dy53My5vcmcvMjAwMC9zdmciPjwvc3ZnPg==\" style=\"--smush-placeholder-width: 300px; --smush-placeholder-aspect-ratio: 300\/290;\" data-original-sizes=\"(max-width: 300px) 100vw, 300px\" \/><\/p>\n<p>Como miembro de Air Cargo Community, recibir\u00e1s la encuesta en la primera semana de abril.<\/p>\n<h3>Nueva estructura del equipo de competencias \u2013 convocatoria de participaci\u00f3n<\/h3>\n<p>Adem\u00e1s de los proyectos, los equipos de competencia de ACCF desempe\u00f1an un papel central en el desarrollo y la implementaci\u00f3n de medidas en el sitio. Despu\u00e9s de que la colaboraci\u00f3n se volvi\u00f3 m\u00e1s dif\u00edcil debido a la pandemia y la crisis, estamos reorganizando los equipos de competencia y llamando a todos los miembros a participar. La anterior \u201cTrucker Round\u201d se incorporar\u00e1 como un equipo de competencia independiente de \u201cTrucking\u201d. El equipo de competencias &quot;Comunicaci\u00f3n y marketing&quot; asume una funci\u00f3n transversal, porque la comunicaci\u00f3n dirigida es esencial en todos los temas t\u00e9cnicos.<\/p>\n<p><img decoding=\"async\" data-src=\"\/site\/assets\/files\/2613\/ktl-struktur.800x0-is.jpg\" alt=\"\" width=\"800\" data-cke-saved-data-src=\"\/site\/assets\/files\/2613\/ktl-struktur.800x0-is.jpg\" src=\"data:image\/svg+xml;base64,PHN2ZyB3aWR0aD0iMSIgaGVpZ2h0PSIxIiB4bWxucz0iaHR0cDovL3d3dy53My5vcmcvMjAwMC9zdmciPjwvc3ZnPg==\" class=\"lazyload\" \/><img decoding=\"async\" class=\"size-medium wp-image-1442 aligncenter lazyload\" data-src=\"http:\/\/aircargocommunity.com\/wp-content\/uploads\/KTL-Struktur-300x165.jpg\" alt=\"\" width=\"300\" height=\"165\" data-srcset=\"https:\/\/www.aircargocommunity.com\/wp-content\/uploads\/KTL-Struktur-300x165.jpg 300w, https:\/\/www.aircargocommunity.com\/wp-content\/uploads\/KTL-Struktur-1024x562.jpg 1024w, https:\/\/www.aircargocommunity.com\/wp-content\/uploads\/KTL-Struktur-768x421.jpg 768w, https:\/\/www.aircargocommunity.com\/wp-content\/uploads\/KTL-Struktur.jpg 1178w\" data-sizes=\"auto\" src=\"data:image\/svg+xml;base64,PHN2ZyB3aWR0aD0iMSIgaGVpZ2h0PSIxIiB4bWxucz0iaHR0cDovL3d3dy53My5vcmcvMjAwMC9zdmciPjwvc3ZnPg==\" style=\"--smush-placeholder-width: 300px; --smush-placeholder-aspect-ratio: 300\/165;\" data-original-sizes=\"(max-width: 300px) 100vw, 300px\" \/><\/p>\n<p>Como miembro, recibir\u00e1 a principios de abril una lista detallada de los equipos de competencia, incluidas las medidas ya identificadas. Esperamos tener noticias suyas sobre nuestra cooperaci\u00f3n, que por supuesto puede enviarnos ahora.\u00a0<a href=\"mailto:info@fra-fr8.com\" data-cke-saved-href=\"mailto:info@fra-fr8.com\">info@fra-fr8.com<\/a> puede comunicarse.<\/p>\n<h3>V Di\u00e1logo Regional Transporte A\u00e9reo \u2013 Intercambio exitoso entre transporte a\u00e9reo y pol\u00edtica<\/h3>\n<p>El aeropuerto de Frankfurt es un im\u00e1n para los negocios y un generador de empleo. Por lo tanto, es necesario reforzar su posici\u00f3n competitiva, afirm\u00f3 Stephanie W\u00fcst, jefa del departamento econ\u00f3mico, en el V Di\u00e1logo Regional sobre Transporte A\u00e9reo de la ACCF eV el 29 de marzo.<\/p>\n<p><img decoding=\"async\" data-src=\"\/site\/assets\/files\/2613\/2023_rd.500x0-is.jpg\" alt=\"\" width=\"500\" data-cke-saved-data-src=\"\/site\/assets\/files\/2613\/2023_rd.500x0-is.jpg\" src=\"data:image\/svg+xml;base64,PHN2ZyB3aWR0aD0iMSIgaGVpZ2h0PSIxIiB4bWxucz0iaHR0cDovL3d3dy53My5vcmcvMjAwMC9zdmciPjwvc3ZnPg==\" class=\"lazyload\" \/><img decoding=\"async\" class=\"size-medium wp-image-1439 aligncenter lazyload\" data-src=\"http:\/\/aircargocommunity.com\/wp-content\/uploads\/2023-RD-300x207.jpg\" alt=\"\" width=\"300\" height=\"207\" data-srcset=\"https:\/\/www.aircargocommunity.com\/wp-content\/uploads\/2023-RD-300x207.jpg 300w, https:\/\/www.aircargocommunity.com\/wp-content\/uploads\/2023-RD-1024x707.jpg 1024w, https:\/\/www.aircargocommunity.com\/wp-content\/uploads\/2023-RD-768x530.jpg 768w, https:\/\/www.aircargocommunity.com\/wp-content\/uploads\/2023-RD.jpg 1100w\" data-sizes=\"auto\" src=\"data:image\/svg+xml;base64,PHN2ZyB3aWR0aD0iMSIgaGVpZ2h0PSIxIiB4bWxucz0iaHR0cDovL3d3dy53My5vcmcvMjAwMC9zdmciPjwvc3ZnPg==\" style=\"--smush-placeholder-width: 300px; --smush-placeholder-aspect-ratio: 300\/207;\" data-original-sizes=\"(max-width: 300px) 100vw, 300px\" \/><\/p>\n<p>M\u00e1s de 60 participantes, entre ellos muchos representantes de la pol\u00edtica estatal y local, autoridades, desarrollo econ\u00f3mico y asociaciones, intercambiaron puntos de vista sobre el desempe\u00f1o y los temas actuales de la ubicaci\u00f3n de carga de FRA. El contenido se centr\u00f3 en el tema de la sostenibilidad. Una encuesta entre los miembros de la comunidad mostr\u00f3 qu\u00e9 medidas de sostenibilidad ya se est\u00e1n implementando.<\/p>\n<p>Se examinaron diversas dimensiones de la sostenibilidad, como las relaciones laborales y las condiciones de trabajo sostenibles, los objetivos de igualdad, la ayuda humanitaria pero, por supuesto, tambi\u00e9n la protecci\u00f3n del clima y el medio ambiente.<\/p>\n<p>La encuesta muestra: Uno de cada dos miembros de la comunidad est\u00e1 certificado en el \u00e1mbito de la protecci\u00f3n del clima y del medio ambiente y uno de cada tres ha fijado objetivos claros de sostenibilidad, que se persiguen sistem\u00e1ticamente.<\/p>\n<p>Como comunidad, estamos siguiendo el tema y lo invitamos a un \u201cIntercambio de Sostenibilidad de ACCF\u201d en el segundo trimestre para examinar el potencial y las medidas conjuntas de sostenibilidad de la comunidad.<\/p>\n<h3>Exitosa jornada de conocimiento profesional de la ACCF y LTC con ProArbeit Kreis Offenbach, DACHSER &amp; CHI<\/h3>\n<p>Bajo el lema &quot;Somos los fabricantes de carga&quot;, el 22 de febrero de 2023, 15 asesores laborales de ProArbeit visitaron los lugares de trabajo de log\u00edstica de almac\u00e9n y manipulaci\u00f3n de mercanc\u00edas en el aeropuerto de Frankfurt. En las instalaciones del Logistic Training Center GmbH en Neu-Isenburg tuvo lugar un evento de presentaci\u00f3n.<\/p>\n<p><img decoding=\"async\" data-src=\"\/site\/assets\/files\/2613\/bkt.500x0-is.jpg\" alt=\"\" width=\"500\" data-cke-saved-data-src=\"\/site\/assets\/files\/2613\/bkt.500x0-is.jpg\" src=\"data:image\/svg+xml;base64,PHN2ZyB3aWR0aD0iMSIgaGVpZ2h0PSIxIiB4bWxucz0iaHR0cDovL3d3dy53My5vcmcvMjAwMC9zdmciPjwvc3ZnPg==\" class=\"lazyload\" \/><img decoding=\"async\" class=\"size-medium wp-image-1440 aligncenter lazyload\" data-src=\"http:\/\/aircargocommunity.com\/wp-content\/uploads\/BKT-300x225.jpg\" alt=\"\" width=\"300\" height=\"225\" data-srcset=\"https:\/\/www.aircargocommunity.com\/wp-content\/uploads\/BKT-300x225.jpg 300w, https:\/\/www.aircargocommunity.com\/wp-content\/uploads\/BKT.jpg 605w\" data-sizes=\"auto\" src=\"data:image\/svg+xml;base64,PHN2ZyB3aWR0aD0iMSIgaGVpZ2h0PSIxIiB4bWxucz0iaHR0cDovL3d3dy53My5vcmcvMjAwMC9zdmciPjwvc3ZnPg==\" style=\"--smush-placeholder-width: 300px; --smush-placeholder-aspect-ratio: 300\/225;\" data-original-sizes=\"(max-width: 300px) 100vw, 300px\" \/><\/p>\n<p>A continuaci\u00f3n se visitaron el DACHSER SE AIR &amp; Sea Logistic Center Frankfurt y un almac\u00e9n de carga a\u00e9rea operado por CHI Deutschland Cargo Handling GmbH. Surgi\u00f3 mucha informaci\u00f3n sobre el interesante trabajo en log\u00edstica. Los asesores laborales pudieron comprobar c\u00f3mo funciona digitalmente un almac\u00e9n log\u00edstico y observar en una sala de manipulaci\u00f3n de mercanc\u00edas c\u00f3mo funciona un perro detector de explosivos o c\u00f3mo se construye un palet para transporte a\u00e9reo. Los participantes nos agradecieron las interesantes ideas.<\/p>\n<p>Nos gustar\u00eda agradecer a nuestros miembros DACHSER, CHI y al Centro de Capacitaci\u00f3n Log\u00edstica por su apoyo y la exitosa presentaci\u00f3n del lugar.<\/p>\n<p>Para obtener m\u00e1s informaci\u00f3n, comun\u00edquese con el equipo de Air Cargo Community.<\/p>\n<p>Agradecemos en cualquier momento sus deseos y sugerencias sobre nuestros temas y esperamos su mensaje o llamada.<\/p>\n<p>Atentamente<\/p>\n<p>Su equipo de Air Cargo Community Frankfurt<\/p>","protected":false},"excerpt":{"rendered":"<p>La Air Cargo Community Frankfurt da la bienvenida en marzo a tres nuevos miembros: CB Customs Broker GmbH (agencia de aduanas), HT RFS Solutions GmbH (proveedor de servicios de transporte a\u00e9reo) y WISAG Ground Service Frankfurt GmbH &amp; Co. KG (manipulaci\u00f3n de carga).<br \/>\nEn abril se llevar\u00e1 a cabo una encuesta entre los miembros para priorizar las actividades comunitarias y hacer que el desarrollo sea mensurable.<br \/>\nSe reestructurar\u00e1n los equipos de competencias, incluido un nuevo equipo de \u201cTrucking\u201d y el equipo de \u201cComunicaciones y Marketing\u201d. Los miembros est\u00e1n invitados a participar.<br \/>\nEl 29 de marzo se llev\u00f3 a cabo el V Di\u00e1logo Regional con enfoque en sostenibilidad. M\u00e1s de 60 participantes de la pol\u00edtica, empresas y asociaciones discutieron sobre las medidas de desempe\u00f1o y sostenibilidad de la sede de Frankfurt.<br \/>\nEl 22 de febrero, la ACCF, junto con ProArbeit, DACHSER y CHI, presentaron los lugares de trabajo de log\u00edstica de almac\u00e9n y manipulaci\u00f3n de carga en el aeropuerto de Frankfurt. Los asesores laborales recibieron informaci\u00f3n sobre la log\u00edstica digital y los procesos de trabajo in situ.<\/p>","protected":false},"author":4,"featured_media":1445,"comment_status":"closed","ping_status":"closed","sticky":false,"template":"","format":"standard","meta":{"_acf_changed":false,"wds_primary_category":5,"footnotes":""},"categories":[5],"tags":[],"class_list":["post-1438","post","type-post","status-publish","format-standard","has-post-thumbnail","hentry","category-frachtpost"],"acf":[],"_links":{"self":[{"href":"https:\/\/www.aircargocommunity.com\/es\/wp-json\/wp\/v2\/posts\/1438","targetHints":{"allow":["GET"]}}],"collection":[{"href":"https:\/\/www.aircargocommunity.com\/es\/wp-json\/wp\/v2\/posts"}],"about":[{"href":"https:\/\/www.aircargocommunity.com\/es\/wp-json\/wp\/v2\/types\/post"}],"author":[{"embeddable":true,"href":"https:\/\/www.aircargocommunity.com\/es\/wp-json\/wp\/v2\/users\/4"}],"replies":[{"embeddable":true,"href":"https:\/\/www.aircargocommunity.com\/es\/wp-json\/wp\/v2\/comments?post=1438"}],"version-history":[{"count":3,"href":"https:\/\/www.aircargocommunity.com\/es\/wp-json\/wp\/v2\/posts\/1438\/revisions"}],"predecessor-version":[{"id":1448,"href":"https:\/\/www.aircargocommunity.com\/es\/wp-json\/wp\/v2\/posts\/1438\/revisions\/1448"}],"wp:featuredmedia":[{"embeddable":true,"href":"https:\/\/www.aircargocommunity.com\/es\/wp-json\/wp\/v2\/media\/1445"}],"wp:attachment":[{"href":"https:\/\/www.aircargocommunity.com\/es\/wp-json\/wp\/v2\/media?parent=1438"}],"wp:term":[{"taxonomy":"category","embeddable":true,"href":"https:\/\/www.aircargocommunity.com\/es\/wp-json\/wp\/v2\/categories?post=1438"},{"taxonomy":"post_tag","embeddable":true,"href":"https:\/\/www.aircargocommunity.com\/es\/wp-json\/wp\/v2\/tags?post=1438"}],"curies":[{"name":"wp","href":"https:\/\/api.w.org\/{rel}","templated":true}]}}