{"id":1450,"date":"2023-04-27T08:00:42","date_gmt":"2023-04-27T06:00:42","guid":{"rendered":"https:\/\/aircargocommunity.com\/?p=1450"},"modified":"2024-07-25T14:35:04","modified_gmt":"2024-07-25T12:35:04","slug":"community-news-april-2023","status":"publish","type":"post","link":"https:\/\/www.aircargocommunity.com\/es\/news\/frachtpost\/community-news-april-2023\/","title":{"rendered":"Noticias de la comunidad abril 2023"},"content":{"rendered":"<h3>Nuevos miembros \u2013 Bienvenidos a la comunidad<\/h3>\n<p>Nos complace dar la bienvenida a nuevos miembros a Air Cargo Community Frankfurt eV en abril:<br \/>\nEl <strong>Air Tech Transporte &amp; Log\u00edstica GmbH<\/strong> es un proveedor de servicios de transporte internacional con una extensa red europea. y el <strong>Todos los servicios de seguridad Services GmbH<\/strong> opera como proveedor de servicios a nivel nacional en las \u00e1reas de seguridad y servicio, aviaci\u00f3n, llamadas de emergencia y centro de control de servicios\/servicios m\u00f3viles.<\/p>\n<p>Ambos nuevos miembros enriquecer\u00e1n en el futuro el grupo IV: \u201cOtros proveedores de servicios en el \u00e1mbito del transporte a\u00e9reo de mercanc\u00edas\u201d.<\/p>\n<p>Esperamos trabajar juntos: \u00a1bienvenidos!<\/p>\n<p><a href=\"\/es\/site\/assets\/files\/2635\/air-tech_allservice.png\/\" data-cke-saved-href=\"\/site\/assets\/files\/2635\/air-tech_allservice.png\"><img decoding=\"async\" data-src=\"\/site\/assets\/files\/2635\/air-tech_allservice.500x0-is-pid2613.png\" alt=\"\" width=\"500\" data-cke-saved-data-src=\"\/site\/assets\/files\/2635\/air-tech_allservice.500x0-is-pid2613.png\" src=\"data:image\/svg+xml;base64,PHN2ZyB3aWR0aD0iMSIgaGVpZ2h0PSIxIiB4bWxucz0iaHR0cDovL3d3dy53My5vcmcvMjAwMC9zdmciPjwvc3ZnPg==\" class=\"lazyload\" \/><img fetchpriority=\"high\" decoding=\"async\" class=\"aligncenter wp-image-1452 size-full\" src=\"http:\/\/aircargocommunity.com\/wp-content\/uploads\/Air-Tech_AllService.png\" alt=\"\" width=\"1564\" height=\"1623\" srcset=\"https:\/\/www.aircargocommunity.com\/wp-content\/uploads\/Air-Tech_AllService.png 1564w, https:\/\/www.aircargocommunity.com\/wp-content\/uploads\/Air-Tech_AllService-289x300.png 289w, https:\/\/www.aircargocommunity.com\/wp-content\/uploads\/Air-Tech_AllService-987x1024.png 987w, https:\/\/www.aircargocommunity.com\/wp-content\/uploads\/Air-Tech_AllService-768x797.png 768w, https:\/\/www.aircargocommunity.com\/wp-content\/uploads\/Air-Tech_AllService-1480x1536.png 1480w\" sizes=\"(max-width: 1564px) 100vw, 1564px\" \/><\/a><\/p>\n<h3>Pascua en FRA<\/h3>\n<p><img decoding=\"async\" class=\"size-medium wp-image-1451 alignleft lazyload\" data-src=\"http:\/\/aircargocommunity.com\/wp-content\/uploads\/2023_Osteraktion-300x225.jpg\" alt=\"\" width=\"300\" height=\"225\" data-srcset=\"https:\/\/www.aircargocommunity.com\/wp-content\/uploads\/2023_Osteraktion-300x225.jpg 300w, https:\/\/www.aircargocommunity.com\/wp-content\/uploads\/2023_Osteraktion-768x577.jpg 768w, https:\/\/www.aircargocommunity.com\/wp-content\/uploads\/2023_Osteraktion.jpg 783w\" data-sizes=\"auto\" src=\"data:image\/svg+xml;base64,PHN2ZyB3aWR0aD0iMSIgaGVpZ2h0PSIxIiB4bWxucz0iaHR0cDovL3d3dy53My5vcmcvMjAwMC9zdmciPjwvc3ZnPg==\" style=\"--smush-placeholder-width: 300px; --smush-placeholder-aspect-ratio: 300\/225;\" data-original-sizes=\"(max-width: 300px) 100vw, 300px\" \/><\/p>\n<p><img decoding=\"async\" data-src=\"\/site\/assets\/files\/2635\/2023_osteraktion.500x0-is.jpg\" alt=\"\" width=\"500\" data-cke-saved-data-src=\"\/site\/assets\/files\/2635\/2023_osteraktion.500x0-is.jpg\" src=\"data:image\/svg+xml;base64,PHN2ZyB3aWR0aD0iMSIgaGVpZ2h0PSIxIiB4bWxucz0iaHR0cDovL3d3dy53My5vcmcvMjAwMC9zdmciPjwvc3ZnPg==\" class=\"lazyload\" \/>El transporte a\u00e9reo suele estar en su apogeo, especialmente durante el per\u00edodo de Semana Santa. A pesar de las vacaciones, la comunidad est\u00e1 en FRA y garantiza los procesos de transporte a\u00e9reo. Para endulzar el per\u00edodo de Pascua en la FRA, la semana anterior a Pascua se distribuyeron nuevamente conejitos de chocolate a los colegas operativos. Esperamos que el refuerzo haya sido bienvenido.<\/p>\n<p>Muchas gracias a los numerosos compa\u00f1eros que mantienen todo funcionando todos los d\u00edas, especialmente en d\u00edas festivos.<\/p>\n<h3><\/h3>\n<h3><\/h3>\n<h3>Charla informal de YACE con Timo Stroh<\/h3>\n<p>La primera charla informal de este a\u00f1o tuvo lugar el 20 de abril en un ambiente acogedor. El <strong>J\u00f3venes Ejecutivos de Carga A\u00e9rea (YACE)<\/strong> fueron invitados <strong>Timo Stroh<\/strong> en las instalaciones del <strong>DACHSER SE<\/strong>.<\/p>\n<p>Los j\u00f3venes profesionales de nuestras empresas miembro tuvieron la oportunidad de echar un vistazo detr\u00e1s de la fachada del Director Global de Transporte A\u00e9reo y Ciencias de la Vida y Atenci\u00f3n M\u00e9dica: trayectoria profesional, hitos, actitud hacia el equilibrio entre vida personal y laboral y prioridades en la vida, pero tambi\u00e9n lo que se debe evitar. . El di\u00e1logo proporcion\u00f3 a los j\u00f3venes profesionales nuevas ideas y les dio una o dos ideas a lo largo del camino.<img decoding=\"async\" data-src=\"\/site\/assets\/files\/2635\/kamingespraech_01.500x0-is.jpg\" alt=\"\" width=\"500\" data-cke-saved-data-src=\"\/site\/assets\/files\/2635\/kamingespraech_01.500x0-is.jpg\" src=\"data:image\/svg+xml;base64,PHN2ZyB3aWR0aD0iMSIgaGVpZ2h0PSIxIiB4bWxucz0iaHR0cDovL3d3dy53My5vcmcvMjAwMC9zdmciPjwvc3ZnPg==\" class=\"lazyload\" \/><img decoding=\"async\" class=\"size-medium wp-image-1456 alignright lazyload\" data-src=\"http:\/\/aircargocommunity.com\/wp-content\/uploads\/Kamingespraech_02-300x225.jpg\" alt=\"\" width=\"300\" height=\"225\" data-srcset=\"https:\/\/www.aircargocommunity.com\/wp-content\/uploads\/Kamingespraech_02-300x225.jpg 300w, https:\/\/www.aircargocommunity.com\/wp-content\/uploads\/Kamingespraech_02-1024x768.jpg 1024w, https:\/\/www.aircargocommunity.com\/wp-content\/uploads\/Kamingespraech_02-768x576.jpg 768w, https:\/\/www.aircargocommunity.com\/wp-content\/uploads\/Kamingespraech_02-1536x1152.jpg 1536w, https:\/\/www.aircargocommunity.com\/wp-content\/uploads\/Kamingespraech_02.jpg 2048w\" data-sizes=\"auto\" src=\"data:image\/svg+xml;base64,PHN2ZyB3aWR0aD0iMSIgaGVpZ2h0PSIxIiB4bWxucz0iaHR0cDovL3d3dy53My5vcmcvMjAwMC9zdmciPjwvc3ZnPg==\" style=\"--smush-placeholder-width: 300px; --smush-placeholder-aspect-ratio: 300\/225;\" data-original-sizes=\"(max-width: 300px) 100vw, 300px\" \/><\/p>\n<p>\u00a1Estamos contentos de que el formato haya tenido un comienzo tan positivo y esperamos con ansias la pr\u00f3xima charla informal!<\/p>\n<p>\u00bfTienes j\u00f3venes profesionales en tu empresa o eres uno t\u00fa mismo? Entonces por favor p\u00f3ngase en contacto <a href=\"mailto:l.walther@fra-fr8.com?subject=YACE\" target=\"_blank\" rel=\"noreferrer noopener\" data-cke-saved-href=\"mailto:l.walther@fra-fr8.com?subject=YACE\">Lea Walther<\/a>.<\/p>\n<h3>Informe de los equipos de competencia: Lanzamiento de \u201cCapital Humano\u201d y \u201cComunicaci\u00f3n y Marketing\u201d<\/h3>\n<p>En el FRachtpost de marzo os informamos sobre la nueva estructura del equipo de competencias. Nos complace haber recibido muchos comentarios despu\u00e9s de la convocatoria de participaci\u00f3n. Para garantizar que puedan participar el mayor n\u00famero posible de miembros, nos gustar\u00eda animar una vez m\u00e1s su participaci\u00f3n.<\/p>\n<p>A\u00fan puedes contactarnos <a href=\"mailto:m.anslinger@fra-fr8.com?subject=Mitarbeit%20Kompetenzteams\" target=\"_blank\" rel=\"noreferrer noopener\" data-cke-saved-href=\"mailto:m.anslinger@fra-fr8.com?subject=Mitarbeit%20Kompetenzteams\">Mandy Anslinger<\/a> a\u00a0<strong>Registrar cooperaci\u00f3n<\/strong>.<\/p>\n<p>La reuni\u00f3n inicial del equipo de competencia\u00a0<strong>Capital Humano<\/strong> tuvo lugar esta semana.<\/p>\n<p>Los objetivos generales del grupo de trabajo se establecieron en la reuni\u00f3n inicial. Esto incluye, entre otras cosas, la contrataci\u00f3n de personal cualificado para el lugar, el aumento del atractivo laboral (especialmente CCS) y los obst\u00e1culos (oficiales) de entrada para nuevos empleados (p. ej. Z\u00dcP). Para lograr los objetivos generales, se identificaron y asignaron medidas concretas a los objetivos. Las tres primeras medidas se desarrollar\u00e1n en peque\u00f1os grupos y se presentar\u00e1n en las pr\u00f3ximas reuniones del equipo de competencias. los tres\u00a0<strong>medidas activas<\/strong> son:<\/p>\n<ol>\n<li><strong>Concepci\u00f3n de una apariencia general de ACCF para ferias de empleo\/formaci\u00f3n<\/strong><br \/>\nEl objetivo es desarrollar un stand general, incluyendo material publicitario, arena, roll-ups, etc. El stand debe ser apto para diversas ferias de empleo.<\/li>\n<li><strong>Definici\u00f3n de requisitos para el portal de empleo de ACCF<\/strong><br \/>\nSe crear\u00e1 un portal de empleo central para los miembros de nuestra comunidad en el sitio web de ACCF. Los requisitos funcionales se compilan para el desarrollo de sitios web.<\/li>\n<li><strong>Dise\u00f1o de un concepto general para jornadas de conocimiento profesional en la FRA<\/strong><br \/>\nPara presentar el lugar de trabajo de FRA(cht), se celebrar\u00e1n nuevamente jornadas de conocimiento profesional. El programa y el contenido est\u00e1n configurados para este prop\u00f3sito.<\/li>\n<\/ol>\n<p>La pr\u00f3xima reuni\u00f3n del equipo de Capital Humano tendr\u00e1 lugar el 31 de mayo. a las 3 p.m. Si est\u00e1s interesado en trabajar juntos, por favor ponte en contacto. <a href=\"mailto:m.anslinger@fra-fr8.com?subject=KT%20Human%20Capital\" target=\"_blank\" rel=\"noreferrer noopener\" data-cke-saved-href=\"mailto:m.anslinger@fra-fr8.com?subject=KT%20Human%20Capital\">Mandy Anslinger<\/a>.<\/p>\n<p>El equipo de competencia\u00a0<strong>Comunicaci\u00f3n y M\u00e1rketing<\/strong> se re\u00fane el 4 de mayo a las 4 p.m. Lo principal aqu\u00ed es definir los objetivos y tareas del equipo y determinar las medidas para un mayor trabajo conjunto. \u00bfEst\u00e1s interesado en trabajar juntos? Aqu\u00ed tambi\u00e9n est\u00e1 <a title=\"Mandy Anslinger\" href=\"mailto:m.anslinger@fra-fr8.com?subject=KT%20Kommunikation%20%26%20Marketing\" target=\"_blank\" rel=\"noreferrer noopener\" data-cke-saved-href=\"mailto:m.anslinger@fra-fr8.com?subject=KT%20Kommunikation%20%26%20Marketing\">Mandy Anslinger<\/a> feliz de estar ah\u00ed para ti.<\/p>\n<p>\u00bfTiene alguna pregunta o sugerencia? \u00a1Esperamos su mensaje o llamada!<\/p>\n<p>Atentamente<\/p>\n<p>Su equipo en Air Cargo Community Frankfurt eV<\/p>","protected":false},"excerpt":{"rendered":"<p>En abril, la Air Cargo Community Frankfurt da la bienvenida a dos nuevos miembros: Air Tech Transport &amp; Logistics GmbH y All Service Security Services GmbH. Ambos enriquecen el grupo \u201cOtros proveedores de servicios en el \u00e1mbito del transporte a\u00e9reo de mercanc\u00edas\u201d.<br \/>\nDurante el pico de Semana Santa en el transporte a\u00e9reo, se distribuyeron conejitos de chocolate a los empleados operativos para agradecerles por su trabajo incluso durante las vacaciones.<br \/>\nLa primera charla informal del a\u00f1o tuvo lugar el 20 de abril. J\u00f3venes profesionales debatieron en un ambiente confortable sobre carreras y conciliaci\u00f3n entre vida personal y laboral con Timo Stroh de DACHSER SE.<br \/>\nLos nuevos equipos de competencias \u201cCapital Humano\u201d y \u201cComunicaci\u00f3n y Marketing\u201d han comenzado a trabajar. El equipo de \u201cCapital Humano\u201d ha definido medidas iniciales, entre ellas la participaci\u00f3n en ferias de empleo y la creaci\u00f3n de un portal de empleo. El equipo de Comunicaciones y Marketing se reunir\u00e1 el 4 de mayo para determinar sus objetivos y tareas.<\/p>","protected":false},"author":4,"featured_media":1455,"comment_status":"closed","ping_status":"closed","sticky":false,"template":"","format":"standard","meta":{"_acf_changed":false,"wds_primary_category":5,"footnotes":""},"categories":[5],"tags":[],"class_list":["post-1450","post","type-post","status-publish","format-standard","has-post-thumbnail","hentry","category-frachtpost"],"acf":[],"_links":{"self":[{"href":"https:\/\/www.aircargocommunity.com\/es\/wp-json\/wp\/v2\/posts\/1450","targetHints":{"allow":["GET"]}}],"collection":[{"href":"https:\/\/www.aircargocommunity.com\/es\/wp-json\/wp\/v2\/posts"}],"about":[{"href":"https:\/\/www.aircargocommunity.com\/es\/wp-json\/wp\/v2\/types\/post"}],"author":[{"embeddable":true,"href":"https:\/\/www.aircargocommunity.com\/es\/wp-json\/wp\/v2\/users\/4"}],"replies":[{"embeddable":true,"href":"https:\/\/www.aircargocommunity.com\/es\/wp-json\/wp\/v2\/comments?post=1450"}],"version-history":[{"count":5,"href":"https:\/\/www.aircargocommunity.com\/es\/wp-json\/wp\/v2\/posts\/1450\/revisions"}],"predecessor-version":[{"id":2404,"href":"https:\/\/www.aircargocommunity.com\/es\/wp-json\/wp\/v2\/posts\/1450\/revisions\/2404"}],"wp:featuredmedia":[{"embeddable":true,"href":"https:\/\/www.aircargocommunity.com\/es\/wp-json\/wp\/v2\/media\/1455"}],"wp:attachment":[{"href":"https:\/\/www.aircargocommunity.com\/es\/wp-json\/wp\/v2\/media?parent=1450"}],"wp:term":[{"taxonomy":"category","embeddable":true,"href":"https:\/\/www.aircargocommunity.com\/es\/wp-json\/wp\/v2\/categories?post=1450"},{"taxonomy":"post_tag","embeddable":true,"href":"https:\/\/www.aircargocommunity.com\/es\/wp-json\/wp\/v2\/tags?post=1450"}],"curies":[{"name":"wp","href":"https:\/\/api.w.org\/{rel}","templated":true}]}}