{"id":1460,"date":"2023-06-01T08:00:27","date_gmt":"2023-06-01T06:00:27","guid":{"rendered":"https:\/\/aircargocommunity.com\/?p=1460"},"modified":"2024-07-25T14:35:21","modified_gmt":"2024-07-25T12:35:21","slug":"community-news-mai-2023","status":"publish","type":"post","link":"https:\/\/www.aircargocommunity.com\/es\/news\/frachtpost\/community-news-mai-2023\/","title":{"rendered":"Noticias comunitarias Mayo 2023"},"content":{"rendered":"<h3>ese fue el<strong> Log\u00edstica de transporte 2023<\/strong><\/h3>\n<p>Despu\u00e9s de la pausa por el Covid, este a\u00f1o volvi\u00f3 a celebrarse en M\u00fanich la feria de log\u00edstica del transporte.<br \/>\nEl equipo de Air Cargo Community Frankfurt fue el punto de contacto para sus miembros en el stand del aeropuerto de Frankfurt. \u00a1En COM.juntos! El jueves por la tarde tuvieron la oportunidad de establecer contactos sobre las especialidades de Frankfurt.<\/p>\n<p><img decoding=\"async\" data-src=\"\/site\/assets\/files\/2724\/img_0114.600x0-is.jpg\" alt=\"\" width=\"600\" data-cke-saved-data-src=\"\/site\/assets\/files\/2724\/img_0114.600x0-is.jpg\" src=\"data:image\/svg+xml;base64,PHN2ZyB3aWR0aD0iMSIgaGVpZ2h0PSIxIiB4bWxucz0iaHR0cDovL3d3dy53My5vcmcvMjAwMC9zdmciPjwvc3ZnPg==\" class=\"lazyload\" \/>En el marco de la feria tambi\u00e9n tuvo lugar la segunda reuni\u00f3n de networking de las Comunidades Europeas de Carga (\u201cEuropean Cluster\u201d). En una reuni\u00f3n personal con colegas de los aeropuertos ADP, BRU y MAD se intercambiaron mejores pr\u00e1cticas, tendencias e ideas de proyectos conjuntos.<br \/>\nNos gustar\u00eda agradecer especialmente al equipo de Fraport AG por la oportunidad de compartir un stand de feria muy concurrido.<\/p>\n<h3>YACE se encuentra con FACE<\/h3>\n<p>Los Young Air Cargo Executives (YACE) de Frankfurt tuvieron la oportunidad de intercambiar ideas con otros j\u00f3venes profesionales en el marco del World Cargo Symposium en Estambul. YACE tambi\u00e9n jug\u00f3 un papel activo en el programa: Lea Walther inaugur\u00f3 la Cumbre de Futuros Ejecutivos de Carga A\u00e9rea (FACE) de la IATA con un discurso de apertura sobre el tema del desarrollo profesional en la industria de la aviaci\u00f3n despu\u00e9s de Corona.<\/p>\n<p><img decoding=\"async\" data-src=\"\/site\/assets\/files\/2724\/img_9446.3024x2768-cropx0y1209-is.500x0-is.jpg\" alt=\"\" width=\"500\" data-cke-saved-data-src=\"\/site\/assets\/files\/2724\/img_9446.3024x2768-cropx0y1209-is.500x0-is.jpg\" src=\"data:image\/svg+xml;base64,PHN2ZyB3aWR0aD0iMSIgaGVpZ2h0PSIxIiB4bWxucz0iaHR0cDovL3d3dy53My5vcmcvMjAwMC9zdmciPjwvc3ZnPg==\" class=\"lazyload\" \/><img fetchpriority=\"high\" decoding=\"async\" class=\"size-medium wp-image-1463 alignleft\" src=\"http:\/\/aircargocommunity.com\/wp-content\/uploads\/IMG_9446-225x300.jpg\" alt=\"\" width=\"225\" height=\"300\" srcset=\"https:\/\/www.aircargocommunity.com\/wp-content\/uploads\/IMG_9446-225x300.jpg 225w, https:\/\/www.aircargocommunity.com\/wp-content\/uploads\/IMG_9446-768x1024.jpg 768w, https:\/\/www.aircargocommunity.com\/wp-content\/uploads\/IMG_9446-1152x1536.jpg 1152w, https:\/\/www.aircargocommunity.com\/wp-content\/uploads\/IMG_9446-1536x2048.jpg 1536w, https:\/\/www.aircargocommunity.com\/wp-content\/uploads\/IMG_9446-scaled.jpg 1920w\" sizes=\"(max-width: 225px) 100vw, 225px\" \/><\/p>\n<p>Todo el orden del d\u00eda de la cumbre se centr\u00f3 en el lema &quot;Atraer nuevos talentos&quot; para hacer m\u00e1s transparentes las oportunidades profesionales de los j\u00f3venes en el transporte a\u00e9reo de carga y, al mismo tiempo, asegurar el futuro de nuestra industria. Los j\u00f3venes ejecutivos de Air Cargo regresaron a Frankfurt con nuevas ideas y motivaci\u00f3n para poner la industria bajo una nueva luz desde la perspectiva de la generaci\u00f3n m\u00e1s joven. Para obtener inspiraci\u00f3n y conocimientos sobre las trayectorias profesionales de conocidos representantes de la industria, ya se ha iniciado una serie de charlas informales que pasar\u00e1n a la siguiente ronda el 29 de junio. Esta vez, Diana Sch\u00f6neich, directora ejecutiva de Georgi Handling, hablar\u00e1 sobre su trayectoria y ofrecer\u00e1 una mirada entre bastidores del \u00e9xito.<\/p>\n<h3>Informe de los equipos de competencia:<\/h3>\n<h4>Con \u201cCapital Humano\u201d en la feria de formaci\u00f3n y empleo aeroportuario (fecha aplazada)<\/h4>\n<p>Un grupo de trabajo dentro del equipo de competencia \u201cCapital Humano\u201d prepara actualmente la presencia de Air Cargo Community en la feria de formaci\u00f3n y empleo del aeropuerto. La feria estaba programada para realizarse en Gateway Gardens los d\u00edas 16 y 17 de junio. Por motivos log\u00edsticos, el organizador cancel\u00f3 la feria con poca antelaci\u00f3n. Tan pronto como tengamos la fecha reprogramada, nos comunicaremos nuevamente con todos los miembros.<\/p>\n<h4>Equipo de competencia farmac\u00e9utica con nuevo folleto<\/h4>\n<p>En l\u00ednea con la feria de log\u00edstica de transporte en Munich, el equipo de competencia de Pharma complet\u00f3 el folleto para presentar los servicios y los datos clave relacionados con los productos farmac\u00e9uticos en el aeropuerto de Frankfurt. Este fue el primer paso para aumentar la visibilidad del lugar y promover la infraestructura existente. Actualmente, el \u201cMarketing Pharma\u201d se lleva a cabo en varios grupos de trabajo dentro del equipo de competencia Pharma en Frankfurt, junto con otros enfoques en procesos, transparencia y comunicaci\u00f3n en Pharma en Frankfurt. Si est\u00e1 interesado en ayudar a formar y as\u00ed participar activamente en el equipo de competencia farmac\u00e9utica, puede unirse <a href=\"mailto:l.walther@fra-fr8.com?subject=l.walther%40fra-fr8.com\" target=\"_blank\" rel=\"noreferrer noopener\" data-cke-saved-href=\"mailto:l.walther@fra-fr8.com?subject=l.walther%40fra-fr8.com\">Lea Walther<\/a> informe.<\/p>\n<p><img decoding=\"async\" data-src=\"\/site\/assets\/files\/2724\/img_9992.500x0-is.jpg\" alt=\"\" width=\"500\" data-cke-saved-data-src=\"\/site\/assets\/files\/2724\/img_9992.500x0-is.jpg\" src=\"data:image\/svg+xml;base64,PHN2ZyB3aWR0aD0iMSIgaGVpZ2h0PSIxIiB4bWxucz0iaHR0cDovL3d3dy53My5vcmcvMjAwMC9zdmciPjwvc3ZnPg==\" class=\"lazyload\" \/><img decoding=\"async\" class=\"size-medium wp-image-1461 aligncenter lazyload\" data-src=\"http:\/\/aircargocommunity.com\/wp-content\/uploads\/IMG_9992-300x169.jpg\" alt=\"\" width=\"300\" height=\"169\" data-srcset=\"https:\/\/www.aircargocommunity.com\/wp-content\/uploads\/IMG_9992-300x169.jpg 300w, https:\/\/www.aircargocommunity.com\/wp-content\/uploads\/IMG_9992-1024x576.jpg 1024w, https:\/\/www.aircargocommunity.com\/wp-content\/uploads\/IMG_9992-768x432.jpg 768w, https:\/\/www.aircargocommunity.com\/wp-content\/uploads\/IMG_9992-1536x864.jpg 1536w, https:\/\/www.aircargocommunity.com\/wp-content\/uploads\/IMG_9992-2048x1152.jpg 2048w\" data-sizes=\"auto\" src=\"data:image\/svg+xml;base64,PHN2ZyB3aWR0aD0iMSIgaGVpZ2h0PSIxIiB4bWxucz0iaHR0cDovL3d3dy53My5vcmcvMjAwMC9zdmciPjwvc3ZnPg==\" style=\"--smush-placeholder-width: 300px; --smush-placeholder-aspect-ratio: 300\/169;\" data-original-sizes=\"(max-width: 300px) 100vw, 300px\" \/><\/p>\n<h4>Sostenibilidad en la ACCF \u2013 Inicio del 1er Intercambio de Sostenibilidad<\/h4>\n<p>El 26 de mayo M\u00e1s de 20 representantes de la comunidad se reunieron para el primer Intercambio de Sostenibilidad. El objetivo del evento era establecer contactos con los respectivos expertos en sostenibilidad e identificar potenciales y medidas intercomunitarias.<br \/>\nNos gustar\u00eda agradecer especialmente a Radhika Ralhan y Susanne Klinger-Werner (UPS SCS), quienes brindaron a los participantes una descripci\u00f3n general de la estrategia de sustentabilidad de UPS como introducci\u00f3n tem\u00e1tica. Radhika enfatiz\u00f3 la importancia del intercambio entre empresas en el lugar y el acuerdo sobre objetivos comunes.<\/p>\n<p>En marzo, el di\u00e1logo regional de este a\u00f1o estuvo dedicado al tema de la sostenibilidad. Los resultados de este y los resultados de la \u00faltima encuesta de sostenibilidad de la ACCF formaron la base para un animado debate.<br \/>\n\u00bfQu\u00e9 sigue? \u2013 Tras el evento, los temas abiertos se estructuran y preparan en un peque\u00f1o grupo de diferentes empresas miembro. Muchas gracias de antemano a Harald Sieke, Radhika Ralhan, Niko Hossain, Johannes Fehl, Moritz T\u00f6lke y Steve John por su apoyo.<br \/>\nLos resultados ser\u00e1n luego presentados en una segunda Bolsa de Sostenibilidad para decidir sobre ellos y c\u00f3mo proceder.<\/p>\n<p>\u00bfTiene alguna pregunta o sugerencia? \u00a1Esperamos su mensaje o llamada!<\/p>\n<p>Atentamente<\/p>\n<p>Su equipo en Air Cargo Community Frankfurt eV<\/p>","protected":false},"excerpt":{"rendered":"<p>La Air Cargo Community Frankfurt estuvo presente en M\u00fanich, ofreci\u00f3 networking e intercambi\u00f3 ideas con otras comunidades de carga europeas.<br \/>\nYoung Air Cargo Executives (YACE) de Frankfurt particip\u00f3 en el World Cargo Symposium en Estambul. Lea Walther pronunci\u00f3 un discurso de apertura sobre el desarrollo profesional en la aviaci\u00f3n.<br \/>\nNoticias de los equipos de competencia: Human Capital se prepara para participar en la feria de empleo, la fecha ha sido pospuesta. Se cre\u00f3 un nuevo folleto sobre los servicios farmac\u00e9uticos en el aeropuerto de Frankfurt. El primer Intercambio de Sostenibilidad conect\u00f3 a expertos e identific\u00f3 objetivos comunes. <\/p>","protected":false},"author":4,"featured_media":1465,"comment_status":"closed","ping_status":"closed","sticky":false,"template":"","format":"standard","meta":{"_acf_changed":false,"wds_primary_category":5,"footnotes":""},"categories":[5],"tags":[],"class_list":["post-1460","post","type-post","status-publish","format-standard","has-post-thumbnail","hentry","category-frachtpost"],"acf":[],"_links":{"self":[{"href":"https:\/\/www.aircargocommunity.com\/es\/wp-json\/wp\/v2\/posts\/1460","targetHints":{"allow":["GET"]}}],"collection":[{"href":"https:\/\/www.aircargocommunity.com\/es\/wp-json\/wp\/v2\/posts"}],"about":[{"href":"https:\/\/www.aircargocommunity.com\/es\/wp-json\/wp\/v2\/types\/post"}],"author":[{"embeddable":true,"href":"https:\/\/www.aircargocommunity.com\/es\/wp-json\/wp\/v2\/users\/4"}],"replies":[{"embeddable":true,"href":"https:\/\/www.aircargocommunity.com\/es\/wp-json\/wp\/v2\/comments?post=1460"}],"version-history":[{"count":1,"href":"https:\/\/www.aircargocommunity.com\/es\/wp-json\/wp\/v2\/posts\/1460\/revisions"}],"predecessor-version":[{"id":1466,"href":"https:\/\/www.aircargocommunity.com\/es\/wp-json\/wp\/v2\/posts\/1460\/revisions\/1466"}],"wp:featuredmedia":[{"embeddable":true,"href":"https:\/\/www.aircargocommunity.com\/es\/wp-json\/wp\/v2\/media\/1465"}],"wp:attachment":[{"href":"https:\/\/www.aircargocommunity.com\/es\/wp-json\/wp\/v2\/media?parent=1460"}],"wp:term":[{"taxonomy":"category","embeddable":true,"href":"https:\/\/www.aircargocommunity.com\/es\/wp-json\/wp\/v2\/categories?post=1460"},{"taxonomy":"post_tag","embeddable":true,"href":"https:\/\/www.aircargocommunity.com\/es\/wp-json\/wp\/v2\/tags?post=1460"}],"curies":[{"name":"wp","href":"https:\/\/api.w.org\/{rel}","templated":true}]}}