{"id":1990,"date":"2024-03-28T08:00:33","date_gmt":"2024-03-28T07:00:33","guid":{"rendered":"https:\/\/aircargocommunity.com\/?p=1990"},"modified":"2024-07-25T17:04:08","modified_gmt":"2024-07-25T15:04:08","slug":"community-news-maerz-2024","status":"publish","type":"post","link":"https:\/\/www.aircargocommunity.com\/es\/news\/frachtpost\/community-news-maerz-2024\/","title":{"rendered":"Noticias Comunitarias Marzo 2024"},"content":{"rendered":"<p>Querida comunidad,<\/p>\n<p>Hoy nos gustar\u00eda informarles sobre nuestros temas de marzo:<\/p>\n<h3>Nuevos miembros \u2013 Bienvenidos a la comunidad<\/h3>\n<p>Estamos felices <strong>Aviaci\u00f3n de Hesse<\/strong> como miembro especial de la Air Cargo Community Frankfurt eV. Con su ubicaci\u00f3n central en la Casa de la Log\u00edstica y la Movilidad (HOLM) y su enfoque en conectar a los actores m\u00e1s importantes de la industria de la aviaci\u00f3n de Hesse, Hessen Aviation aporta una gran cantidad de conocimientos y un compromiso con la innovaci\u00f3n que complementa nuestra misi\u00f3n. Su compromiso con \u00e1reas como la aviaci\u00f3n sostenible, la digitalizaci\u00f3n y el avance de la pr\u00f3xima generaci\u00f3n de tecnolog\u00eda de aviaci\u00f3n se alinea bien con los objetivos de nuestra comunidad. Esperamos con inter\u00e9s las nuevas perspectivas y colaboraciones que fomentar\u00e1 esta asociaci\u00f3n.<\/p>\n<p>Tambi\u00e9n para ellos una c\u00e1lida bienvenida. <strong>Unilode Aviation Solutions GmbH<\/strong>. Con sede en Zurich, gestionan la flota subcontratada de ULD m\u00e1s grande del mundo y tienen la red global m\u00e1s grande para el mantenimiento y reparaci\u00f3n de contenedores, paletas y equipos de catering a bordo. Con m\u00e1s de 25 a\u00f1os de experiencia en el mercado, Unilode aporta conocimiento valioso a nuestra comunidad.<\/p>\n<p>Tambi\u00e9n te damos la bienvenida como nuevo miembro. <strong>Chapman Freeborn Airmarketing GmbH <\/strong>\u2013 el especialista mundial en ch\u00e1rter de aviones y apoyo a la aviaci\u00f3n, que se caracteriza por la innovaci\u00f3n, la experiencia y la profesionalidad. Fundada en 1973, tiene m\u00e1s de cuatro d\u00e9cadas de experiencia brindando soluciones especializadas en ch\u00e1rter de aviones para el transporte de pasajeros y carga. Con sucursales en todo el mundo, tambi\u00e9n estamos ampliando la red de nuestra comunidad.<\/p>\n<p>Por \u00faltimo, pero no menos importante, les damos la bienvenida como nuevo miembro de apoyo. <strong>CargoSoft GmbH<\/strong>. Los especialistas en software, que se fusionaron con DAKOSY AG en 2017, ofrecen con un equipo de 89 personas soluciones completas modernas y orientadas al futuro para todo el sector del transporte y la log\u00edstica. Es uno de los principales proveedores de software para empresas de transporte de carga internacionales y empresas industriales. Esperamos trabajar juntos.<\/p>\n<p>\u00a1Bienvenido a la comunidad!<\/p>\n<h3><img fetchpriority=\"high\" decoding=\"async\" class=\"aligncenter wp-image-2000 size-full\" src=\"https:\/\/www.aircargocommunity.com\/wp-content\/uploads\/Maerz2024.png\" alt=\"\" width=\"1563\" height=\"1624\" srcset=\"https:\/\/www.aircargocommunity.com\/wp-content\/uploads\/Maerz2024.png 1563w, https:\/\/www.aircargocommunity.com\/wp-content\/uploads\/Maerz2024-289x300.png 289w, https:\/\/www.aircargocommunity.com\/wp-content\/uploads\/Maerz2024-986x1024.png 986w, https:\/\/www.aircargocommunity.com\/wp-content\/uploads\/Maerz2024-768x798.png 768w, https:\/\/www.aircargocommunity.com\/wp-content\/uploads\/Maerz2024-1478x1536.png 1478w\" sizes=\"(max-width: 1563px) 100vw, 1563px\" \/><br \/>\nEl equipo de competencia de camiones recibe refuerzos<\/h3>\n<p>\u00ad<img decoding=\"async\" class=\"wp-image-1992 size-medium alignright lazyload\" data-src=\"http:\/\/aircargocommunity.com\/wp-content\/uploads\/BIAA3824-225x300.jpg\" alt=\"\" width=\"225\" height=\"300\" data-srcset=\"https:\/\/www.aircargocommunity.com\/wp-content\/uploads\/BIAA3824-225x300.jpg 225w, https:\/\/www.aircargocommunity.com\/wp-content\/uploads\/BIAA3824.jpg 768w\" data-sizes=\"auto\" src=\"data:image\/svg+xml;base64,PHN2ZyB3aWR0aD0iMSIgaGVpZ2h0PSIxIiB4bWxucz0iaHR0cDovL3d3dy53My5vcmcvMjAwMC9zdmciPjwvc3ZnPg==\" style=\"--smush-placeholder-width: 225px; --smush-placeholder-aspect-ratio: 225\/300;\" data-original-sizes=\"(max-width: 225px) 100vw, 225px\" \/><strong>Markus Gescheidle<\/strong> se ha unido a nuestro equipo de competencia de camiones como el nuevo l\u00edder del equipo de competencia. Junto con el l\u00edder del equipo de competencia existente, Patrick Hof, impulsar\u00e1 varios proyectos y generar\u00e1 valor agregado positivo para la comunidad del transporte por carretera con el equipo de competencia. Markus Gescheidle es conductor de camiones desde hace 20 a\u00f1os y actualmente es director de flota del Grupo CHI Frankfurt y director de tr\u00e1fico en CHI Trucking. Conoce la industria del transporte por carretera como nadie. Su experiencia y conocimiento ser\u00e1n de gran beneficio para el trabajo del equipo de competencia de camiones. \u00a1Bienvenido, Marcos!<\/p>\n<h3>La comunidad en la feria de formaci\u00f3n y empleo del aeropuerto<\/h3>\n<p>\u00ad<img decoding=\"async\" class=\"alignleft wp-image-1991 size-medium lazyload\" data-src=\"http:\/\/aircargocommunity.com\/wp-content\/uploads\/Airport-Ausbildungs-und-Jobmesse-144x300.png\" alt=\"\" width=\"144\" height=\"300\" data-srcset=\"https:\/\/www.aircargocommunity.com\/wp-content\/uploads\/Airport-Ausbildungs-und-Jobmesse-144x300.png 144w, https:\/\/www.aircargocommunity.com\/wp-content\/uploads\/Airport-Ausbildungs-und-Jobmesse.png 391w\" data-sizes=\"auto\" src=\"data:image\/svg+xml;base64,PHN2ZyB3aWR0aD0iMSIgaGVpZ2h0PSIxIiB4bWxucz0iaHR0cDovL3d3dy53My5vcmcvMjAwMC9zdmciPjwvc3ZnPg==\" style=\"--smush-placeholder-width: 144px; --smush-placeholder-aspect-ratio: 144\/300;\" data-original-sizes=\"(max-width: 144px) 100vw, 144px\" \/>Los d\u00edas 26 y 27 de abril, Air Cargo Community Frankfurt estar\u00e1 representada en la feria de formaci\u00f3n y empleo aeroportuaria en Gateway Gardens. Despu\u00e9s de nuestra consulta, nos complace estar all\u00ed junto con algunos coexpositores de nuestra comunidad: CARGO7, CB Customs Broker, CHI, FIEGE, Fraunhofer, Logistics4Pharma y UPS Supply Chain Solutions se encontrar\u00e1n debajo de la carpa comunitaria compartida. La feria est\u00e1 organizada y celebrada por Fraport y la Agencia Federal de Empleo. Puede encontrar m\u00e1s informaci\u00f3n en el sitio web.<\/p>\n<p>Conozca a los l\u00edderes del equipo de competencias de Capital Humano, Elke Wasser, directora general del Centro de Formaci\u00f3n Log\u00edstica, y a Felix Toepsch durante la feria.<br \/>\nEsperamos contar con numerosos futuros h\u00e9roes del transporte a\u00e9reo y un evento exitoso para toda la comunidad.<\/p>\n<h3>Conferencia de carga a\u00e9rea 2024: \u00a1est\u00e9 presente como partidario!<\/h3>\n<p>La Air Cargo Conference tendr\u00e1 lugar los d\u00edas 4 y 5 de septiembre en la Casa de la Log\u00edstica y la Movilidad (HOLM). Para que el evento de este a\u00f1o sea un \u00e9xito, invitamos cordialmente a las empresas interesadas a apoyar la Air Cargo Conference 2024. Como patrocinador, puede demostrar su compromiso con la industria, aumentar el conocimiento de su marca y ampliar sus conexiones con clientes y socios potenciales.<br \/>\n\u00bfLe gustar\u00eda tambi\u00e9n apoyar la Air Cargo Conference 2024 y actuar como patrocinador? Luego comun\u00edquese con Mandy Anslinger para recibir informaci\u00f3n sobre los distintos paquetes de patrocinio y asegurar su participaci\u00f3n.<br \/>\n\u00a1Trabajemos juntos para hacer de la Air Cargo Conference 2024 un evento \u00fanico en su clase!<\/p>\n<h3>Exitosa presencia en el World Cargo Symposium en Hong Kong<\/h3>\n<p>&quot;Mire a los empleados individualmente y recuerde siempre que una cultura de aprendizaje s\u00f3lida no solo afecta los resultados, sino tambi\u00e9n los ingresos&quot;.<\/p>\n<p><img decoding=\"async\" class=\"wp-image-2002 size-medium aligncenter lazyload\" data-src=\"http:\/\/aircargocommunity.com\/wp-content\/uploads\/0xc4sfAhoTG1-300x169.jpg\" alt=\"\" width=\"300\" height=\"169\" data-srcset=\"https:\/\/www.aircargocommunity.com\/wp-content\/uploads\/0xc4sfAhoTG1-300x169.jpg 300w, https:\/\/www.aircargocommunity.com\/wp-content\/uploads\/0xc4sfAhoTG1.jpg 768w\" data-sizes=\"auto\" src=\"data:image\/svg+xml;base64,PHN2ZyB3aWR0aD0iMSIgaGVpZ2h0PSIxIiB4bWxucz0iaHR0cDovL3d3dy53My5vcmcvMjAwMC9zdmciPjwvc3ZnPg==\" style=\"--smush-placeholder-width: 300px; --smush-placeholder-aspect-ratio: 300\/169;\" data-original-sizes=\"(max-width: 300px) 100vw, 300px\" \/><\/p>\n<p>Esta fue solo una de las numerosas sugerencias. <strong>Janina Meininger de CHI y miembro de nuestro equipo YACE<\/strong> durante el panel de discusi\u00f3n sobre People in Air Cargo en el escenario principal del IATA World Cargo Symposium. Janina estaba en el escenario con Alanood Obaid Alsuwaidi y Wilson Kwong. El panel de discusi\u00f3n fue moderado por Brendan Sullivan, quien formul\u00f3 preguntas clave sobre los desaf\u00edos que enfrentan las empresas al contratar nuevos empleados, c\u00f3mo los superan y qu\u00e9 historias de \u00e9xito vale la pena compartir.<\/p>\n<p>Los miembros de nuestra comunidad tambi\u00e9n estuvieron representados en el escenario en las corrientes de Sostenibilidad y Digitalizaci\u00f3n.<\/p>\n<p><img decoding=\"async\" class=\"wp-image-1994 size-medium aligncenter lazyload\" data-src=\"http:\/\/aircargocommunity.com\/wp-content\/uploads\/Image-19-e1718015828945-300x167.jpg\" alt=\"\" width=\"300\" height=\"167\" data-srcset=\"https:\/\/www.aircargocommunity.com\/wp-content\/uploads\/Image-19-e1718015828945-300x167.jpg 300w, https:\/\/www.aircargocommunity.com\/wp-content\/uploads\/Image-19-e1718015828945-768x428.jpg 768w, https:\/\/www.aircargocommunity.com\/wp-content\/uploads\/Image-19-e1718015828945.jpg 1024w\" data-sizes=\"auto\" src=\"data:image\/svg+xml;base64,PHN2ZyB3aWR0aD0iMSIgaGVpZ2h0PSIxIiB4bWxucz0iaHR0cDovL3d3dy53My5vcmcvMjAwMC9zdmciPjwvc3ZnPg==\" style=\"--smush-placeholder-width: 300px; --smush-placeholder-aspect-ratio: 300\/167;\" data-original-sizes=\"(max-width: 300px) 100vw, 300px\" \/><\/p>\n<p><strong>Harald Sieke de Fraunhofer IML<\/strong> Comenz\u00f3 con una presentaci\u00f3n del enfoque de investigaci\u00f3n para el desarrollo tecnol\u00f3gico y la innovaci\u00f3n desde los almacenes hasta las aeronaves. El instituto investiga enfoques digitales e innovadores para dar forma al futuro de la carga a\u00e9rea mediante el desarrollo de soluciones tanto aut\u00f3nomas como respetuosas con el medio ambiente. La combinaci\u00f3n de estos dos componentes es claramente la clave para inventar el futuro.<\/p>\n<p><img decoding=\"async\" class=\"wp-image-1995 size-medium aligncenter lazyload\" data-src=\"http:\/\/aircargocommunity.com\/wp-content\/uploads\/Image-20-e1718015950307-300x158.jpg\" alt=\"\" width=\"300\" height=\"158\" data-srcset=\"https:\/\/www.aircargocommunity.com\/wp-content\/uploads\/Image-20-e1718015950307-300x158.jpg 300w, https:\/\/www.aircargocommunity.com\/wp-content\/uploads\/Image-20-e1718015950307-768x406.jpg 768w, https:\/\/www.aircargocommunity.com\/wp-content\/uploads\/Image-20-e1718015950307.jpg 1024w\" data-sizes=\"auto\" src=\"data:image\/svg+xml;base64,PHN2ZyB3aWR0aD0iMSIgaGVpZ2h0PSIxIiB4bWxucz0iaHR0cDovL3d3dy53My5vcmcvMjAwMC9zdmciPjwvc3ZnPg==\" style=\"--smush-placeholder-width: 300px; --smush-placeholder-aspect-ratio: 300\/158;\" data-original-sizes=\"(max-width: 300px) 100vw, 300px\" \/><\/p>\n<p>Destacado con miras a enfoques sostenibles <strong>Nicole Mies<\/strong> la comprensi\u00f3n de la sostenibilidad <strong>Lufthansa carga<\/strong>. La estrategia es clara: reducir, reciclar y reutilizar los materiales producidos y necesarios a lo largo de la cadena de suministro de carga a\u00e9rea. Pero va m\u00e1s all\u00e1: el reciclaje es el nuevo enfoque para aprovechar al m\u00e1ximo los dispositivos usados. As\u00ed se cre\u00f3 material de oficina, bolsas de deporte y muchos otros art\u00edculos.<\/p>\n<p style=\"padding-left: 80px\"><img decoding=\"async\" class=\"wp-image-1996 size-medium lazyload\" data-src=\"http:\/\/aircargocommunity.com\/wp-content\/uploads\/Image-21-300x225.jpg\" alt=\"\" width=\"300\" height=\"225\" data-srcset=\"https:\/\/www.aircargocommunity.com\/wp-content\/uploads\/Image-21-300x225.jpg 300w, https:\/\/www.aircargocommunity.com\/wp-content\/uploads\/Image-21-768x576.jpg 768w, https:\/\/www.aircargocommunity.com\/wp-content\/uploads\/Image-21.jpg 1024w\" data-sizes=\"auto\" src=\"data:image\/svg+xml;base64,PHN2ZyB3aWR0aD0iMSIgaGVpZ2h0PSIxIiB4bWxucz0iaHR0cDovL3d3dy53My5vcmcvMjAwMC9zdmciPjwvc3ZnPg==\" style=\"--smush-placeholder-width: 300px; --smush-placeholder-aspect-ratio: 300\/225;\" data-original-sizes=\"(max-width: 300px) 100vw, 300px\" \/> <img decoding=\"async\" class=\"alignnone wp-image-1997 size-medium lazyload\" data-src=\"http:\/\/aircargocommunity.com\/wp-content\/uploads\/Image-22-e1718016076254-300x225.jpg\" alt=\"\" width=\"300\" height=\"225\" data-srcset=\"https:\/\/www.aircargocommunity.com\/wp-content\/uploads\/Image-22-e1718016076254-300x225.jpg 300w, https:\/\/www.aircargocommunity.com\/wp-content\/uploads\/Image-22-e1718016076254.jpg 768w\" data-sizes=\"auto\" src=\"data:image\/svg+xml;base64,PHN2ZyB3aWR0aD0iMSIgaGVpZ2h0PSIxIiB4bWxucz0iaHR0cDovL3d3dy53My5vcmcvMjAwMC9zdmciPjwvc3ZnPg==\" style=\"--smush-placeholder-width: 300px; --smush-placeholder-aspect-ratio: 300\/225;\" data-original-sizes=\"(max-width: 300px) 100vw, 300px\" \/><\/p>\n<p><strong>Oliver Ditz de Fraunhofer IML y Moritz K\u00f6hler de Lufthansa Cargo<\/strong> anunci\u00f3 noticias muy positivas: ONE Record y el software de servidor DTAC NE:ONE est\u00e1n entrando en producci\u00f3n. \u00a1Felicitaciones por este gran logro! El software es de c\u00f3digo abierto y toda la comunidad de carga a\u00e9rea est\u00e1 invitada a participar.<\/p>\n<p>\u00a1Felicitaciones por este gran logro! El software es de c\u00f3digo abierto y toda la comunidad de carga a\u00e9rea est\u00e1 invitada a participar.<\/p>\n<p><img decoding=\"async\" class=\"wp-image-1998 size-medium aligncenter lazyload\" data-src=\"http:\/\/aircargocommunity.com\/wp-content\/uploads\/Image-23-e1718016275112-300x173.jpg\" alt=\"\" width=\"300\" height=\"173\" data-srcset=\"https:\/\/www.aircargocommunity.com\/wp-content\/uploads\/Image-23-e1718016275112-300x173.jpg 300w, https:\/\/www.aircargocommunity.com\/wp-content\/uploads\/Image-23-e1718016275112-768x443.jpg 768w, https:\/\/www.aircargocommunity.com\/wp-content\/uploads\/Image-23-e1718016275112.jpg 1024w\" data-sizes=\"auto\" src=\"data:image\/svg+xml;base64,PHN2ZyB3aWR0aD0iMSIgaGVpZ2h0PSIxIiB4bWxucz0iaHR0cDovL3d3dy53My5vcmcvMjAwMC9zdmciPjwvc3ZnPg==\" style=\"--smush-placeholder-width: 300px; --smush-placeholder-aspect-ratio: 300\/173;\" data-original-sizes=\"(max-width: 300px) 100vw, 300px\" \/><\/p>\n<p>En el \u00faltimo d\u00eda del World Cargo Symposium, FACEUP! Se lleva a cabo la competencia. Este concurso ofrece a j\u00f3venes talentos, tanto estudiantes como reci\u00e9n graduados universitarios, la oportunidad de presentar sus ideas innovadoras para la carga a\u00e9rea en el gran escenario del World Cargo Symposium. Los finalistas de este a\u00f1o fueron Erik Goldenstein del Fraunhofer IML con &quot;NE:ONE Play&quot;, Arjan Singh Bhogal de la Buckinghamshire New University con &quot;Reducir el problema de los pl\u00e1sticos de un solo uso en la industria del transporte a\u00e9reo&quot; y Niclas Scheiber de la Universidad de Ciencias Aplicadas de Frankfurt con &quot;Unleashing the potencial sem\u00e1ntico de ONE Record\u201d. Los tres finalistas dominaron su actuaci\u00f3n. Al final, el p\u00fablico decidi\u00f3 y nombr\u00f3 a Erik Goldenstein como ganador. Por supuesto, estamos contentos de que el trofeo haya volado a Frankfurt.<\/p>\n<h3>\u00a1Felices Pascuas!<\/h3>\n<p>Hace exactamente una semana repartimos conejitos de chocolate a los camioneros y otros empleados de CargoCity S\u00fcd durante nuestra campa\u00f1a de Pascua. Fue una alegr\u00eda ver las sonrisas y las reacciones positivas.<br \/>\nEstamos agradecidos por cada persona de nuestra comunidad que pone todo su esfuerzo en el transporte a\u00e9reo en nuestra ubicaci\u00f3n, incluso en d\u00edas festivos.<br \/>\nTeniendo esto en cuenta, nos gustar\u00eda aprovechar esta oportunidad para desearle a usted y a sus seres queridos una feliz Pascua.<\/p>\n<p><img decoding=\"async\" class=\"aligncenter wp-image-2003 size-medium lazyload\" data-src=\"http:\/\/aircargocommunity.com\/wp-content\/uploads\/Aktion-Osterhasen-verteilen-scaled-e1718016413259-300x98.jpg\" alt=\"\" width=\"300\" height=\"98\" data-srcset=\"https:\/\/www.aircargocommunity.com\/wp-content\/uploads\/Aktion-Osterhasen-verteilen-scaled-e1718016413259-300x98.jpg 300w, https:\/\/www.aircargocommunity.com\/wp-content\/uploads\/Aktion-Osterhasen-verteilen-scaled-e1718016413259-1024x333.jpg 1024w, https:\/\/www.aircargocommunity.com\/wp-content\/uploads\/Aktion-Osterhasen-verteilen-scaled-e1718016413259-768x250.jpg 768w, https:\/\/www.aircargocommunity.com\/wp-content\/uploads\/Aktion-Osterhasen-verteilen-scaled-e1718016413259-1536x499.jpg 1536w, https:\/\/www.aircargocommunity.com\/wp-content\/uploads\/Aktion-Osterhasen-verteilen-scaled-e1718016413259-2048x666.jpg 2048w\" data-sizes=\"auto\" src=\"data:image\/svg+xml;base64,PHN2ZyB3aWR0aD0iMSIgaGVpZ2h0PSIxIiB4bWxucz0iaHR0cDovL3d3dy53My5vcmcvMjAwMC9zdmciPjwvc3ZnPg==\" style=\"--smush-placeholder-width: 300px; --smush-placeholder-aspect-ratio: 300\/98;\" data-original-sizes=\"(max-width: 300px) 100vw, 300px\" \/><\/p>\n<p>\u00bfLas noticias de la comunidad una vez al mes no son suficientes para ti? Entonces visite nuestro canal de LinkedIn con regularidad; lo mejor es suscribirse directamente.<\/p>\n<p>\u00bfTiene alguna pregunta o sugerencia? \u00a1Esperamos su mensaje o llamada!<\/p>\n<p>Atentamente<\/p>\n<p>Su equipo en Air Cargo Community Frankfurt eV<\/p>","protected":false},"excerpt":{"rendered":"<p>Damos la bienvenida a la comunidad a Hessen Aviation, Unilode Aviation Solutions GmbH, Chapman Freeborn Airmarketing GmbH y CargoSoft GmbH.<br \/>\nMarkus Gescheidle estar\u00e1 junto a Patrick Hof. nuevo l\u00edder en el equipo de competencia de camiones.<br \/>\nLos d\u00edas 26 y 27 de abril, Air Cargo Community Frankfurt estar\u00e1 representada en la feria de formaci\u00f3n y empleo aeroportuaria.<br \/>\nAumente su visibilidad y apoye la Air Cargo Conference los d\u00edas 4 y 5 de septiembre en HOLM.<br \/>\nLea m\u00e1s sobre la exitosa participaci\u00f3n de nuestros miembros en el World Cargo Symposium en Hong Kong.<br \/>\nMostramos gratitud y aprecio distribuyendo conejitos de chocolate en CargoCity South. \u00a1Felices Pascuas!<\/p>","protected":false},"author":4,"featured_media":2001,"comment_status":"closed","ping_status":"closed","sticky":false,"template":"","format":"standard","meta":{"_acf_changed":false,"wds_primary_category":5,"footnotes":""},"categories":[5],"tags":[],"class_list":["post-1990","post","type-post","status-publish","format-standard","has-post-thumbnail","hentry","category-frachtpost"],"acf":[],"_links":{"self":[{"href":"https:\/\/www.aircargocommunity.com\/es\/wp-json\/wp\/v2\/posts\/1990","targetHints":{"allow":["GET"]}}],"collection":[{"href":"https:\/\/www.aircargocommunity.com\/es\/wp-json\/wp\/v2\/posts"}],"about":[{"href":"https:\/\/www.aircargocommunity.com\/es\/wp-json\/wp\/v2\/types\/post"}],"author":[{"embeddable":true,"href":"https:\/\/www.aircargocommunity.com\/es\/wp-json\/wp\/v2\/users\/4"}],"replies":[{"embeddable":true,"href":"https:\/\/www.aircargocommunity.com\/es\/wp-json\/wp\/v2\/comments?post=1990"}],"version-history":[{"count":7,"href":"https:\/\/www.aircargocommunity.com\/es\/wp-json\/wp\/v2\/posts\/1990\/revisions"}],"predecessor-version":[{"id":6198,"href":"https:\/\/www.aircargocommunity.com\/es\/wp-json\/wp\/v2\/posts\/1990\/revisions\/6198"}],"wp:featuredmedia":[{"embeddable":true,"href":"https:\/\/www.aircargocommunity.com\/es\/wp-json\/wp\/v2\/media\/2001"}],"wp:attachment":[{"href":"https:\/\/www.aircargocommunity.com\/es\/wp-json\/wp\/v2\/media?parent=1990"}],"wp:term":[{"taxonomy":"category","embeddable":true,"href":"https:\/\/www.aircargocommunity.com\/es\/wp-json\/wp\/v2\/categories?post=1990"},{"taxonomy":"post_tag","embeddable":true,"href":"https:\/\/www.aircargocommunity.com\/es\/wp-json\/wp\/v2\/tags?post=1990"}],"curies":[{"name":"wp","href":"https:\/\/api.w.org\/{rel}","templated":true}]}}