{"id":21065,"date":"2025-06-12T08:00:19","date_gmt":"2025-06-12T06:00:19","guid":{"rendered":"https:\/\/www.aircargocommunity.com\/?p=21065"},"modified":"2025-06-24T08:22:49","modified_gmt":"2025-06-24T06:22:49","slug":"community-news-mai-2025","status":"publish","type":"post","link":"https:\/\/www.aircargocommunity.com\/es\/news\/frachtpost\/community-news-mai-2025\/","title":{"rendered":"Noticias de la comunidad mayo de 2025"},"content":{"rendered":"<p>Querida comunidad,<\/p>\n<p>A veces, lo bueno llega un poco tarde, \u00a1como este bolet\u00edn! Debido a nuestra intensa actividad en log\u00edstica de transporte, esta vez se publica m\u00e1s tarde de lo habitual, pero una vez m\u00e1s traer\u00e1 consigo muchas perspectivas y noticias interesantes de la comunidad de carga a\u00e9rea.<\/p>\n<p>&nbsp;<\/p>\n<h3>Log\u00edstica de transporte 2025:<br \/>\nNuestra comunidad en el meollo del asunto<\/h3>\n<p>Como Air Cargo Community Frankfurt eV esperamos pasar un buen rato en la feria Air Cargo de este a\u00f1o. <strong>log\u00edstica de transporte<\/strong> De vuelta. Con un nuevo r\u00e9cord de 77.000 visitantes a la feria, nos reunimos principalmente con nuestros miembros, ya sea en sus stands o por casualidad en los pasillos, y al hacerlo, nos sentimos como si estuvi\u00e9ramos recorriendo cada pabell\u00f3n de la feria. Esto se demuestra una vez m\u00e1s: <strong>Nuestra comunidad est\u00e1 representada en todas partes y ha crecido significativamente en los \u00faltimos a\u00f1os.<\/strong><\/p>\n<table style=\"border-collapse: collapse;width: 100%\">\n<tbody>\n<tr>\n<td style=\"width: 33.3333%\"><img fetchpriority=\"high\" decoding=\"async\" class=\"alignnone wp-image-21074 size-large\" src=\"https:\/\/www.aircargocommunity.com\/wp-content\/uploads\/TL_01_klein-768x1024.png\" alt=\"\" width=\"768\" height=\"1024\" srcset=\"https:\/\/www.aircargocommunity.com\/wp-content\/uploads\/TL_01_klein-768x1024.png 768w, https:\/\/www.aircargocommunity.com\/wp-content\/uploads\/TL_01_klein-225x300.png 225w, https:\/\/www.aircargocommunity.com\/wp-content\/uploads\/TL_01_klein-1152x1536.png 1152w, https:\/\/www.aircargocommunity.com\/wp-content\/uploads\/TL_01_klein-9x12.png 9w, https:\/\/www.aircargocommunity.com\/wp-content\/uploads\/TL_01_klein.png 1452w\" sizes=\"(max-width: 768px) 100vw, 768px\" \/><\/td>\n<td style=\"width: 33.3333%;text-align: center;vertical-align: middle\"><img decoding=\"async\" class=\"wp-image-21078 size-full aligncenter lazyload\" data-src=\"https:\/\/www.aircargocommunity.com\/wp-content\/uploads\/TL_03-scaled.jpg\" alt=\"\" width=\"2560\" height=\"1920\" data-srcset=\"https:\/\/www.aircargocommunity.com\/wp-content\/uploads\/TL_03-scaled.jpg 2560w, https:\/\/www.aircargocommunity.com\/wp-content\/uploads\/TL_03-300x225.jpg 300w, https:\/\/www.aircargocommunity.com\/wp-content\/uploads\/TL_03-1024x768.jpg 1024w, https:\/\/www.aircargocommunity.com\/wp-content\/uploads\/TL_03-768x576.jpg 768w, https:\/\/www.aircargocommunity.com\/wp-content\/uploads\/TL_03-1536x1152.jpg 1536w, https:\/\/www.aircargocommunity.com\/wp-content\/uploads\/TL_03-2048x1536.jpg 2048w, https:\/\/www.aircargocommunity.com\/wp-content\/uploads\/TL_03-16x12.jpg 16w\" data-sizes=\"auto\" src=\"data:image\/svg+xml;base64,PHN2ZyB3aWR0aD0iMSIgaGVpZ2h0PSIxIiB4bWxucz0iaHR0cDovL3d3dy53My5vcmcvMjAwMC9zdmciPjwvc3ZnPg==\" style=\"--smush-placeholder-width: 2560px; --smush-placeholder-aspect-ratio: 2560\/1920;\" data-original-sizes=\"(max-width: 2560px) 100vw, 2560px\" \/><\/td>\n<td style=\"width: 33.3333%\"><img decoding=\"async\" class=\"alignnone wp-image-21077 size-large lazyload\" data-src=\"https:\/\/www.aircargocommunity.com\/wp-content\/uploads\/TL_02-768x1024.jpg\" alt=\"\" width=\"768\" height=\"1024\" data-srcset=\"https:\/\/www.aircargocommunity.com\/wp-content\/uploads\/TL_02-768x1024.jpg 768w, https:\/\/www.aircargocommunity.com\/wp-content\/uploads\/TL_02-225x300.jpg 225w, https:\/\/www.aircargocommunity.com\/wp-content\/uploads\/TL_02-1152x1536.jpg 1152w, https:\/\/www.aircargocommunity.com\/wp-content\/uploads\/TL_02-1536x2048.jpg 1536w, https:\/\/www.aircargocommunity.com\/wp-content\/uploads\/TL_02-9x12.jpg 9w, https:\/\/www.aircargocommunity.com\/wp-content\/uploads\/TL_02-scaled.jpg 1920w\" data-sizes=\"auto\" src=\"data:image\/svg+xml;base64,PHN2ZyB3aWR0aD0iMSIgaGVpZ2h0PSIxIiB4bWxucz0iaHR0cDovL3d3dy53My5vcmcvMjAwMC9zdmciPjwvc3ZnPg==\" style=\"--smush-placeholder-width: 768px; --smush-placeholder-aspect-ratio: 768\/1024;\" data-original-sizes=\"(max-width: 768px) 100vw, 768px\" \/><\/td>\n<\/tr>\n<\/tbody>\n<\/table>\n<p>Adem\u00e1s, mantuvimos conversaciones inspiradoras con otras asociaciones, comunidades de carga y numerosos visitantes interesados en conocer mejor nuestro trabajo en el Aeropuerto de Frankfurt y en la comunidad. Se mantuvieron conversaciones, se intercambiaron ideas, se forjaron nuevos contactos y, por supuesto,... <strong>Encuentro comunitario de hamburguesas al estilo aut\u00e9ntico de Frankfurt<\/strong> Con salsa verde original es imprescindible.<\/p>\n<p><img decoding=\"async\" class=\"alignnone wp-image-21100 size-full lazyload\" data-src=\"https:\/\/www.aircargocommunity.com\/wp-content\/uploads\/20250604_111757886_iOS-scaled.jpg\" alt=\"\" width=\"1920\" height=\"2560\" data-srcset=\"https:\/\/www.aircargocommunity.com\/wp-content\/uploads\/20250604_111757886_iOS-scaled.jpg 1920w, https:\/\/www.aircargocommunity.com\/wp-content\/uploads\/20250604_111757886_iOS-225x300.jpg 225w, https:\/\/www.aircargocommunity.com\/wp-content\/uploads\/20250604_111757886_iOS-768x1024.jpg 768w, https:\/\/www.aircargocommunity.com\/wp-content\/uploads\/20250604_111757886_iOS-1152x1536.jpg 1152w, https:\/\/www.aircargocommunity.com\/wp-content\/uploads\/20250604_111757886_iOS-1536x2048.jpg 1536w, https:\/\/www.aircargocommunity.com\/wp-content\/uploads\/20250604_111757886_iOS-9x12.jpg 9w\" data-sizes=\"auto\" src=\"data:image\/svg+xml;base64,PHN2ZyB3aWR0aD0iMSIgaGVpZ2h0PSIxIiB4bWxucz0iaHR0cDovL3d3dy53My5vcmcvMjAwMC9zdmciPjwvc3ZnPg==\" style=\"--smush-placeholder-width: 1920px; --smush-placeholder-aspect-ratio: 1920\/2560;\" data-original-sizes=\"(max-width: 1920px) 100vw, 1920px\" \/><\/p>\n<p>El almuerzo con cocina local fue un <strong>punto de contacto central para nuestros miembros<\/strong>Encontrarnos como comunidad en M\u00fanich y aprovechar la oportunidad para el intercambio. Un momento destacado en este contexto fue... <strong>Sorteo de dos entradas gratis por el 10\u00ba aniversario de la <a href=\"http:\/\/www.air-cargo-conference.com\">Conferencia de carga a\u00e9rea<\/a> el 3 y 4 de septiembre en el Deutsche Bank Park de Frankfurt.<\/strong><\/p>\n<p>Ya estamos de vuelta en FRA, llenos de motivaci\u00f3n para los pr\u00f3ximos proyectos, temas y eventos. Un sincero agradecimiento a todos los que hicieron que esta semana fuera tan animada.<\/p>\n<p>&nbsp;<\/p>\n<h3>\u00daLTIMA CONVOCATORIA: D\u00eda de la Farmacia 2025<\/h3>\n<p><img decoding=\"async\" class=\"alignnone wp-image-21110 size-full lazyload\" data-src=\"https:\/\/www.aircargocommunity.com\/wp-content\/uploads\/Pharma-Day-Banner-1200-x-200-px.png\" alt=\"\" width=\"1200\" height=\"200\" data-srcset=\"https:\/\/www.aircargocommunity.com\/wp-content\/uploads\/Pharma-Day-Banner-1200-x-200-px.png 1200w, https:\/\/www.aircargocommunity.com\/wp-content\/uploads\/Pharma-Day-Banner-1200-x-200-px-300x50.png 300w, https:\/\/www.aircargocommunity.com\/wp-content\/uploads\/Pharma-Day-Banner-1200-x-200-px-1024x171.png 1024w, https:\/\/www.aircargocommunity.com\/wp-content\/uploads\/Pharma-Day-Banner-1200-x-200-px-768x128.png 768w, https:\/\/www.aircargocommunity.com\/wp-content\/uploads\/Pharma-Day-Banner-1200-x-200-px-18x3.png 18w\" data-sizes=\"auto\" src=\"data:image\/svg+xml;base64,PHN2ZyB3aWR0aD0iMSIgaGVpZ2h0PSIxIiB4bWxucz0iaHR0cDovL3d3dy53My5vcmcvMjAwMC9zdmciPjwvc3ZnPg==\" style=\"--smush-placeholder-width: 1200px; --smush-placeholder-aspect-ratio: 1200\/200;\" data-original-sizes=\"(max-width: 1200px) 100vw, 1200px\" \/><\/p>\n<p>El tiempo se acaba: en unos d\u00edas... <strong>D\u00eda de la Farmacia 2025 de la Comunidad de Carga A\u00e9rea de Frankfurt<\/strong> en lugar de.<\/p>\n<p>El futuro de la log\u00edstica farmac\u00e9utica, de las ciencias biol\u00f3gicas y de la salud comienza ahora: \u00a1sea parte de \u00e9l!<br \/>\n<strong>Esto es lo que te espera:<\/strong><\/p>\n<ul>\n<li>Conferencias de expertos internacionales (en ingl\u00e9s)<\/li>\n<li>Networking de alto perfil con tomadores de decisiones y l\u00edderes de opini\u00f3n<\/li>\n<li>Tour Farmac\u00e9utico Exclusivo al final del d\u00eda (ya completo).<\/li>\n<\/ul>\n<p>El <strong>La agenda est\u00e1 en el <a href=\"https:\/\/www.aircargocommunity.com\/es\/events\/pharma-day-2025-2\/\">Sitio web del evento<\/a> en l\u00ednea<\/strong> \u2013 \u00a1\u00c9chale un vistazo al programa ahora y aseg\u00farate una de las \u00faltimas plazas!<\/p>\n<p><strong>Reg\u00edstrate ahora:<\/strong><\/p>\n<p style=\"text-align: center\"><strong style=\"text-align: center\"><a href=\"https:\/\/doo.net\/veranstaltung\/183025\/order\">Entradas para el D\u00eda de la Farmacia 2025<\/a><\/strong><\/p>\n<p style=\"text-align: center\">\ud83d\udccd Cu\u00e1ndo: 1 de julio de 2025<br \/>\n\ud83d\udccdD\u00f3nde: El avi\u00f3n en Burghof, Dreieich<\/p>\n<p><strong>Esperamos pasar un d\u00eda inspirador contigo: \u00a1reg\u00edstrate ahora antes de que sea demasiado tarde!<\/strong><\/p>\n<p>&nbsp;<\/p>\n<h3>Informaci\u00f3n exclusiva sobre Boeing: los YACE visitan el Centro de Concepto y Desarrollo<\/h3>\n<p>El 6 de mayo de 2025, los miembros de los J\u00f3venes Ejecutivos de Carga A\u00e9rea (YACE) tuvieron la oportunidad especial de <strong>Una mirada detr\u00e1s de escena a una de las empresas aeroespaciales m\u00e1s importantes del mundo<\/strong> El Centro de Concepto y Desarrollo de Boeing en Neu-Isenburg abri\u00f3 sus puertas en exclusiva para nuestro grupo y nos brind\u00f3 una visi\u00f3n impresionante del mundo de la innovaci\u00f3n en Boeing.<\/p>\n<p>El centro forma parte del panorama de desarrollo orientado al futuro de Boeing y demostr\u00f3 de forma impresionante lo que se est\u00e1 trabajando hoy para la aviaci\u00f3n del futuro. Los participantes recibieron... <strong>Interesantes perspectivas sobre conceptos de cabina modernos, sistemas digitales y, sobre todo, soluciones sostenibles.<\/strong>que tienen como objetivo hacer que el transporte a\u00e9reo sea m\u00e1s respetuoso con el clima a largo plazo.<\/p>\n<p>Despu\u00e9s de una visita guiada al centro, hubo tiempo de sobra para una sesi\u00f3n abierta de preguntas y respuestas con el dedicado equipo de Boeing, un verdadero momento culminante que proporcion\u00f3 muchos elementos inspiradores para la reflexi\u00f3n y ofreci\u00f3 espacio para el intercambio profesional.<\/p>\n<p><img decoding=\"async\" class=\"alignnone wp-image-21072 size-full lazyload\" data-src=\"https:\/\/www.aircargocommunity.com\/wp-content\/uploads\/Boeing_03-scaled.jpg\" alt=\"\" width=\"2560\" height=\"1920\" data-srcset=\"https:\/\/www.aircargocommunity.com\/wp-content\/uploads\/Boeing_03-scaled.jpg 2560w, https:\/\/www.aircargocommunity.com\/wp-content\/uploads\/Boeing_03-300x225.jpg 300w, https:\/\/www.aircargocommunity.com\/wp-content\/uploads\/Boeing_03-1024x768.jpg 1024w, https:\/\/www.aircargocommunity.com\/wp-content\/uploads\/Boeing_03-768x576.jpg 768w, https:\/\/www.aircargocommunity.com\/wp-content\/uploads\/Boeing_03-1536x1152.jpg 1536w, https:\/\/www.aircargocommunity.com\/wp-content\/uploads\/Boeing_03-2048x1536.jpg 2048w, https:\/\/www.aircargocommunity.com\/wp-content\/uploads\/Boeing_03-16x12.jpg 16w\" data-sizes=\"auto\" src=\"data:image\/svg+xml;base64,PHN2ZyB3aWR0aD0iMSIgaGVpZ2h0PSIxIiB4bWxucz0iaHR0cDovL3d3dy53My5vcmcvMjAwMC9zdmciPjwvc3ZnPg==\" style=\"--smush-placeholder-width: 2560px; --smush-placeholder-aspect-ratio: 2560\/1920;\" data-original-sizes=\"(max-width: 2560px) 100vw, 2560px\" \/><\/p>\n<p><img decoding=\"async\" class=\"alignnone wp-image-21070 size-full lazyload\" data-src=\"https:\/\/www.aircargocommunity.com\/wp-content\/uploads\/Boeing_01-scaled.jpg\" alt=\"\" width=\"2560\" height=\"1920\" data-srcset=\"https:\/\/www.aircargocommunity.com\/wp-content\/uploads\/Boeing_01-scaled.jpg 2560w, https:\/\/www.aircargocommunity.com\/wp-content\/uploads\/Boeing_01-300x225.jpg 300w, https:\/\/www.aircargocommunity.com\/wp-content\/uploads\/Boeing_01-1024x768.jpg 1024w, https:\/\/www.aircargocommunity.com\/wp-content\/uploads\/Boeing_01-768x576.jpg 768w, https:\/\/www.aircargocommunity.com\/wp-content\/uploads\/Boeing_01-1536x1152.jpg 1536w, https:\/\/www.aircargocommunity.com\/wp-content\/uploads\/Boeing_01-2048x1536.jpg 2048w, https:\/\/www.aircargocommunity.com\/wp-content\/uploads\/Boeing_01-16x12.jpg 16w\" data-sizes=\"auto\" src=\"data:image\/svg+xml;base64,PHN2ZyB3aWR0aD0iMSIgaGVpZ2h0PSIxIiB4bWxucz0iaHR0cDovL3d3dy53My5vcmcvMjAwMC9zdmciPjwvc3ZnPg==\" style=\"--smush-placeholder-width: 2560px; --smush-placeholder-aspect-ratio: 2560\/1920;\" data-original-sizes=\"(max-width: 2560px) 100vw, 2560px\" \/><\/p>\n<p><img decoding=\"async\" class=\"alignnone wp-image-21071 size-full lazyload\" data-src=\"https:\/\/www.aircargocommunity.com\/wp-content\/uploads\/Boeing_02-scaled.jpg\" alt=\"\" width=\"2560\" height=\"1920\" data-srcset=\"https:\/\/www.aircargocommunity.com\/wp-content\/uploads\/Boeing_02-scaled.jpg 2560w, https:\/\/www.aircargocommunity.com\/wp-content\/uploads\/Boeing_02-300x225.jpg 300w, https:\/\/www.aircargocommunity.com\/wp-content\/uploads\/Boeing_02-1024x768.jpg 1024w, https:\/\/www.aircargocommunity.com\/wp-content\/uploads\/Boeing_02-768x576.jpg 768w, https:\/\/www.aircargocommunity.com\/wp-content\/uploads\/Boeing_02-1536x1152.jpg 1536w, https:\/\/www.aircargocommunity.com\/wp-content\/uploads\/Boeing_02-2048x1536.jpg 2048w, https:\/\/www.aircargocommunity.com\/wp-content\/uploads\/Boeing_02-16x12.jpg 16w\" data-sizes=\"auto\" src=\"data:image\/svg+xml;base64,PHN2ZyB3aWR0aD0iMSIgaGVpZ2h0PSIxIiB4bWxucz0iaHR0cDovL3d3dy53My5vcmcvMjAwMC9zdmciPjwvc3ZnPg==\" style=\"--smush-placeholder-width: 2560px; --smush-placeholder-aspect-ratio: 2560\/1920;\" data-original-sizes=\"(max-width: 2560px) 100vw, 2560px\" \/><\/p>\n<h3><\/h3>\n<h3>Visita a la feria de empleo Rhein-Main en HOLM<\/h3>\n<p>El 13 de mayo, la Comunidad de Carga A\u00e9rea de Frankfurt particip\u00f3 con \u00e9xito en la <strong>Feria de empleo Rhein-Main en la Casa de la Log\u00edstica y la Movilidad (HOLM)<\/strong> En Fr\u00e1ncfort. La feria se considera una plataforma clave para que las empresas de la regi\u00f3n conecten con j\u00f3venes profesionales, estudiantes y personas con potencial para cambiar de carrera.<\/p>\n<p>Con un <strong>stand de exposici\u00f3n conjunto<\/strong> La Comunidad de Carga A\u00e9rea se present\u00f3 como una atractiva asociaci\u00f3n de empleadores en el entorno del Aeropuerto de Fr\u00e1ncfort. Se centr\u00f3 en interesantes oportunidades profesionales en el sector de la carga a\u00e9rea, desde pr\u00e1cticas comerciales y log\u00edsticas hasta programas de estudio duales y oportunidades de inserci\u00f3n profesional. Numerosos visitantes interesados aprovecharon la oportunidad para conocer el mundo laboral de la carga a\u00e9rea en charlas personales e interactuar directamente con representantes del sector.<\/p>\n<p>La feria se complement\u00f3 con <strong>conferencias breves y pr\u00e1cticas<\/strong>, donde empleadores e instituciones brindaron informaci\u00f3n sobre trayectorias profesionales, capacitaci\u00f3n y oportunidades de ingreso. Ya se tratara de transporte a\u00e9reo, enfermer\u00eda o conductores profesionales, los visitantes recibieron valiosa informaci\u00f3n de primera mano y pudieron probar el simulador de conducci\u00f3n de camiones, por ejemplo. La Comunidad de Carga A\u00e9rea tambi\u00e9n particip\u00f3 con sus propias presentaciones. <strong>Perfiles profesionales apasionantes y perspectivas de desarrollo dentro de la industria del transporte a\u00e9reo.<\/strong><\/p>\n<p><img decoding=\"async\" class=\"alignnone wp-image-21118 size-full lazyload\" data-src=\"https:\/\/www.aircargocommunity.com\/wp-content\/uploads\/IMG_2386-1-scaled.jpg\" alt=\"\" width=\"2560\" height=\"1920\" data-srcset=\"https:\/\/www.aircargocommunity.com\/wp-content\/uploads\/IMG_2386-1-scaled.jpg 2560w, https:\/\/www.aircargocommunity.com\/wp-content\/uploads\/IMG_2386-1-300x225.jpg 300w, https:\/\/www.aircargocommunity.com\/wp-content\/uploads\/IMG_2386-1-1024x768.jpg 1024w, https:\/\/www.aircargocommunity.com\/wp-content\/uploads\/IMG_2386-1-768x576.jpg 768w, https:\/\/www.aircargocommunity.com\/wp-content\/uploads\/IMG_2386-1-1536x1152.jpg 1536w, https:\/\/www.aircargocommunity.com\/wp-content\/uploads\/IMG_2386-1-2048x1536.jpg 2048w, https:\/\/www.aircargocommunity.com\/wp-content\/uploads\/IMG_2386-1-16x12.jpg 16w\" data-sizes=\"auto\" src=\"data:image\/svg+xml;base64,PHN2ZyB3aWR0aD0iMSIgaGVpZ2h0PSIxIiB4bWxucz0iaHR0cDovL3d3dy53My5vcmcvMjAwMC9zdmciPjwvc3ZnPg==\" style=\"--smush-placeholder-width: 2560px; --smush-placeholder-aspect-ratio: 2560\/1920;\" data-original-sizes=\"(max-width: 2560px) 100vw, 2560px\" \/><br \/>\nDe particular inter\u00e9s fue el<strong> <a href=\"https:\/\/www.aircargocommunity.com\/es\/jobs\/\">Portal de empleo de la ACCF<\/a><\/strong>, que presentamos de forma destacada: ofrece un resumen de las vacantes y programas de aprendizaje actuales relacionados con el transporte a\u00e9reo en nuestra sede de Frankfurt. Muchos visitantes aprovecharon la oportunidad para obtener una primera visi\u00f3n general directamente en el stand.<\/p>\n<p>La presentaci\u00f3n en la feria comercial brind\u00f3 informaci\u00f3n valiosa para la contrataci\u00f3n de empleados y destac\u00f3 la importancia del transporte a\u00e9reo como motor de empleo para la regi\u00f3n. La Comunidad de Transporte A\u00e9reo de Fr\u00e1ncfort agradece a los organizadores y a todos los participantes el \u00e9xito de la feria y espera con inter\u00e9s la pr\u00f3xima presentaci\u00f3n conjunta, \u00a1quiz\u00e1s en el D\u00eda de la Carrera Profesional en Fr\u00e1ncfort!<\/p>\n<h3><\/h3>\n<h3>Reflexionando sobre la contrataci\u00f3n conjunta: Comunidad de Carga A\u00e9rea en el D\u00eda de la Carrera<\/h3>\n<p>En <strong>12 de noviembre de 2025<\/strong> encuentra el siguiente <strong>D\u00eda de la Carrera Profesional en Frankfurt<\/strong> En la Jahrhunderthalle, uno de los eventos de reclutamiento m\u00e1s grandes de Alemania, con miles de visitantes. Actualmente estamos investigando la posibilidad de exponer all\u00ed con... <strong>Stand conjunto de la Air Cargo Community Frankfurt eV<\/strong> ser representado.<\/p>\n<p>Algunas empresas de la comunidad ya han mostrado inter\u00e9s. Nos gustar\u00eda ofrecer a otras empresas miembro la oportunidad de registrarse. Env\u00eden un breve correo electr\u00f3nico a <a href=\"mailto:jobs@fra-fr8.com\">empleos@fra-fr8.com<\/a>.<\/p>\n<p>Por nuestra experiencia sabemos que un stand conjunto aporta muchas ventajas:<\/p>\n<ul>\n<li><strong>Mayor visibilidad<\/strong> para la industria del transporte a\u00e9reo a trav\u00e9s de una presencia concentrada<\/li>\n<li><strong>Ventajas de costos<\/strong> a trav\u00e9s del uso compartido de la tierra<\/li>\n<li><strong>Oferta diversa<\/strong> Para los solicitantes potenciales, desde quienes se est\u00e1n formando hasta quienes buscan cambiar de carrera, esto hace que Frankfurt sea a\u00fan m\u00e1s atractivo como destino de transporte a\u00e9reo.<\/li>\n<\/ul>\n<p>Grupos destinatarios del Career Day: estudiantes, personas que comienzan su carrera profesional, j\u00f3venes profesionales, as\u00ed como especialistas y directivos que desean cambiar de carrera.<\/p>\n<p>Puede encontrar m\u00e1s informaci\u00f3n sobre el evento aqu\u00ed: <a href=\"https:\/\/www.karrieretag.org\/wp-content\/uploads\/2023\/11\/Informationsunterlagen-Karrieretage.pdf\">Materiales informativos del D\u00eda de la Carrera<\/a><\/p>\n<p>Si su empresa est\u00e1 interesada en una aparici\u00f3n conjunta, h\u00e1ganoslo saber. <strong>hasta el 25 de junio de 2025<\/strong> Una breve respuesta v\u00eda <a href=\"mailto:jobs@fra-fr8.com\">correo electr\u00f3nico<\/a>Si hay una respuesta positiva, coordinaremos los pr\u00f3ximos pasos con todas las partes interesadas.<\/p>\n<h3><\/h3>\n<h3>Primer afterwork de ACCF en Oceans Club Gateway Gardens<\/h3>\n<p>Estamos felices de contarles sobre nuestra primera <strong>Evento despu\u00e9s del trabajo<\/strong> para informar que el d\u00eda 20 de mayo en <strong>Oceans Club Gateway Gardens<\/strong> Tuvo lugar. Bajo un sol radiante, temperaturas c\u00e1lidas y bebidas refrescantes, recibimos a 120 representantes de nuestra comunidad.<\/p>\n<p>Dado que muchos de los eventos del ACCF de este a\u00f1o tendr\u00e1n lugar en la segunda mitad del a\u00f1o, para nosotros era importante ofrecer a nuestros miembros una plataforma para el intercambio y la creaci\u00f3n de redes tambi\u00e9n en la primavera.<\/p>\n<p><img decoding=\"async\" class=\"alignnone wp-image-21124 size-full lazyload\" data-src=\"https:\/\/www.aircargocommunity.com\/wp-content\/uploads\/1747830149536.jpg\" alt=\"\" width=\"1600\" height=\"900\" data-srcset=\"https:\/\/www.aircargocommunity.com\/wp-content\/uploads\/1747830149536.jpg 1600w, https:\/\/www.aircargocommunity.com\/wp-content\/uploads\/1747830149536-300x169.jpg 300w, https:\/\/www.aircargocommunity.com\/wp-content\/uploads\/1747830149536-1024x576.jpg 1024w, https:\/\/www.aircargocommunity.com\/wp-content\/uploads\/1747830149536-768x432.jpg 768w, https:\/\/www.aircargocommunity.com\/wp-content\/uploads\/1747830149536-1536x864.jpg 1536w, https:\/\/www.aircargocommunity.com\/wp-content\/uploads\/1747830149536-18x10.jpg 18w\" data-sizes=\"auto\" src=\"data:image\/svg+xml;base64,PHN2ZyB3aWR0aD0iMSIgaGVpZ2h0PSIxIiB4bWxucz0iaHR0cDovL3d3dy53My5vcmcvMjAwMC9zdmciPjwvc3ZnPg==\" style=\"--smush-placeholder-width: 1600px; --smush-placeholder-aspect-ratio: 1600\/900;\" data-original-sizes=\"(max-width: 1600px) 100vw, 1600px\" \/><br \/>\nNos gustar\u00eda agradecerles a ustedes y a todos los dem\u00e1s participantes por hacer de esta velada una experiencia especial. Su numerosa asistencia es una gran se\u00f1al de... <strong>comunidad viva y comprometida<\/strong>.<\/p>\n<p>Gracias por los comentarios positivos sobre el evento, que nos gustar\u00eda repetir.<\/p>\n<p>&nbsp;<\/p>\n<p>\u00bfLas noticias de la comunidad una vez al mes no te parecen suficientes? Entonces por favor visite nuestro <a href=\"https:\/\/www.linkedin.com\/company\/69530642\/admin\/dashboard\/\">canal de LinkedIn<\/a> \u2013 lo mejor es suscribirse directamente.<\/p>\n<p>&nbsp;<\/p>\n<p>\u00bfTiene alguna pregunta o comentario? \u00a1Esperamos su mensaje o llamada!<\/p>\n<p>Atentamente<\/p>\n<p>Su equipo de Air Cargo Community Frankfurt eV<\/p>","protected":false},"excerpt":{"rendered":"<p>La Comunidad de Carga A\u00e9rea de Fr\u00e1ncfort celebra su exitosa participaci\u00f3n en la log\u00edstica de transporte 2025, con numerosos encuentros, un popular almuerzo comunitario y un din\u00e1mico networking. El D\u00eda de la Farmacia, el 1 de julio, est\u00e1 a la vuelta de la esquina; a\u00fan hay entradas disponibles. Los YACE recibieron informaci\u00f3n exclusiva sobre Boeing, y en la Feria de Empleo de Rhein-Main, la comunidad se present\u00f3 como una empresa atractiva para el empleo en el \u00e1rea aeroportuaria. Se prev\u00e9 un stand conjunto para el D\u00eda de la Carrera Profesional de Fr\u00e1ncfort, el 12 de noviembre; las empresas interesadas pueden inscribirse hasta el 25 de junio. El primer evento afterwork en el Oceans Club atrajo a m\u00e1s de 120 participantes, un exitoso inicio para futuros formatos.<\/p>","protected":false},"author":4,"featured_media":21127,"comment_status":"closed","ping_status":"closed","sticky":false,"template":"","format":"standard","meta":{"_acf_changed":false,"wds_primary_category":0,"footnotes":""},"categories":[5],"tags":[],"class_list":["post-21065","post","type-post","status-publish","format-standard","has-post-thumbnail","hentry","category-frachtpost"],"acf":[],"_links":{"self":[{"href":"https:\/\/www.aircargocommunity.com\/es\/wp-json\/wp\/v2\/posts\/21065","targetHints":{"allow":["GET"]}}],"collection":[{"href":"https:\/\/www.aircargocommunity.com\/es\/wp-json\/wp\/v2\/posts"}],"about":[{"href":"https:\/\/www.aircargocommunity.com\/es\/wp-json\/wp\/v2\/types\/post"}],"author":[{"embeddable":true,"href":"https:\/\/www.aircargocommunity.com\/es\/wp-json\/wp\/v2\/users\/4"}],"replies":[{"embeddable":true,"href":"https:\/\/www.aircargocommunity.com\/es\/wp-json\/wp\/v2\/comments?post=21065"}],"version-history":[{"count":8,"href":"https:\/\/www.aircargocommunity.com\/es\/wp-json\/wp\/v2\/posts\/21065\/revisions"}],"predecessor-version":[{"id":21571,"href":"https:\/\/www.aircargocommunity.com\/es\/wp-json\/wp\/v2\/posts\/21065\/revisions\/21571"}],"wp:featuredmedia":[{"embeddable":true,"href":"https:\/\/www.aircargocommunity.com\/es\/wp-json\/wp\/v2\/media\/21127"}],"wp:attachment":[{"href":"https:\/\/www.aircargocommunity.com\/es\/wp-json\/wp\/v2\/media?parent=21065"}],"wp:term":[{"taxonomy":"category","embeddable":true,"href":"https:\/\/www.aircargocommunity.com\/es\/wp-json\/wp\/v2\/categories?post=21065"},{"taxonomy":"post_tag","embeddable":true,"href":"https:\/\/www.aircargocommunity.com\/es\/wp-json\/wp\/v2\/tags?post=21065"}],"curies":[{"name":"wp","href":"https:\/\/api.w.org\/{rel}","templated":true}]}}