{"id":29832,"date":"2025-07-03T13:00:17","date_gmt":"2025-07-03T11:00:17","guid":{"rendered":"https:\/\/www.aircargocommunity.com\/?p=29832"},"modified":"2025-10-05T22:22:22","modified_gmt":"2025-10-05T20:22:22","slug":"community-news-juni","status":"publish","type":"post","link":"https:\/\/www.aircargocommunity.com\/es\/news\/frachtpost\/community-news-juni\/","title":{"rendered":"Noticias de la comunidad, junio de 2025"},"content":{"rendered":"<p>Querida comunidad,<\/p>\n<p>Junio ha demostrado una vez m\u00e1s que nuestra comunidad est\u00e1 creciendo, no solo en n\u00famero, sino tambi\u00e9n gracias a nuevas ideas, colaboraciones y objetivos compartidos. En este n\u00famero de FRachtpost, repasamos los emocionantes acontecimientos y desarrollos.<\/p>\n<h3>Damos la bienvenida a nuestros nuevos miembros<\/h3>\n<p>El <a href=\"https:\/\/www.frankfurt-main.ihk.de\/\">C\u00e1mara de Comercio e Industria de Frankfurt<\/a> Es una voz influyente para la econom\u00eda, con ra\u00edces regionales y conexiones internacionales. Gracias a su amplia red de contactos, su experiencia en comercio internacional y su agudo sentido de los desaf\u00edos de la industria log\u00edstica, aporta valiosas aportaciones a nuestra comunidad, inspir\u00e1ndonos a desarrollar conjuntamente soluciones innovadoras para el transporte a\u00e9reo del futuro.<br \/>\nEstamos agradecidos y muy contentos de que la C\u00e1mara de Industria y Comercio de Frankfurt sea parte de nuestra comunidad, porque juntos podemos lograr m\u00e1s, aprender unos de otros y hacer posible un cambio real.<\/p>\n<p><a href=\"https:\/\/www.galaxyairservice.com\/\">Galaxy Air Service GmbH<\/a>, un agente general de ventas y servicios (GSSA) de Europa con una misi\u00f3n clara: soluciones individuales para el transporte a\u00e9reo del ma\u00f1ana.<br \/>\nGracias a una amplia gama de servicios altamente especializados y un profundo conocimiento del mercado local, Galaxy maximiza los resultados para sus clientes, de forma eficiente, flexible y colaborativa. Con un fuerte enfoque en la comercializaci\u00f3n, la tecnolog\u00eda, las soluciones inteligentes y la sostenibilidad, la compa\u00f1\u00eda est\u00e1 redefiniendo la excelencia de la GSSA moderna.<br \/>\nEl camino propio de la empresa hacia la transformaci\u00f3n digital es particularmente impresionante: con un equipo interno de TI y digitalizaci\u00f3n, la conexi\u00f3n con la plataforma e-CARGOWARE se desarrolla constantemente, para reservas en l\u00ednea fluidas, contabilidad de ventas, gesti\u00f3n de camiones, seguimiento de env\u00edos y m\u00e1s.<br \/>\nEstamos encantados de dar la bienvenida a Galaxy Air Service GmbH como miembro comprometido de la comunidad de carga a\u00e9rea: juntos impulsamos la innovaci\u00f3n, la eficiencia y la sostenibilidad en la industria de carga a\u00e9rea.<\/p>\n<p><img fetchpriority=\"high\" decoding=\"async\" class=\"alignnone wp-image-29835 size-full\" src=\"https:\/\/www.aircargocommunity.com\/wp-content\/uploads\/IHK-Galaxy.png\" alt=\"\" width=\"1564\" height=\"1624\" srcset=\"https:\/\/www.aircargocommunity.com\/wp-content\/uploads\/IHK-Galaxy.png 1564w, https:\/\/www.aircargocommunity.com\/wp-content\/uploads\/IHK-Galaxy-289x300.png 289w, https:\/\/www.aircargocommunity.com\/wp-content\/uploads\/IHK-Galaxy-986x1024.png 986w, https:\/\/www.aircargocommunity.com\/wp-content\/uploads\/IHK-Galaxy-768x797.png 768w, https:\/\/www.aircargocommunity.com\/wp-content\/uploads\/IHK-Galaxy-1479x1536.png 1479w, https:\/\/www.aircargocommunity.com\/wp-content\/uploads\/IHK-Galaxy-12x12.png 12w\" sizes=\"(max-width: 1564px) 100vw, 1564px\" \/><\/p>\n<h3>D\u00eda de la Farmacia 2025<\/h3>\n<p>El 1 de julio de 2025, \u201cEl Avi\u00f3n\u201d en Dreieich dijo: <strong>\u00a1Embarque completado!<\/strong> Con <strong>157 pasajeros<\/strong> a bordo del primer <strong>D\u00eda de la Farmacia de la Comunidad de Carga A\u00e9rea de Frankfurt<\/strong> \u2013 un evento que tiene lugar en <strong>Equipo de Competencia Farmac\u00e9utica<\/strong> Se desarroll\u00f3 y mostr\u00f3 cu\u00e1n diverso, din\u00e1mico y orientado al futuro es el mundo de la log\u00edstica farmac\u00e9utica.<\/p>\n<p><img decoding=\"async\" class=\"alignnone wp-image-29837 size-full lazyload\" data-src=\"https:\/\/www.aircargocommunity.com\/wp-content\/uploads\/Preview-13-scaled.jpg\" alt=\"\" width=\"2560\" height=\"1707\" data-srcset=\"https:\/\/www.aircargocommunity.com\/wp-content\/uploads\/Preview-13-scaled.jpg 2560w, https:\/\/www.aircargocommunity.com\/wp-content\/uploads\/Preview-13-300x200.jpg 300w, https:\/\/www.aircargocommunity.com\/wp-content\/uploads\/Preview-13-1024x683.jpg 1024w, https:\/\/www.aircargocommunity.com\/wp-content\/uploads\/Preview-13-768x512.jpg 768w, https:\/\/www.aircargocommunity.com\/wp-content\/uploads\/Preview-13-1536x1024.jpg 1536w, https:\/\/www.aircargocommunity.com\/wp-content\/uploads\/Preview-13-2048x1365.jpg 2048w, https:\/\/www.aircargocommunity.com\/wp-content\/uploads\/Preview-13-18x12.jpg 18w\" data-sizes=\"auto\" src=\"data:image\/svg+xml;base64,PHN2ZyB3aWR0aD0iMSIgaGVpZ2h0PSIxIiB4bWxucz0iaHR0cDovL3d3dy53My5vcmcvMjAwMC9zdmciPjwvc3ZnPg==\" style=\"--smush-placeholder-width: 2560px; --smush-placeholder-aspect-ratio: 2560\/1707;\" data-original-sizes=\"(max-width: 2560px) 100vw, 2560px\" \/><br \/>\nEn <strong>tres secciones de vuelo tem\u00e1ticas<\/strong> Los participantes pudieron adquirir conocimientos interesantes desde diferentes perspectivas.<br \/>\nDe acuerdo al equipo de competencias desarrollado <a href=\"https:\/\/www.youtube.com\/watch?v=ySFSiPRlKIs\">Pel\u00edcula sobre el PharmaHub Frankfurt<\/a> permaneci\u00f3 <strong>Los desarrollos actuales en la industria farmac\u00e9utica en el punto de mira<\/strong>Las tendencias, los nuevos productos y los cambios en los requisitos log\u00edsticos demostraron el dinamismo con el que se desarrolla actualmente la industria. Tambi\u00e9n se examin\u00f3 el marco legal, as\u00ed como ejemplos concretos de entregas a zonas de crisis y desastres. Esto puso de relieve la<strong> Los desaf\u00edos log\u00edsticos asociados a las misiones humanitarias y la contribuci\u00f3n que el transporte a\u00e9reo de mercanc\u00edas hace en tales situaciones<\/strong>.<\/p>\n<p>Luego de un intenso intercambio en el Desayuno Conjunto de la Red, el programa puso rumbo a la <strong>aspectos operativos del transporte<\/strong>El tema fue la manipulaci\u00f3n de carga de productos farmac\u00e9uticos sensibles a la temperatura. Se debatieron las posibilidades del transporte con temperatura controlada antes del transporte y el uso de soluciones de embalaje activas y pasivas, as\u00ed como su papel en la relaci\u00f3n entre rentabilidad y sostenibilidad. La clara se\u00f1al de la industria fue particularmente alentadora: el sector del transporte ya est\u00e1 encaminado hacia... <strong>Cumplir de forma fiable los altos est\u00e1ndares de seguridad, calidad y transparencia junto con los fabricantes farmac\u00e9uticos.<\/strong>.<\/p>\n<p><img decoding=\"async\" class=\"alignnone wp-image-29833 size-full lazyload\" data-src=\"https:\/\/www.aircargocommunity.com\/wp-content\/uploads\/10_Alex-Guillen-2-scaled.jpg\" alt=\"\" width=\"2560\" height=\"1707\" data-srcset=\"https:\/\/www.aircargocommunity.com\/wp-content\/uploads\/10_Alex-Guillen-2-scaled.jpg 2560w, https:\/\/www.aircargocommunity.com\/wp-content\/uploads\/10_Alex-Guillen-2-300x200.jpg 300w, https:\/\/www.aircargocommunity.com\/wp-content\/uploads\/10_Alex-Guillen-2-1024x683.jpg 1024w, https:\/\/www.aircargocommunity.com\/wp-content\/uploads\/10_Alex-Guillen-2-768x512.jpg 768w, https:\/\/www.aircargocommunity.com\/wp-content\/uploads\/10_Alex-Guillen-2-1536x1024.jpg 1536w, https:\/\/www.aircargocommunity.com\/wp-content\/uploads\/10_Alex-Guillen-2-2048x1365.jpg 2048w, https:\/\/www.aircargocommunity.com\/wp-content\/uploads\/10_Alex-Guillen-2-18x12.jpg 18w\" data-sizes=\"auto\" src=\"data:image\/svg+xml;base64,PHN2ZyB3aWR0aD0iMSIgaGVpZ2h0PSIxIiB4bWxucz0iaHR0cDovL3d3dy53My5vcmcvMjAwMC9zdmciPjwvc3ZnPg==\" style=\"--smush-placeholder-width: 2560px; --smush-placeholder-aspect-ratio: 2560\/1707;\" data-original-sizes=\"(max-width: 2560px) 100vw, 2560px\" \/><br \/>\nAl final del d\u00eda hubo un <strong>Una mirada al futuro de la log\u00edstica farmac\u00e9utica<\/strong>DHL present\u00f3 su visi\u00f3n de la log\u00edstica inteligente, aprovechando a\u00fan m\u00e1s las oportunidades digitales. Lufthansa Cargo present\u00f3 los \u00faltimos avances en el sector farmac\u00e9utico, cuyo objetivo es aumentar la transparencia y, por consiguiente, la confianza en la cadena de suministro. La jornada concluy\u00f3 con una presentaci\u00f3n sobre el uso de datos en tiempo real, que no solo ofrece ventajas operativas, sino que tambi\u00e9n puede contribuir significativamente al dise\u00f1o sostenible de los procesos log\u00edsticos.<br \/>\nDespu\u00e9s del vuelo a trav\u00e9s del variado programa a bordo, algunos de los pasajeros a\u00fan ten\u00edan una <strong>Recorrido farmac\u00e9utico en el aeropuerto de Frankfurt<\/strong> Esto brind\u00f3 la oportunidad de conocer de primera mano la aplicaci\u00f3n pr\u00e1ctica del transporte con plataforma de temperatura controlada y de echar un vistazo al interior de un carguero. Una visita guiada por las salas de temperatura controlada para la manipulaci\u00f3n de productos farmac\u00e9uticos complet\u00f3 el recorrido.<br \/>\nA pesar de la persistente ola de calor, los pasajeros pudieron disfrutar de este vuelo inaugural. La ambientaci\u00f3n de &quot;El Avi\u00f3n&quot; tambi\u00e9n contribuy\u00f3 a la atm\u00f3sfera especial a bordo, propiciando las condiciones ideales para conversar a una relajada altitud de crucero. Al final del d\u00eda, los pasajeros coincidieron: <strong>Este primer vuelo no fue un billete de ida: el Pharma Day tiene el potencial de convertirse en un vuelo regular programado.<\/strong><\/p>\n<h3>Common PreCheck entra en la segunda fase del proyecto<\/h3>\n<p>Desde <strong>1 de agosto de 2025<\/strong> Entra en vigor un cambio importante en el proceso de reserva de franjas horarias para la entrega y recogida de carga a\u00e9rea en el aeropuerto de Frankfurt: <strong>El uso del Common PreCheck ser\u00e1 obligatorio para todas las reservas de franjas horarias en el sitio.<br \/>\n<\/strong>El objetivo de esta medida es estandarizar y optimizar los procesos operativos entre los distintos gestores de mercanc\u00edas. De este modo, el Common PreCheck se convertir\u00e1 en el punto de contacto central para la reserva de franjas horarias in situ.<\/p>\n<p><span style=\"text-decoration: underline\"><strong>\u00bfQu\u00e9 significa eso espec\u00edficamente?<\/strong><\/span><\/p>\n<ul>\n<li>Los conductores que lleguen al aeropuerto sin un espacio reservado previamente en l\u00ednea solo pueden reservar uno a trav\u00e9s del Punto de PreCheck Com\u00fan en la Puerta 32 (junto a las barreras de entrada a CargoCity South).<\/li>\n<li>Hay cuatro terminales disponibles en el sitio que brindan acceso al sistema comunitario FAIR@Link de allivate.<\/li>\n<li>Common PreCheck est\u00e1 disponible para todas las empresas involucradas en el proyecto:\n<ul>\n<li>Celebi<\/li>\n<li>Servicios de carga de FCS Frankfurt<\/li>\n<li>Manipulaci\u00f3n de carga a\u00e9rea LUG<\/li>\n<li>Schenker (como transportista)<\/li>\n<\/ul>\n<\/li>\n<\/ul>\n<p><span style=\"text-decoration: underline\"><strong>Importante:<\/strong><\/span><\/p>\n<p>A partir del 1 de agosto de 2025, ya no ser\u00e1 posible reservar franjas horarias a trav\u00e9s de terminales descentralizadas en los manipuladores de mercanc\u00edas antes mencionados ni en Schenker.<br \/>\n<strong>Por lo tanto, le recomendamos encarecidamente que reserve un espacio en l\u00ednea con anticipaci\u00f3n.<\/strong><\/p>\n<p><span style=\"text-decoration: underline\"><strong>Para apoyar la transici\u00f3n:<\/strong><\/span><\/p>\n<p>Justo al lado del Common PreCheck hay una zona de estacionamiento de facturaci\u00f3n gratuita para camiones con un tiempo de estacionamiento de hasta 30 minutos.<br \/>\nPara tiempos de espera m\u00e1s largos hasta que comience el turno, el gran estacionamiento para camiones P632 se encuentra en las inmediaciones de la Puerta 32.<\/p>\n<p><strong>Comparta esta informaci\u00f3n con todos los clientes, conductores y socios relevantes para garantizar una transici\u00f3n sin problemas.<\/strong><br \/>\nUn v\u00eddeo explicativo sobre la infraestructura Common PreCheck (disponible en varios idiomas) para distribuir a sus equipos est\u00e1 disponible en el siguiente enlace: <a href=\"https:\/\/www.youtube.com\/watch?v=2LGOxq57ysM&amp;list=PLCQZHIttZg6TuQeWTTQCNa3bj7aPkZTHL&amp;index=14\">Explicaci\u00f3n del PreCheck com\u00fan<\/a><br \/>\nSi tienes alguna pregunta no dudes en contactarnos.<\/p>\n<h3>Lanzamiento de la Alerta de Servicio de Carga: fase de prueba hasta octubre de 2025<\/h3>\n<p>Para aumentar a\u00fan m\u00e1s la resiliencia de nuestro sitio ante cuellos de botella e incidentes operativos, el apoyo mutuo en el sitio es crucial.<br \/>\nSin embargo, esto solo puede tener \u00e9xito si todas las partes involucradas son informadas de forma r\u00e1pida y fiable sobre las interrupciones o cuellos de botella operativos. En este contexto, el equipo de competencia de Rendimiento del Hub de Air Cargo Community Frankfurt eV ha... <strong>Alerta de Servicio de Carga como sistema de reporte<\/strong> dise\u00f1ado.<br \/>\nNos complace que el <strong>La fase de prueba de las Alertas de Servicio de Carga comienza el 1 de julio<\/strong> y se extender\u00e1 inicialmente hasta finales de octubre de 2025.<\/p>\n<p><img decoding=\"async\" class=\"alignnone wp-image-29834 size-full lazyload\" data-src=\"https:\/\/www.aircargocommunity.com\/wp-content\/uploads\/Cargo-Service-Alert.png\" alt=\"\" width=\"606\" height=\"328\" data-srcset=\"https:\/\/www.aircargocommunity.com\/wp-content\/uploads\/Cargo-Service-Alert.png 606w, https:\/\/www.aircargocommunity.com\/wp-content\/uploads\/Cargo-Service-Alert-300x162.png 300w, https:\/\/www.aircargocommunity.com\/wp-content\/uploads\/Cargo-Service-Alert-18x10.png 18w\" data-sizes=\"auto\" src=\"data:image\/svg+xml;base64,PHN2ZyB3aWR0aD0iMSIgaGVpZ2h0PSIxIiB4bWxucz0iaHR0cDovL3d3dy53My5vcmcvMjAwMC9zdmciPjwvc3ZnPg==\" style=\"--smush-placeholder-width: 606px; --smush-placeholder-aspect-ratio: 606\/328;\" data-original-sizes=\"(max-width: 606px) 100vw, 606px\" \/><br \/>\n<span style=\"text-decoration: underline\"><strong>\u00bfQu\u00e9 es exactamente la Alerta de Servicio de Carga?<\/strong><\/span><br \/>\nLa Alerta de Servicio de Carga de FRA es el primer sistema implementado que permite a las empresas de Fr\u00e1ncfort proporcionar informaci\u00f3n temprana, estandarizada y directa sobre interrupciones operativas actuales o previstas. El objetivo es comunicar r\u00e1pidamente los desaf\u00edos operativos \u2014como problemas t\u00e9cnicos, escasez imprevista de personal, cuellos de botella de capacidad o restricciones clim\u00e1ticas\u2014 dentro de la comunidad, lo que permite la implementaci\u00f3n inmediata de procedimientos alternativos y el apoyo mutuo.<\/p>\n<p><strong><span style=\"text-decoration: underline\">As\u00ed es como funciona el proceso de presentaci\u00f3n de informes:<\/span><\/strong><\/p>\n<ol>\n<li>Los informes son enviados exclusivamente por las empresas afectadas utilizando una plantilla de informes estandarizada.<\/li>\n<li>La notificaci\u00f3n se env\u00eda a una direcci\u00f3n de correo electr\u00f3nico central y se reenv\u00eda de forma autom\u00e1tica e inmediata a las empresas miembros que participan en la Alerta de Servicio de Carga.<\/li>\n<li>Se puede utilizar una persona de contacto definida para contactar directamente con la empresa afectada y la persona de contacto correcta.<\/li>\n<li>Los mensajes de seguimiento y finales se pueden utilizar para informar r\u00e1pidamente sobre situaciones cambiantes o la resoluci\u00f3n de la situaci\u00f3n.<\/li>\n<\/ol>\n<p><strong>Muchas gracias a las m\u00e1s de 20 empresas miembro que participaron en la fase de prueba. Esperamos con inter\u00e9s los resultados de la prueba conjunta.<\/strong><\/p>\n<h3>Lanzamiento de la Secci\u00f3n Farmac\u00e9utica y la Tarjeta Farmac\u00e9utica de Fraport<\/h3>\n<p>Con motivo de la <strong>D\u00eda de la Farmacia de la Comunidad de Carga A\u00e9rea<\/strong>, iniciado por Fraport AG <strong>Campa\u00f1a sobre log\u00edstica farmac\u00e9utica en la planta de FRA<\/strong>Esto incluye, entre otras cosas, la ampliaci\u00f3n de la <a href=\"https:\/\/www.frankfurt-cargohub.de\/de\/leistungen\/pharma-fra---europas-fuehrender-pharmahub-.html\">Sitio web de Fraport AG<\/a> Una nueva oferta de informaci\u00f3n digital sobre el tema &quot;Pharma@FRA&quot;. Est\u00e1 dirigida espec\u00edficamente a empresas y socios de la industria farmac\u00e9utica que utilizan el Aeropuerto de Fr\u00e1ncfort como centro log\u00edstico para el transporte de productos farmac\u00e9uticos a temperatura controlada.<br \/>\nEl coraz\u00f3n de la nueva secci\u00f3n es el <strong>mapa farmac\u00e9utico interactivo<\/strong>, que por primera vez ofrece una visi\u00f3n general transparente de la infraestructura y los servicios relevantes para el transporte de productos farmac\u00e9uticos sensibles. Desde \u00e1reas de almacenamiento con temperatura controlada hasta proveedores de servicios de manipulaci\u00f3n certificados y rutas de transporte especializadas, los usuarios pueden obtener informaci\u00f3n espec\u00edfica sobre las ubicaciones y los servicios disponibles en las instalaciones del aeropuerto con solo unos clics.<br \/>\nLa nueva secci\u00f3n <strong>Frankfurt como centro farmac\u00e9utico en Europa<\/strong> destac\u00f3 su papel de liderazgo como ubicaci\u00f3n para procesos de transporte a\u00e9reo que cumplen con las normas GDP y establece un ejemplo de innovaci\u00f3n y orientaci\u00f3n al cliente en la log\u00edstica farmac\u00e9utica.<br \/>\n<strong>Gracias a todas las empresas miembros que respondieron a nuestro llamado para aparecer en la Tarjeta Pharma.<\/strong><\/p>\n<p><img decoding=\"async\" class=\"alignnone wp-image-29836 size-full lazyload\" data-src=\"https:\/\/www.aircargocommunity.com\/wp-content\/uploads\/Pharma-Map.png\" alt=\"\" width=\"554\" height=\"299\" data-srcset=\"https:\/\/www.aircargocommunity.com\/wp-content\/uploads\/Pharma-Map.png 554w, https:\/\/www.aircargocommunity.com\/wp-content\/uploads\/Pharma-Map-300x162.png 300w, https:\/\/www.aircargocommunity.com\/wp-content\/uploads\/Pharma-Map-18x10.png 18w\" data-sizes=\"auto\" src=\"data:image\/svg+xml;base64,PHN2ZyB3aWR0aD0iMSIgaGVpZ2h0PSIxIiB4bWxucz0iaHR0cDovL3d3dy53My5vcmcvMjAwMC9zdmciPjwvc3ZnPg==\" style=\"--smush-placeholder-width: 554px; --smush-placeholder-aspect-ratio: 554\/299;\" data-original-sizes=\"(max-width: 554px) 100vw, 554px\" \/><\/p>\n<p>&nbsp;<\/p>\n<p>\u00bfLas noticias de la comunidad una vez al mes no te parecen suficientes? Entonces por favor visite nuestro <a href=\"https:\/\/www.linkedin.com\/company\/69530642\/admin\/dashboard\/\">canal de LinkedIn<\/a> \u2013 lo mejor es suscribirse directamente.<\/p>\n<p>\u00bfTiene alguna pregunta o comentario? \u00a1Esperamos su mensaje o llamada!<\/p>\n<p>Atentamente<\/p>\n<p>Su equipo de Air Cargo Community Frankfurt eV<\/p>","protected":false},"excerpt":{"rendered":"<p>Nuestra comunidad sigue creciendo con nuevos miembros. El primer D\u00eda Farmac\u00e9utico fue todo un \u00e9xito. Con Common PreCheck, el proceso de asignaci\u00f3n de franjas horarias se vuelve m\u00e1s eficiente, \u00a1obligatorio a partir de agosto! Adem\u00e1s: el inicio de la fase de prueba de Cargo Service Alert y el lanzamiento de la nueva secci\u00f3n farmac\u00e9utica en Fraport con un mapa interactivo. \u00a1Merece la pena echarle un vistazo!<\/p>","protected":false},"author":4,"featured_media":29839,"comment_status":"closed","ping_status":"closed","sticky":false,"template":"","format":"standard","meta":{"_acf_changed":false,"wds_primary_category":0,"footnotes":""},"categories":[5],"tags":[],"class_list":["post-29832","post","type-post","status-publish","format-standard","has-post-thumbnail","hentry","category-frachtpost"],"acf":[],"_links":{"self":[{"href":"https:\/\/www.aircargocommunity.com\/es\/wp-json\/wp\/v2\/posts\/29832","targetHints":{"allow":["GET"]}}],"collection":[{"href":"https:\/\/www.aircargocommunity.com\/es\/wp-json\/wp\/v2\/posts"}],"about":[{"href":"https:\/\/www.aircargocommunity.com\/es\/wp-json\/wp\/v2\/types\/post"}],"author":[{"embeddable":true,"href":"https:\/\/www.aircargocommunity.com\/es\/wp-json\/wp\/v2\/users\/4"}],"replies":[{"embeddable":true,"href":"https:\/\/www.aircargocommunity.com\/es\/wp-json\/wp\/v2\/comments?post=29832"}],"version-history":[{"count":7,"href":"https:\/\/www.aircargocommunity.com\/es\/wp-json\/wp\/v2\/posts\/29832\/revisions"}],"predecessor-version":[{"id":30170,"href":"https:\/\/www.aircargocommunity.com\/es\/wp-json\/wp\/v2\/posts\/29832\/revisions\/30170"}],"wp:featuredmedia":[{"embeddable":true,"href":"https:\/\/www.aircargocommunity.com\/es\/wp-json\/wp\/v2\/media\/29839"}],"wp:attachment":[{"href":"https:\/\/www.aircargocommunity.com\/es\/wp-json\/wp\/v2\/media?parent=29832"}],"wp:term":[{"taxonomy":"category","embeddable":true,"href":"https:\/\/www.aircargocommunity.com\/es\/wp-json\/wp\/v2\/categories?post=29832"},{"taxonomy":"post_tag","embeddable":true,"href":"https:\/\/www.aircargocommunity.com\/es\/wp-json\/wp\/v2\/tags?post=29832"}],"curies":[{"name":"wp","href":"https:\/\/api.w.org\/{rel}","templated":true}]}}