{"id":30018,"date":"2025-08-18T09:00:34","date_gmt":"2025-08-18T07:00:34","guid":{"rendered":"https:\/\/www.aircargocommunity.com\/?p=30018"},"modified":"2025-08-19T08:17:11","modified_gmt":"2025-08-19T06:17:11","slug":"frank-bauer-appointed-as-new-board-member-of-air-cargo-community-frankfurt-e-v","status":"publish","type":"post","link":"https:\/\/www.aircargocommunity.com\/es\/news\/pressemitteilung\/frank-bauer-appointed-as-new-board-member-of-air-cargo-community-frankfurt-e-v\/","title":{"rendered":"Frank Bauer, nuevo miembro de la junta directiva de Air Cargo Community Frankfurt eV"},"content":{"rendered":"<h3>La Air Cargo Community Frankfurt eV da la bienvenida a Frank Bauer como nuevo miembro de su junta directiva.<\/h3>\n<p>Fr\u00e1ncfort del Meno, 18 de agosto de 2025<\/p>\n<p>En su nuevo cargo como Director de Operaciones (COO) de Lufthansa Cargo AG, Bauer representar\u00e1 a la empresa en el Comit\u00e9 Ejecutivo de nuestra asociaci\u00f3n.<\/p>\n<p>Con sus muchos a\u00f1os de experiencia en el sector de carga a\u00e9rea, Frank Bauer aporta a la asociaci\u00f3n una amplia experiencia en el sector y en liderazgo. A lo largo de su trayectoria profesional, ha ocupado diversos cargos dentro del Grupo Lufthansa, incluyendo la Junta Directiva de Eurowings y en Control y Gesti\u00f3n de Riesgos. Antes de su nombramiento como Director de Operaciones el 1 de julio de 2025, Frank Bauer se desempe\u00f1\u00f3 como Director Financiero (CFO), Director de Recursos Humanos (CHRO) y Director de Relaciones Laborales desde agosto de 2023.<\/p>\n<p>\u00abEstoy encantado de poder contribuir activamente al futuro de la Comunidad de Carga A\u00e9rea de Fr\u00e1ncfort como nuevo miembro de la junta\u00bb, afirma Frank Bauer. \u00abFr\u00e1ncfort es uno de los centros de carga a\u00e9rea m\u00e1s importantes del mundo, y estoy convencido de que la cooperaci\u00f3n constructiva dentro de la comunidad es fundamental para su \u00e9xito y crecimiento. Para m\u00ed es especialmente importante impulsar conjuntamente la FRA a trav\u00e9s de la digitalizaci\u00f3n y la innovaci\u00f3n. Espero con inter\u00e9s el intercambio constructivo con los miembros y la Junta de la ACCF\u00bb.<\/p>\n<p>La Comunidad de Carga A\u00e9rea de Frankfurt re\u00fane a m\u00e1s de 100 empresas a lo largo de la cadena de valor de la carga a\u00e9rea en el Aeropuerto de Frankfurt, el principal centro de carga de Europa, con el objetivo de desarrollar procesos y ubicaciones.<\/p>","protected":false},"excerpt":{"rendered":"<p>La Comunidad de Carga A\u00e9rea de Frankfurt eV da la bienvenida a Frank Bauer, Director de Operaciones de Lufthansa Cargo AG, como nuevo miembro de su Junta Directiva. Con su amplia experiencia en el Grupo Lufthansa, incluyendo puestos de liderazgo en Eurowings y en finanzas, recursos humanos y gesti\u00f3n de riesgos, Bauer aporta a la asociaci\u00f3n un profundo conocimiento del sector. Su objetivo es impulsar el desarrollo del Aeropuerto de Frankfurt mediante la digitalizaci\u00f3n, la innovaci\u00f3n y la colaboraci\u00f3n constructiva dentro de la comunidad.<\/p>","protected":false},"author":9,"featured_media":30020,"comment_status":"closed","ping_status":"closed","sticky":false,"template":"","format":"standard","meta":{"_acf_changed":false,"wds_primary_category":0,"footnotes":""},"categories":[29],"tags":[],"class_list":["post-30018","post","type-post","status-publish","format-standard","has-post-thumbnail","hentry","category-pressemitteilung"],"acf":[],"_links":{"self":[{"href":"https:\/\/www.aircargocommunity.com\/es\/wp-json\/wp\/v2\/posts\/30018","targetHints":{"allow":["GET"]}}],"collection":[{"href":"https:\/\/www.aircargocommunity.com\/es\/wp-json\/wp\/v2\/posts"}],"about":[{"href":"https:\/\/www.aircargocommunity.com\/es\/wp-json\/wp\/v2\/types\/post"}],"author":[{"embeddable":true,"href":"https:\/\/www.aircargocommunity.com\/es\/wp-json\/wp\/v2\/users\/9"}],"replies":[{"embeddable":true,"href":"https:\/\/www.aircargocommunity.com\/es\/wp-json\/wp\/v2\/comments?post=30018"}],"version-history":[{"count":8,"href":"https:\/\/www.aircargocommunity.com\/es\/wp-json\/wp\/v2\/posts\/30018\/revisions"}],"predecessor-version":[{"id":30048,"href":"https:\/\/www.aircargocommunity.com\/es\/wp-json\/wp\/v2\/posts\/30018\/revisions\/30048"}],"wp:featuredmedia":[{"embeddable":true,"href":"https:\/\/www.aircargocommunity.com\/es\/wp-json\/wp\/v2\/media\/30020"}],"wp:attachment":[{"href":"https:\/\/www.aircargocommunity.com\/es\/wp-json\/wp\/v2\/media?parent=30018"}],"wp:term":[{"taxonomy":"category","embeddable":true,"href":"https:\/\/www.aircargocommunity.com\/es\/wp-json\/wp\/v2\/categories?post=30018"},{"taxonomy":"post_tag","embeddable":true,"href":"https:\/\/www.aircargocommunity.com\/es\/wp-json\/wp\/v2\/tags?post=30018"}],"curies":[{"name":"wp","href":"https:\/\/api.w.org\/{rel}","templated":true}]}}