{"id":30133,"date":"2025-08-06T09:30:05","date_gmt":"2025-08-06T07:30:05","guid":{"rendered":"https:\/\/www.aircargocommunity.com\/?p=30133"},"modified":"2025-10-05T22:22:05","modified_gmt":"2025-10-05T20:22:05","slug":"frachtpost-juli","status":"publish","type":"post","link":"https:\/\/www.aircargocommunity.com\/es\/news\/frachtpost\/frachtpost-juli\/","title":{"rendered":"Noticias de la comunidad julio de 2025"},"content":{"rendered":"<p>Querida comunidad,<\/p>\n<p>En la edici\u00f3n de julio de FRachtpost le esperan interesantes actualizaciones, nuevas ideas del ACCF y un hito especial.<br \/>\n\u00a1Merece la pena echarle un vistazo, como siempre!<\/p>\n<h3>Damos la bienvenida a nuestro miembro n\u00famero 100<\/h3>\n<p>Como ya habr\u00e1s visto en el <a href=\"https:\/\/www.aircargocommunity.com\/es\/news\/pressemitteilung\/air-cargo-community-frankfurt-welcomes-its-100th-member-company-champ-cargosystems-gmbh\/\">prensa<\/a> Estamos muy contentos de poder <a href=\"https:\/\/www.champ.aero\">CHAMP Cargosystems GmbH<\/a> Para dar la bienvenida a nuestro miembro n\u00famero 100 a la Comunidad de Carga A\u00e9rea de Frankfurt: \u00a1un hito importante para nuestra comunidad en crecimiento!<br \/>\nCHAMP, proveedor l\u00edder mundial de servicios de TI para el transporte a\u00e9reo, aporta una valiosa experiencia, especialmente en las \u00e1reas de digitalizaci\u00f3n y optimizaci\u00f3n de procesos. Esta nueva incorporaci\u00f3n subraya el esp\u00edritu din\u00e1mico y colaborativo de FRA, as\u00ed como el claro compromiso con el desarrollo de nuestro centro de carga.<\/p>\n<p>\u00a1Bienvenido a bordo, CAMPE\u00d3N!<\/p>\n<p><img fetchpriority=\"high\" decoding=\"async\" class=\"alignnone wp-image-30134 size-full\" src=\"https:\/\/www.aircargocommunity.com\/wp-content\/uploads\/100th-MEMBER.jpg\" alt=\"\" width=\"1200\" height=\"1200\" srcset=\"https:\/\/www.aircargocommunity.com\/wp-content\/uploads\/100th-MEMBER.jpg 1200w, https:\/\/www.aircargocommunity.com\/wp-content\/uploads\/100th-MEMBER-300x300.jpg 300w, https:\/\/www.aircargocommunity.com\/wp-content\/uploads\/100th-MEMBER-1024x1024.jpg 1024w, https:\/\/www.aircargocommunity.com\/wp-content\/uploads\/100th-MEMBER-150x150.jpg 150w, https:\/\/www.aircargocommunity.com\/wp-content\/uploads\/100th-MEMBER-768x768.jpg 768w, https:\/\/www.aircargocommunity.com\/wp-content\/uploads\/100th-MEMBER-12x12.jpg 12w\" sizes=\"(max-width: 1200px) 100vw, 1200px\" \/><\/p>\n<h3>Un centro. Una misi\u00f3n. Una comunidad. Proceso farmac\u00e9utico en FRA<\/h3>\n<p>En el nuevo v\u00eddeo farmac\u00e9utico de Air Cargo Community Frankfurt, seguimos el proceso de los medicamentos termosensibles, desde su desarrollo en el laboratorio hasta su transporte al aeropuerto y la entrega a la aerol\u00ednea. El v\u00eddeo demuestra de forma impresionante la estrecha colaboraci\u00f3n entre los actores de la planta de Frankfurt para garantizar los m\u00e1s altos est\u00e1ndares de calidad y seguridad en el transporte a\u00e9reo de productos farmac\u00e9uticos.<\/p>\n<p>Desde salas con temperatura controlada hasta contenedores ajustables y proveedores de servicios de transporte, los actores brindan informaci\u00f3n sobre su papel a lo largo de la cadena de suministro e ilustran por qu\u00e9 Frankfurt es uno de los principales centros farmac\u00e9uticos del mundo.<\/p>\n<p>La producci\u00f3n de la pel\u00edcula fue posible gracias a la dedicaci\u00f3n de numerosos miembros de nuestra comunidad. Agradecemos sinceramente a todos los involucrados por su tiempo, su apertura y su firme apoyo a este proyecto conjunto.<\/p>\n<p>\u00a1Comparte la pel\u00edcula y nuestro entusiasmo! \u00dasala en tus canales y muestra lo que nos motiva.<\/p>\n<p>Compru\u00e9balo ahora y comp\u00e1rtelo: <a href=\"https:\/\/www.youtube.com\/watch?v=ySFSiPRlKIs\">PharmaHub Fr\u00e1ncfort<\/a><\/p>\n<p><a href=\"https:\/\/www.youtube.com\/watch?v=ySFSiPRlKIs\"> <img decoding=\"async\" class=\"alignnone wp-image-30137 size-full lazyload\" data-src=\"https:\/\/www.aircargocommunity.com\/wp-content\/uploads\/PharmaVideo.jpg\" alt=\"\" width=\"1312\" height=\"737\" data-srcset=\"https:\/\/www.aircargocommunity.com\/wp-content\/uploads\/PharmaVideo.jpg 1312w, https:\/\/www.aircargocommunity.com\/wp-content\/uploads\/PharmaVideo-300x169.jpg 300w, https:\/\/www.aircargocommunity.com\/wp-content\/uploads\/PharmaVideo-1024x575.jpg 1024w, https:\/\/www.aircargocommunity.com\/wp-content\/uploads\/PharmaVideo-768x431.jpg 768w, https:\/\/www.aircargocommunity.com\/wp-content\/uploads\/PharmaVideo-18x10.jpg 18w\" data-sizes=\"auto\" src=\"data:image\/svg+xml;base64,PHN2ZyB3aWR0aD0iMSIgaGVpZ2h0PSIxIiB4bWxucz0iaHR0cDovL3d3dy53My5vcmcvMjAwMC9zdmciPjwvc3ZnPg==\" style=\"--smush-placeholder-width: 1312px; --smush-placeholder-aspect-ratio: 1312\/737;\" data-original-sizes=\"(max-width: 1312px) 100vw, 1312px\" \/> <\/a><\/p>\n<p>&nbsp;<\/p>\n<h3>Estudio sobre cadenas de suministro sostenibles y digitales: \u00a1necesitamos su experiencia!<\/h3>\n<p>\u00bfC\u00f3mo impactan las tecnolog\u00edas disruptivas y los requisitos de sostenibilidad en las cadenas de suministro globales? DHBW Mannheim investiga esta cuesti\u00f3n en un estudio actual con gran relevancia pr\u00e1ctica.<br \/>\nBuscamos la opini\u00f3n de expertos en log\u00edstica, compras, producci\u00f3n y gesti\u00f3n de la cadena de suministro. Participar en la encuesta an\u00f3nima en l\u00ednea toma aproximadamente de 7 a 9 minutos.<br \/>\nHaga clic aqu\u00ed para realizar la encuesta: <a href=\"https:\/\/survey.dhbw-mannheim.de\/uc\/2404\/\">https:\/\/survey.dhbw-mannheim.de\/uc\/2404\/<\/a><\/p>\n<h3>Turbulencia global: C\u00f3mo la geopol\u00edtica y las disputas arancelarias est\u00e1n configurando el transporte a\u00e9reo de mercanc\u00edas y el comercio mundial (Avance de la Conferencia sobre Carga A\u00e9rea)<\/h3>\n<p>Las cadenas de suministro globales est\u00e1n cambiando, y las tensiones geopol\u00edticas y las disputas aduaneras plantean nuevos desaf\u00edos a la industria del transporte a\u00e9reo de mercanc\u00edas. \u00bfC\u00f3mo impactan estos acontecimientos en el tr\u00e1fico internacional de mercanc\u00edas, la planificaci\u00f3n de rutas y las tendencias generales del transporte? La sesi\u00f3n &quot;Econom\u00eda y Perspectivas Generales&quot; de la Conferencia de Transporte A\u00e9reo de este a\u00f1o ofrece una perspectiva bien fundamentada, uno de los muchos contenidos destacados del evento.<\/p>\n<p><strong>Damos la bienvenida a ponentes de primer nivel a este bloque tem\u00e1tico.<\/strong><\/p>\n<p>El Dr. Vincent Stamer es economista s\u00e9nior de Commerzbank AG y experto en comercio global y macroeconom\u00eda de la zona euro. Tras estudiar econom\u00eda en la Universidad de Brown (EE. UU.) y la LMU de M\u00fanich, adquiri\u00f3 experiencia en Boston Consulting Group. Obtuvo su doctorado en pol\u00edtica comercial en la Universidad de Kiel y trabaj\u00f3 en el Instituto Kiel para la Econom\u00eda Mundial, donde recientemente dirigi\u00f3 el Indicador de Comercio de Kiel y elabor\u00f3 previsiones para el comercio exterior alem\u00e1n. Desde principios de 2024, trabaja en Commerzbank en Fr\u00e1ncfort, donde aporta su profundo an\u00e1lisis de los flujos comerciales internacionales al debate.<\/p>\n<p>Glyn Hughes cuenta con m\u00e1s de 42 a\u00f1os de experiencia en el sector de carga a\u00e9rea. Tras ocupar puestos en British Caledonian y como Director Global de Carga en la IATA, desde 2021, como primer Director General de TIACA, ha sido responsable de impulsar una industria de carga a\u00e9rea segura, innovadora y sostenible. Su enfoque se centra en la seguridad, la digitalizaci\u00f3n, la innovaci\u00f3n y el desarrollo de j\u00f3venes talentos. Glyn goza de gran prestigio mundial y est\u00e1 comprometido con el fortalecimiento de las colaboraciones y la formaci\u00f3n de la pr\u00f3xima generaci\u00f3n de l\u00edderes del sector.<br \/>\n<img decoding=\"async\" class=\"alignnone wp-image-30138 size-full lazyload\" data-src=\"https:\/\/www.aircargocommunity.com\/wp-content\/uploads\/General-Economics-final.jpg\" alt=\"\" width=\"1200\" height=\"1200\" data-srcset=\"https:\/\/www.aircargocommunity.com\/wp-content\/uploads\/General-Economics-final.jpg 1200w, https:\/\/www.aircargocommunity.com\/wp-content\/uploads\/General-Economics-final-300x300.jpg 300w, https:\/\/www.aircargocommunity.com\/wp-content\/uploads\/General-Economics-final-1024x1024.jpg 1024w, https:\/\/www.aircargocommunity.com\/wp-content\/uploads\/General-Economics-final-150x150.jpg 150w, https:\/\/www.aircargocommunity.com\/wp-content\/uploads\/General-Economics-final-768x768.jpg 768w, https:\/\/www.aircargocommunity.com\/wp-content\/uploads\/General-Economics-final-12x12.jpg 12w\" data-sizes=\"auto\" src=\"data:image\/svg+xml;base64,PHN2ZyB3aWR0aD0iMSIgaGVpZ2h0PSIxIiB4bWxucz0iaHR0cDovL3d3dy53My5vcmcvMjAwMC9zdmciPjwvc3ZnPg==\" style=\"--smush-placeholder-width: 1200px; --smush-placeholder-aspect-ratio: 1200\/1200;\" data-original-sizes=\"(max-width: 1200px) 100vw, 1200px\" \/><br \/>\n<strong>M\u00e1s que conferencias especializadas: el programa complementario<\/strong><\/p>\n<p>Adem\u00e1s de este emocionante bloque tem\u00e1tico, le esperan numerosas presentaciones que destacar\u00e1n las tendencias y los desaf\u00edos actuales de nuestro sector. El amplio programa complementario ofrece numerosas oportunidades para establecer contactos e intercambiar ideas, desde la gran fiesta de aniversario hasta visitas exclusivas al estadio y una variada zona de exposici\u00f3n.<\/p>\n<p>\u00a1Reg\u00edstrate ahora y asegura tu entrada!<\/p>\n<p>\u00danase a nosotros y defina activamente el futuro del transporte a\u00e9reo de mercanc\u00edas. Reg\u00edstrese ahora en nuestra p\u00e1gina web: <a href=\"http:\/\/www.air-cargo-conference.com\">www.air-cargo-conference.com<\/a>.<\/p>\n<p>Las empresas asociadas tambi\u00e9n se benefician: Con el c\u00f3digo de promoci\u00f3n <strong>M3MB3R25<\/strong> Recibir\u00e1s entradas con descuento (\u00a1exclusivamente para empresas socias!).<\/p>\n<p>\u00a1Esperamos contar con su participaci\u00f3n!<\/p>","protected":false},"excerpt":{"rendered":"<p>Un hito importante les espera en el nuevo FRAchtpost: \u00a1Damos la bienvenida a CHAMP Cargosystems como el miembro n\u00famero 100 de nuestra comunidad! En nuestro nuevo v\u00eddeo farmac\u00e9utico, tambi\u00e9n les mostramos el recorrido de los medicamentos termosensibles por el Aeropuerto de Fr\u00e1ncfort (FRA), un proyecto verdaderamente colaborativo con importantes implicaciones. Y para quienes deseen contribuir al futuro del transporte a\u00e9reo de mercanc\u00edas, encontrar\u00e1n informaci\u00f3n interesante sobre la Conferencia de Carga A\u00e9rea y una encuesta pr\u00e1ctica sobre el futuro de las cadenas de suministro globales.<\/p>","protected":false},"author":4,"featured_media":30135,"comment_status":"closed","ping_status":"closed","sticky":false,"template":"","format":"standard","meta":{"_acf_changed":false,"wds_primary_category":0,"footnotes":""},"categories":[5],"tags":[],"class_list":["post-30133","post","type-post","status-publish","format-standard","has-post-thumbnail","hentry","category-frachtpost"],"acf":[],"_links":{"self":[{"href":"https:\/\/www.aircargocommunity.com\/es\/wp-json\/wp\/v2\/posts\/30133","targetHints":{"allow":["GET"]}}],"collection":[{"href":"https:\/\/www.aircargocommunity.com\/es\/wp-json\/wp\/v2\/posts"}],"about":[{"href":"https:\/\/www.aircargocommunity.com\/es\/wp-json\/wp\/v2\/types\/post"}],"author":[{"embeddable":true,"href":"https:\/\/www.aircargocommunity.com\/es\/wp-json\/wp\/v2\/users\/4"}],"replies":[{"embeddable":true,"href":"https:\/\/www.aircargocommunity.com\/es\/wp-json\/wp\/v2\/comments?post=30133"}],"version-history":[{"count":6,"href":"https:\/\/www.aircargocommunity.com\/es\/wp-json\/wp\/v2\/posts\/30133\/revisions"}],"predecessor-version":[{"id":30169,"href":"https:\/\/www.aircargocommunity.com\/es\/wp-json\/wp\/v2\/posts\/30133\/revisions\/30169"}],"wp:featuredmedia":[{"embeddable":true,"href":"https:\/\/www.aircargocommunity.com\/es\/wp-json\/wp\/v2\/media\/30135"}],"wp:attachment":[{"href":"https:\/\/www.aircargocommunity.com\/es\/wp-json\/wp\/v2\/media?parent=30133"}],"wp:term":[{"taxonomy":"category","embeddable":true,"href":"https:\/\/www.aircargocommunity.com\/es\/wp-json\/wp\/v2\/categories?post=30133"},{"taxonomy":"post_tag","embeddable":true,"href":"https:\/\/www.aircargocommunity.com\/es\/wp-json\/wp\/v2\/tags?post=30133"}],"curies":[{"name":"wp","href":"https:\/\/api.w.org\/{rel}","templated":true}]}}