{"id":30143,"date":"2025-09-15T09:00:35","date_gmt":"2025-09-15T07:00:35","guid":{"rendered":"https:\/\/www.aircargocommunity.com\/?p=30143"},"modified":"2025-10-05T22:38:47","modified_gmt":"2025-10-05T20:38:47","slug":"frachtpost-august","status":"publish","type":"post","link":"https:\/\/www.aircargocommunity.com\/es\/news\/frachtpost\/frachtpost-august\/","title":{"rendered":"Noticias de la comunidad, agosto de 2025"},"content":{"rendered":"<p>Querida comunidad,<\/p>\n<p>S\u00ed, esta vez llegamos un poco tarde; la conferencia nos ha tenido bastante ocupados. Pero la espera merece la pena: en este n\u00famero, hemos recopilado impresiones, noticias y momentos destacados interesantes para ustedes.<\/p>\n<h3>Damos la bienvenida a nuestros nuevos miembros<\/h3>\n<p>Nuestra comunidad sigue creciendo: estamos muy contentos <a href=\"https:\/\/www.cubelog.de\">Cubelog<\/a> \u00a1Como nuevo miembro de la Comunidad de Carga A\u00e9rea Frankfurt eV!<br \/>\nCubelog es una empresa de transporte de mercanc\u00edas con un claro enfoque en el transporte a\u00e9reo. Tambi\u00e9n ofrece soluciones de transporte mar\u00edtimo y terrestre personalizadas, adaptadas a las necesidades del cliente. Su visi\u00f3n: soluciones log\u00edsticas modernas, digitales y eficientes que se adaptan a las necesidades individuales.<br \/>\nAl unirse a nuestra comunidad, Cubelog fortalece su red en el mayor centro de transporte de mercanc\u00edas de Europa. Juntos, buscamos impulsar la innovaci\u00f3n, la eficiencia y la colaboraci\u00f3n en el sector.<\/p>\n<p>Estamos llamados <a href=\"https:\/\/www.tvsscs.com\">Soluciones de cadena de suministro de TVS (TVS SCS)<\/a> \u00a1Bienvenido a la Comunidad de Carga A\u00e9rea de Frankfurt eV! La compa\u00f1\u00eda es uno de los proveedores de soluciones integradas para la cadena de suministro m\u00e1s grandes y de mayor crecimiento en India, forma parte del Grupo TVS Mobility y opera en m\u00e1s de 25 pa\u00edses. Impulsada por los valores de Confianza, Valor y Servicio, TVS SCS, con aproximadamente 17.000 empleados, gestiona cadenas de suministro complejas para organizaciones internacionales, agencias gubernamentales y empresas medianas y grandes, con el respaldo de soluciones tecnol\u00f3gicas personalizadas.<\/p>\n<p>Nos entusiasman las nuevas ideas, la valiosa experiencia y las nuevas perspectivas, y esperamos intercambiar ideas, hacer nuevas conexiones y dar forma juntos al futuro del transporte a\u00e9reo en Frankfurt.<br \/>\n<img fetchpriority=\"high\" decoding=\"async\" class=\"alignnone wp-image-30150 size-full\" src=\"https:\/\/www.aircargocommunity.com\/wp-content\/uploads\/CubelogTVS-SCS.png\" alt=\"\" width=\"1564\" height=\"1623\" srcset=\"https:\/\/www.aircargocommunity.com\/wp-content\/uploads\/CubelogTVS-SCS.png 1564w, https:\/\/www.aircargocommunity.com\/wp-content\/uploads\/CubelogTVS-SCS-289x300.png 289w, https:\/\/www.aircargocommunity.com\/wp-content\/uploads\/CubelogTVS-SCS-987x1024.png 987w, https:\/\/www.aircargocommunity.com\/wp-content\/uploads\/CubelogTVS-SCS-768x797.png 768w, https:\/\/www.aircargocommunity.com\/wp-content\/uploads\/CubelogTVS-SCS-1480x1536.png 1480w, https:\/\/www.aircargocommunity.com\/wp-content\/uploads\/CubelogTVS-SCS-12x12.png 12w\" sizes=\"(max-width: 1564px) 100vw, 1564px\" \/><\/p>\n<h3>Actualizaci\u00f3n del equipo de competencia de desempe\u00f1o del Hub: Taller sobre estandarizaci\u00f3n de procesos LAT<\/h3>\n<p>El equipo de competencia Hub Performance de la Air Cargo Community Frankfurt se reuni\u00f3 recientemente en un grupo particularmente grande, que inclu\u00eda a todos los agentes de manipulaci\u00f3n de carga (CHA) de la comunidad en el lugar.<br \/>\n<img decoding=\"async\" class=\"alignnone wp-image-30147 size-full lazyload\" data-src=\"https:\/\/www.aircargocommunity.com\/wp-content\/uploads\/Foto-Hubperformance-1.jpg\" alt=\"\" width=\"1024\" height=\"768\" data-srcset=\"https:\/\/www.aircargocommunity.com\/wp-content\/uploads\/Foto-Hubperformance-1.jpg 1024w, https:\/\/www.aircargocommunity.com\/wp-content\/uploads\/Foto-Hubperformance-1-300x225.jpg 300w, https:\/\/www.aircargocommunity.com\/wp-content\/uploads\/Foto-Hubperformance-1-768x576.jpg 768w, https:\/\/www.aircargocommunity.com\/wp-content\/uploads\/Foto-Hubperformance-1-16x12.jpg 16w\" data-sizes=\"auto\" src=\"data:image\/svg+xml;base64,PHN2ZyB3aWR0aD0iMSIgaGVpZ2h0PSIxIiB4bWxucz0iaHR0cDovL3d3dy53My5vcmcvMjAwMC9zdmciPjwvc3ZnPg==\" style=\"--smush-placeholder-width: 1024px; --smush-placeholder-aspect-ratio: 1024\/768;\" data-original-sizes=\"(max-width: 1024px) 100vw, 1024px\" \/><br \/>\nTras trabajar intensamente durante los \u00faltimos meses en la documentaci\u00f3n de los procesos generales de importaci\u00f3n y exportaci\u00f3n, el equipo ahora est\u00e1 analizando con m\u00e1s detalle el primer subproceso. Comenzaron estandarizando los procesos locales de entrega y transporte, y registrando e interpretando la Hora de Aceptaci\u00f3n L\u00edmite (LAT).<\/p>\n<p>Antes del verano, el grupo de trabajo recopil\u00f3 todas las variantes de proceso de las distintas empresas y las visualiz\u00f3 con claridad. Estas variantes se presentaron en el taller del 20 de agosto, fueron validadas por los respectivos CHA y se debatieron conjuntamente. Todos los participantes tienen ahora una visi\u00f3n general completa de los procesos de registro y LAT de los CHA en el Aeropuerto de Fr\u00e1ncfort. De este modo, se ha alcanzado un objetivo provisional.<\/p>\n<p>El taller tambi\u00e9n marc\u00f3 el inicio de nuevos trabajos de estandarizaci\u00f3n. El objetivo: simplificar los procesos de LAT mediante est\u00e1ndares lo m\u00e1s exhaustivos posible, reduciendo as\u00ed la complejidad. Esto beneficiar\u00e1 no solo a los transportistas, agentes de carga y transitarios establecidos en su actividad diaria, sino tambi\u00e9n a las nuevas empresas o transportistas que puedan establecerse en el centro lo antes posible. En general, esto mejorar\u00e1 a\u00fan m\u00e1s el rendimiento del centro.<\/p>\n<p>Cualquier persona interesada en participar activamente en el grupo de trabajo puede ponerse en contacto con el equipo de ACCF por correo electr\u00f3nico o directamente con los l\u00edderes del equipo de competencia Janina Meininger (CHI), Kai Domscheit (CHI) y Kristine Heinisch (Fraport).<br \/>\nLe informaremos sobre los pr\u00f3ximos pasos lo antes posible en los pr\u00f3ximos n\u00fameros de FRachtpost.<br \/>\n<img decoding=\"async\" class=\"alignnone wp-image-30144 size-medium lazyload\" data-src=\"https:\/\/www.aircargocommunity.com\/wp-content\/uploads\/Foto-Hubperformance-2-225x300.jpg\" alt=\"\" width=\"225\" height=\"300\" data-srcset=\"https:\/\/www.aircargocommunity.com\/wp-content\/uploads\/Foto-Hubperformance-2-225x300.jpg 225w, https:\/\/www.aircargocommunity.com\/wp-content\/uploads\/Foto-Hubperformance-2-9x12.jpg 9w, https:\/\/www.aircargocommunity.com\/wp-content\/uploads\/Foto-Hubperformance-2.jpg 768w\" data-sizes=\"auto\" src=\"data:image\/svg+xml;base64,PHN2ZyB3aWR0aD0iMSIgaGVpZ2h0PSIxIiB4bWxucz0iaHR0cDovL3d3dy53My5vcmcvMjAwMC9zdmciPjwvc3ZnPg==\" style=\"--smush-placeholder-width: 225px; --smush-placeholder-aspect-ratio: 225\/300;\" data-original-sizes=\"(max-width: 225px) 100vw, 225px\" \/> <img decoding=\"async\" class=\"alignnone size-medium wp-image-30148 lazyload\" data-src=\"https:\/\/www.aircargocommunity.com\/wp-content\/uploads\/Foto-Hubperformance-3-225x300.jpg\" alt=\"\" width=\"225\" height=\"300\" data-srcset=\"https:\/\/www.aircargocommunity.com\/wp-content\/uploads\/Foto-Hubperformance-3-225x300.jpg 225w, https:\/\/www.aircargocommunity.com\/wp-content\/uploads\/Foto-Hubperformance-3-9x12.jpg 9w, https:\/\/www.aircargocommunity.com\/wp-content\/uploads\/Foto-Hubperformance-3.jpg 768w\" data-sizes=\"auto\" src=\"data:image\/svg+xml;base64,PHN2ZyB3aWR0aD0iMSIgaGVpZ2h0PSIxIiB4bWxucz0iaHR0cDovL3d3dy53My5vcmcvMjAwMC9zdmciPjwvc3ZnPg==\" style=\"--smush-placeholder-width: 225px; --smush-placeholder-aspect-ratio: 225\/300;\" data-original-sizes=\"(max-width: 225px) 100vw, 225px\" \/><\/p>\n<h3>La primera Noche Tem\u00e1tica se centr\u00f3 en el &quot;Comercio Electr\u00f3nico Transfronterizo&quot;. El formato para el intercambio de conocimientos tuvo una excelente acogida.<\/h3>\n<p>El 12 de agosto de 2025, el equipo de YACE celebr\u00f3 un exitoso estreno: la primera Noche Tem\u00e1tica sobre comercio electr\u00f3nico. Como anfitri\u00f3n, \u00c7elebi brind\u00f3 el marco perfecto para una inspiradora velada de intercambio de conocimientos. Tres ponentes expusieron las diversas facetas, oportunidades y desaf\u00edos del comercio electr\u00f3nico transfronterizo ante un p\u00fablico interesado.<br \/>\n<img decoding=\"async\" class=\"alignnone wp-image-30151 size-full lazyload\" data-src=\"https:\/\/www.aircargocommunity.com\/wp-content\/uploads\/yace2.jpg\" alt=\"\" width=\"2048\" height=\"1477\" data-srcset=\"https:\/\/www.aircargocommunity.com\/wp-content\/uploads\/yace2.jpg 2048w, https:\/\/www.aircargocommunity.com\/wp-content\/uploads\/yace2-300x216.jpg 300w, https:\/\/www.aircargocommunity.com\/wp-content\/uploads\/yace2-1024x739.jpg 1024w, https:\/\/www.aircargocommunity.com\/wp-content\/uploads\/yace2-768x554.jpg 768w, https:\/\/www.aircargocommunity.com\/wp-content\/uploads\/yace2-1536x1108.jpg 1536w, https:\/\/www.aircargocommunity.com\/wp-content\/uploads\/yace2-18x12.jpg 18w\" data-sizes=\"auto\" src=\"data:image\/svg+xml;base64,PHN2ZyB3aWR0aD0iMSIgaGVpZ2h0PSIxIiB4bWxucz0iaHR0cDovL3d3dy53My5vcmcvMjAwMC9zdmciPjwvc3ZnPg==\" style=\"--smush-placeholder-width: 2048px; --smush-placeholder-aspect-ratio: 2048\/1477;\" data-original-sizes=\"(max-width: 2048px) 100vw, 2048px\" \/><br \/>\nEn amenas charlas breves, Michael Oliver M\u00e4rtl-Scheer (ECOM Solution GmbH) ofreci\u00f3 fascinantes perspectivas sobre la seguridad transfronteriza. Uwe Glunz, de Customs Broker, ampli\u00f3 posteriormente este tema, centr\u00e1ndose en los retos y oportunidades inherentes al comercio internacional. El programa fue completado por Heike W\u00f6rner, de Lufthansa Cargo, quien ofreci\u00f3 un resumen de los avances de los \u00faltimos a\u00f1os y abord\u00f3 las futuras novedades y el potencial del transporte a\u00e9reo de mercanc\u00edas.<br \/>\n<img decoding=\"async\" class=\"alignnone wp-image-30152 size-full lazyload\" data-src=\"https:\/\/www.aircargocommunity.com\/wp-content\/uploads\/yace1-scaled.jpg\" alt=\"\" width=\"2560\" height=\"1920\" data-srcset=\"https:\/\/www.aircargocommunity.com\/wp-content\/uploads\/yace1-scaled.jpg 2560w, https:\/\/www.aircargocommunity.com\/wp-content\/uploads\/yace1-300x225.jpg 300w, https:\/\/www.aircargocommunity.com\/wp-content\/uploads\/yace1-1024x768.jpg 1024w, https:\/\/www.aircargocommunity.com\/wp-content\/uploads\/yace1-768x576.jpg 768w, https:\/\/www.aircargocommunity.com\/wp-content\/uploads\/yace1-1536x1152.jpg 1536w, https:\/\/www.aircargocommunity.com\/wp-content\/uploads\/yace1-2048x1536.jpg 2048w, https:\/\/www.aircargocommunity.com\/wp-content\/uploads\/yace1-16x12.jpg 16w\" data-sizes=\"auto\" src=\"data:image\/svg+xml;base64,PHN2ZyB3aWR0aD0iMSIgaGVpZ2h0PSIxIiB4bWxucz0iaHR0cDovL3d3dy53My5vcmcvMjAwMC9zdmciPjwvc3ZnPg==\" style=\"--smush-placeholder-width: 2560px; --smush-placeholder-aspect-ratio: 2560\/1920;\" data-original-sizes=\"(max-width: 2560px) 100vw, 2560px\" \/><br \/>\nTras las presentaciones, se desarroll\u00f3 un animado debate entre ponentes y participantes. Esto demostr\u00f3 la estrecha relaci\u00f3n entre los requisitos regulatorios, las innovaciones tecnol\u00f3gicas y las decisiones estrat\u00e9gicas. Esto brind\u00f3 la oportunidad de plantear preguntas, compartir experiencias y obtener nuevas perspectivas. El networking tambi\u00e9n fue muy activo: en un ambiente abierto y distendido, se establecieron contactos y se profundizaron las ideas. La primera Noche Tem\u00e1tica marc\u00f3 un hito y dio inicio a una serie de eventos que les abrir\u00e1n las puertas a m\u00e1s novedades.<\/p>\n<p>Las Noches Tem\u00e1ticas son una iniciativa del equipo de J\u00f3venes Ejecutivos de Carga A\u00e9rea (YACE). Se celebran aproximadamente cada seis semanas. El concepto consiste en sesiones de un m\u00e1ximo de dos horas despu\u00e9s del trabajo. Todos los miembros de ACCF (incluidos los que no pertenecen a YACE) pueden inscribirse gratuitamente. Hasta tres ponentes de la comunidad comparten sus experiencias sobre temas clave predeterminados en presentaciones de aproximadamente 15 minutos. El objetivo es facilitar un intercambio informal de conocimientos dentro de la comunidad.<br \/>\nLa pr\u00f3xima Noche Tem\u00e1tica se centrar\u00e1 en una carrera exitosa en el transporte a\u00e9reo. Anunciaremos la fecha y el lugar lo antes posible a trav\u00e9s del evento en la p\u00e1gina web de la ACCF. \u00a1Ap\u00farate, las plazas son limitadas!<\/p>\n<h3>El coraz\u00f3n de la carga a\u00e9rea en el coraz\u00f3n de Europa: \u00a1Nuestra conferencia de aniversario deleita al p\u00fablico en Frankfurt!<\/h3>\n<p>\u00a1Qu\u00e9 celebraci\u00f3n! Ya pas\u00f3 nuestra 10.\u00aa Conferencia de Carga A\u00e9rea, \u00a1y seguimos rebosantes de energ\u00eda! El 3 y 4 de septiembre de 2025, hicimos historia junto con m\u00e1s de 400 participantes en el Adler Business Club del Deutsche Bank Park. Durante dos d\u00edas, Fr\u00e1ncfort fue el epicentro del mundo de la carga a\u00e9rea internacional, con debates apasionantes, ideas inspiradoras y muchos encuentros especiales.<br \/>\n<img decoding=\"async\" class=\"alignnone wp-image-30153 size-full lazyload\" data-src=\"https:\/\/www.aircargocommunity.com\/wp-content\/uploads\/20250903-ACC25-09-35-13-856.jpg\" alt=\"\" width=\"2500\" height=\"1667\" data-srcset=\"https:\/\/www.aircargocommunity.com\/wp-content\/uploads\/20250903-ACC25-09-35-13-856.jpg 2500w, https:\/\/www.aircargocommunity.com\/wp-content\/uploads\/20250903-ACC25-09-35-13-856-300x200.jpg 300w, https:\/\/www.aircargocommunity.com\/wp-content\/uploads\/20250903-ACC25-09-35-13-856-1024x683.jpg 1024w, https:\/\/www.aircargocommunity.com\/wp-content\/uploads\/20250903-ACC25-09-35-13-856-768x512.jpg 768w, https:\/\/www.aircargocommunity.com\/wp-content\/uploads\/20250903-ACC25-09-35-13-856-1536x1024.jpg 1536w, https:\/\/www.aircargocommunity.com\/wp-content\/uploads\/20250903-ACC25-09-35-13-856-2048x1366.jpg 2048w, https:\/\/www.aircargocommunity.com\/wp-content\/uploads\/20250903-ACC25-09-35-13-856-18x12.jpg 18w\" data-sizes=\"auto\" src=\"data:image\/svg+xml;base64,PHN2ZyB3aWR0aD0iMSIgaGVpZ2h0PSIxIiB4bWxucz0iaHR0cDovL3d3dy53My5vcmcvMjAwMC9zdmciPjwvc3ZnPg==\" style=\"--smush-placeholder-width: 2500px; --smush-placeholder-aspect-ratio: 2500\/1667;\" data-original-sizes=\"(max-width: 2500px) 100vw, 2500px\" \/><br \/>\n<strong>Juntos hacia una nueva era<\/strong><br \/>\nEn la inauguraci\u00f3n, Susanne Klingler-Werner (miembro de la Junta Directiva de UPS Supply Chain Solutions Europe y ACCF) lo dej\u00f3 claro: \u00abEstamos a las puertas de una nueva era en el transporte a\u00e9reo. La digitalizaci\u00f3n y la inteligencia artificial ya no son solo palabras de moda, sino una realidad. Esta conferencia demuestra c\u00f3mo podemos forjar el futuro juntos, y que la cooperaci\u00f3n es la clave para lograrlo\u00bb.<br \/>\n<img decoding=\"async\" class=\"alignnone wp-image-30154 size-full lazyload\" data-src=\"https:\/\/www.aircargocommunity.com\/wp-content\/uploads\/20250903-ACC25-09-32-19-846.jpg\" alt=\"\" width=\"2500\" height=\"1667\" data-srcset=\"https:\/\/www.aircargocommunity.com\/wp-content\/uploads\/20250903-ACC25-09-32-19-846.jpg 2500w, https:\/\/www.aircargocommunity.com\/wp-content\/uploads\/20250903-ACC25-09-32-19-846-300x200.jpg 300w, https:\/\/www.aircargocommunity.com\/wp-content\/uploads\/20250903-ACC25-09-32-19-846-1024x683.jpg 1024w, https:\/\/www.aircargocommunity.com\/wp-content\/uploads\/20250903-ACC25-09-32-19-846-768x512.jpg 768w, https:\/\/www.aircargocommunity.com\/wp-content\/uploads\/20250903-ACC25-09-32-19-846-1536x1024.jpg 1536w, https:\/\/www.aircargocommunity.com\/wp-content\/uploads\/20250903-ACC25-09-32-19-846-2048x1366.jpg 2048w, https:\/\/www.aircargocommunity.com\/wp-content\/uploads\/20250903-ACC25-09-32-19-846-18x12.jpg 18w\" data-sizes=\"auto\" src=\"data:image\/svg+xml;base64,PHN2ZyB3aWR0aD0iMSIgaGVpZ2h0PSIxIiB4bWxucz0iaHR0cDovL3d3dy53My5vcmcvMjAwMC9zdmciPjwvc3ZnPg==\" style=\"--smush-placeholder-width: 2500px; --smush-placeholder-aspect-ratio: 2500\/1667;\" data-original-sizes=\"(max-width: 2500px) 100vw, 2500px\" \/><br \/>\n<strong>Transformaci\u00f3n \u2013 tecnol\u00f3gica y humana<\/strong><br \/>\nUno de los temas centrales fue c\u00f3mo la inteligencia artificial ya est\u00e1 transformando los procesos hoy en d\u00eda y qu\u00e9 oportunidades ofrece en t\u00e9rminos de transparencia, eficiencia y resiliencia. Al mismo tiempo, qued\u00f3 claro que el futuro no se trata solo de tecnolog\u00eda, sino tambi\u00e9n de personas. Los debates a fondo se centraron en la escasez de trabajadores cualificados y el cambio demogr\u00e1fico, abordando la cuesti\u00f3n de c\u00f3mo podemos atraer, desarrollar y retener el talento para nuestro sector a largo plazo.<br \/>\n<img decoding=\"async\" class=\"alignnone wp-image-30164 size-full lazyload\" data-src=\"https:\/\/www.aircargocommunity.com\/wp-content\/uploads\/20250903-ACC25-15-41-31-2993.jpg\" alt=\"\" width=\"2500\" height=\"1667\" data-srcset=\"https:\/\/www.aircargocommunity.com\/wp-content\/uploads\/20250903-ACC25-15-41-31-2993.jpg 2500w, https:\/\/www.aircargocommunity.com\/wp-content\/uploads\/20250903-ACC25-15-41-31-2993-300x200.jpg 300w, https:\/\/www.aircargocommunity.com\/wp-content\/uploads\/20250903-ACC25-15-41-31-2993-1024x683.jpg 1024w, https:\/\/www.aircargocommunity.com\/wp-content\/uploads\/20250903-ACC25-15-41-31-2993-768x512.jpg 768w, https:\/\/www.aircargocommunity.com\/wp-content\/uploads\/20250903-ACC25-15-41-31-2993-1536x1024.jpg 1536w, https:\/\/www.aircargocommunity.com\/wp-content\/uploads\/20250903-ACC25-15-41-31-2993-2048x1366.jpg 2048w, https:\/\/www.aircargocommunity.com\/wp-content\/uploads\/20250903-ACC25-15-41-31-2993-18x12.jpg 18w\" data-sizes=\"auto\" src=\"data:image\/svg+xml;base64,PHN2ZyB3aWR0aD0iMSIgaGVpZ2h0PSIxIiB4bWxucz0iaHR0cDovL3d3dy53My5vcmcvMjAwMC9zdmciPjwvc3ZnPg==\" style=\"--smush-placeholder-width: 2500px; --smush-placeholder-aspect-ratio: 2500\/1667;\" data-original-sizes=\"(max-width: 2500px) 100vw, 2500px\" \/><br \/>\n<strong>Conexiones que cuentan<\/strong><br \/>\nNuestros paneles tambi\u00e9n ofrecieron aspectos destacados:<br \/>\n\u2022 \u201cEl transporte mar\u00edtimo se encuentra con el transporte a\u00e9reo\u201d destac\u00f3 cu\u00e1n estrechamente deben trabajar juntos los modos de transporte para que las cadenas de suministro globales sean flexibles y resilientes.<br \/>\n\u2022 En el panel European Cargo Hubs, representantes de los principales aeropuertos, desde \u00c1msterdam hasta Londres, intercambiaron puntos de vista sobre estrategias y desaf\u00edos.<br \/>\n<img decoding=\"async\" class=\"alignnone wp-image-30155 size-full lazyload\" data-src=\"https:\/\/www.aircargocommunity.com\/wp-content\/uploads\/20250903-ACC25-17-08-21-3558.jpg\" alt=\"\" width=\"2500\" height=\"1667\" data-srcset=\"https:\/\/www.aircargocommunity.com\/wp-content\/uploads\/20250903-ACC25-17-08-21-3558.jpg 2500w, https:\/\/www.aircargocommunity.com\/wp-content\/uploads\/20250903-ACC25-17-08-21-3558-300x200.jpg 300w, https:\/\/www.aircargocommunity.com\/wp-content\/uploads\/20250903-ACC25-17-08-21-3558-1024x683.jpg 1024w, https:\/\/www.aircargocommunity.com\/wp-content\/uploads\/20250903-ACC25-17-08-21-3558-768x512.jpg 768w, https:\/\/www.aircargocommunity.com\/wp-content\/uploads\/20250903-ACC25-17-08-21-3558-1536x1024.jpg 1536w, https:\/\/www.aircargocommunity.com\/wp-content\/uploads\/20250903-ACC25-17-08-21-3558-2048x1366.jpg 2048w, https:\/\/www.aircargocommunity.com\/wp-content\/uploads\/20250903-ACC25-17-08-21-3558-18x12.jpg 18w\" data-sizes=\"auto\" src=\"data:image\/svg+xml;base64,PHN2ZyB3aWR0aD0iMSIgaGVpZ2h0PSIxIiB4bWxucz0iaHR0cDovL3d3dy53My5vcmcvMjAwMC9zdmciPjwvc3ZnPg==\" style=\"--smush-placeholder-width: 2500px; --smush-placeholder-aspect-ratio: 2500\/1667;\" data-original-sizes=\"(max-width: 2500px) 100vw, 2500px\" \/> <img decoding=\"async\" class=\"alignnone wp-image-30156 size-full lazyload\" data-src=\"https:\/\/www.aircargocommunity.com\/wp-content\/uploads\/20250904-ACC25-12-13-35-1015-1.jpg\" alt=\"\" width=\"2500\" height=\"1667\" data-srcset=\"https:\/\/www.aircargocommunity.com\/wp-content\/uploads\/20250904-ACC25-12-13-35-1015-1.jpg 2500w, https:\/\/www.aircargocommunity.com\/wp-content\/uploads\/20250904-ACC25-12-13-35-1015-1-300x200.jpg 300w, https:\/\/www.aircargocommunity.com\/wp-content\/uploads\/20250904-ACC25-12-13-35-1015-1-1024x683.jpg 1024w, https:\/\/www.aircargocommunity.com\/wp-content\/uploads\/20250904-ACC25-12-13-35-1015-1-768x512.jpg 768w, https:\/\/www.aircargocommunity.com\/wp-content\/uploads\/20250904-ACC25-12-13-35-1015-1-1536x1024.jpg 1536w, https:\/\/www.aircargocommunity.com\/wp-content\/uploads\/20250904-ACC25-12-13-35-1015-1-2048x1366.jpg 2048w, https:\/\/www.aircargocommunity.com\/wp-content\/uploads\/20250904-ACC25-12-13-35-1015-1-18x12.jpg 18w\" data-sizes=\"auto\" src=\"data:image\/svg+xml;base64,PHN2ZyB3aWR0aD0iMSIgaGVpZ2h0PSIxIiB4bWxucz0iaHR0cDovL3d3dy53My5vcmcvMjAwMC9zdmciPjwvc3ZnPg==\" style=\"--smush-placeholder-width: 2500px; --smush-placeholder-aspect-ratio: 2500\/1667;\" data-original-sizes=\"(max-width: 2500px) 100vw, 2500px\" \/><br \/>\nY: Por primera vez, la conferencia ofreci\u00f3 un \u00e1rea de exposici\u00f3n donde 17 empresas presentaron sus ideas, desde servicios digitales y modelos de negocio innovadores hasta conceptos de log\u00edstica sostenible.<br \/>\n<img decoding=\"async\" class=\"alignnone wp-image-30146 size-full lazyload\" data-src=\"https:\/\/www.aircargocommunity.com\/wp-content\/uploads\/20250903-ACC25-13-14-17-2252.jpg\" alt=\"\" width=\"2500\" height=\"1667\" data-srcset=\"https:\/\/www.aircargocommunity.com\/wp-content\/uploads\/20250903-ACC25-13-14-17-2252.jpg 2500w, https:\/\/www.aircargocommunity.com\/wp-content\/uploads\/20250903-ACC25-13-14-17-2252-300x200.jpg 300w, https:\/\/www.aircargocommunity.com\/wp-content\/uploads\/20250903-ACC25-13-14-17-2252-1024x683.jpg 1024w, https:\/\/www.aircargocommunity.com\/wp-content\/uploads\/20250903-ACC25-13-14-17-2252-768x512.jpg 768w, https:\/\/www.aircargocommunity.com\/wp-content\/uploads\/20250903-ACC25-13-14-17-2252-1536x1024.jpg 1536w, https:\/\/www.aircargocommunity.com\/wp-content\/uploads\/20250903-ACC25-13-14-17-2252-2048x1366.jpg 2048w, https:\/\/www.aircargocommunity.com\/wp-content\/uploads\/20250903-ACC25-13-14-17-2252-18x12.jpg 18w\" data-sizes=\"auto\" src=\"data:image\/svg+xml;base64,PHN2ZyB3aWR0aD0iMSIgaGVpZ2h0PSIxIiB4bWxucz0iaHR0cDovL3d3dy53My5vcmcvMjAwMC9zdmciPjwvc3ZnPg==\" style=\"--smush-placeholder-width: 2500px; --smush-placeholder-aspect-ratio: 2500\/1667;\" data-original-sizes=\"(max-width: 2500px) 100vw, 2500px\" \/> <img decoding=\"async\" class=\"alignnone wp-image-30149 size-full lazyload\" data-src=\"https:\/\/www.aircargocommunity.com\/wp-content\/uploads\/20250903-ACC25-13-26-45-2268.jpg\" alt=\"\" width=\"2500\" height=\"1667\" data-srcset=\"https:\/\/www.aircargocommunity.com\/wp-content\/uploads\/20250903-ACC25-13-26-45-2268.jpg 2500w, https:\/\/www.aircargocommunity.com\/wp-content\/uploads\/20250903-ACC25-13-26-45-2268-300x200.jpg 300w, https:\/\/www.aircargocommunity.com\/wp-content\/uploads\/20250903-ACC25-13-26-45-2268-1024x683.jpg 1024w, https:\/\/www.aircargocommunity.com\/wp-content\/uploads\/20250903-ACC25-13-26-45-2268-768x512.jpg 768w, https:\/\/www.aircargocommunity.com\/wp-content\/uploads\/20250903-ACC25-13-26-45-2268-1536x1024.jpg 1536w, https:\/\/www.aircargocommunity.com\/wp-content\/uploads\/20250903-ACC25-13-26-45-2268-2048x1366.jpg 2048w, https:\/\/www.aircargocommunity.com\/wp-content\/uploads\/20250903-ACC25-13-26-45-2268-18x12.jpg 18w\" data-sizes=\"auto\" src=\"data:image\/svg+xml;base64,PHN2ZyB3aWR0aD0iMSIgaGVpZ2h0PSIxIiB4bWxucz0iaHR0cDovL3d3dy53My5vcmcvMjAwMC9zdmciPjwvc3ZnPg==\" style=\"--smush-placeholder-width: 2500px; --smush-placeholder-aspect-ratio: 2500\/1667;\" data-original-sizes=\"(max-width: 2500px) 100vw, 2500px\" \/> <img decoding=\"async\" class=\"alignnone wp-image-30145 size-full lazyload\" data-src=\"https:\/\/www.aircargocommunity.com\/wp-content\/uploads\/20250903-ACC25-12-40-43-2069.jpg\" alt=\"\" width=\"2500\" height=\"1667\" data-srcset=\"https:\/\/www.aircargocommunity.com\/wp-content\/uploads\/20250903-ACC25-12-40-43-2069.jpg 2500w, https:\/\/www.aircargocommunity.com\/wp-content\/uploads\/20250903-ACC25-12-40-43-2069-300x200.jpg 300w, https:\/\/www.aircargocommunity.com\/wp-content\/uploads\/20250903-ACC25-12-40-43-2069-1024x683.jpg 1024w, https:\/\/www.aircargocommunity.com\/wp-content\/uploads\/20250903-ACC25-12-40-43-2069-768x512.jpg 768w, https:\/\/www.aircargocommunity.com\/wp-content\/uploads\/20250903-ACC25-12-40-43-2069-1536x1024.jpg 1536w, https:\/\/www.aircargocommunity.com\/wp-content\/uploads\/20250903-ACC25-12-40-43-2069-2048x1366.jpg 2048w, https:\/\/www.aircargocommunity.com\/wp-content\/uploads\/20250903-ACC25-12-40-43-2069-18x12.jpg 18w\" data-sizes=\"auto\" src=\"data:image\/svg+xml;base64,PHN2ZyB3aWR0aD0iMSIgaGVpZ2h0PSIxIiB4bWxucz0iaHR0cDovL3d3dy53My5vcmcvMjAwMC9zdmciPjwvc3ZnPg==\" style=\"--smush-placeholder-width: 2500px; --smush-placeholder-aspect-ratio: 2500\/1667;\" data-original-sizes=\"(max-width: 2500px) 100vw, 2500px\" \/><br \/>\n<strong>Momentos destacados y emociones<\/strong><br \/>\nPor supuesto, la celebraci\u00f3n no pod\u00eda faltar: la cena de aniversario fue un momento culminante. En el ambiente especial del Club de Negocios, brindamos por una d\u00e9cada de historia de la conferencia y por todo lo que a\u00fan queremos lograr juntos.<br \/>\n<img decoding=\"async\" class=\"alignnone wp-image-30157 size-full lazyload\" data-src=\"https:\/\/www.aircargocommunity.com\/wp-content\/uploads\/20250903-ACC25-19-19-00-4250.jpg\" alt=\"\" width=\"2500\" height=\"1667\" data-srcset=\"https:\/\/www.aircargocommunity.com\/wp-content\/uploads\/20250903-ACC25-19-19-00-4250.jpg 2500w, https:\/\/www.aircargocommunity.com\/wp-content\/uploads\/20250903-ACC25-19-19-00-4250-300x200.jpg 300w, https:\/\/www.aircargocommunity.com\/wp-content\/uploads\/20250903-ACC25-19-19-00-4250-1024x683.jpg 1024w, https:\/\/www.aircargocommunity.com\/wp-content\/uploads\/20250903-ACC25-19-19-00-4250-768x512.jpg 768w, https:\/\/www.aircargocommunity.com\/wp-content\/uploads\/20250903-ACC25-19-19-00-4250-1536x1024.jpg 1536w, https:\/\/www.aircargocommunity.com\/wp-content\/uploads\/20250903-ACC25-19-19-00-4250-2048x1366.jpg 2048w, https:\/\/www.aircargocommunity.com\/wp-content\/uploads\/20250903-ACC25-19-19-00-4250-18x12.jpg 18w\" data-sizes=\"auto\" src=\"data:image\/svg+xml;base64,PHN2ZyB3aWR0aD0iMSIgaGVpZ2h0PSIxIiB4bWxucz0iaHR0cDovL3d3dy53My5vcmcvMjAwMC9zdmciPjwvc3ZnPg==\" style=\"--smush-placeholder-width: 2500px; --smush-placeholder-aspect-ratio: 2500\/1667;\" data-original-sizes=\"(max-width: 2500px) 100vw, 2500px\" \/><br \/>\nOtro momento destacado fue la entrega de los Premios a la Innovaci\u00f3n 2025. Ocho startups presentaron sus ideas en el escenario de innovaci\u00f3n y, finalmente, aluco GmbH se impuso con su sistema de perfiles STRIX.<br \/>\n<img decoding=\"async\" class=\"alignnone wp-image-30158 size-full lazyload\" data-src=\"https:\/\/www.aircargocommunity.com\/wp-content\/uploads\/7S307727\u00a9TomBrunner.jpg\" alt=\"\" width=\"1920\" height=\"1282\" data-srcset=\"https:\/\/www.aircargocommunity.com\/wp-content\/uploads\/7S307727\u00a9TomBrunner.jpg 1920w, https:\/\/www.aircargocommunity.com\/wp-content\/uploads\/7S307727\u00a9TomBrunner-300x200.jpg 300w, https:\/\/www.aircargocommunity.com\/wp-content\/uploads\/7S307727\u00a9TomBrunner-1024x684.jpg 1024w, https:\/\/www.aircargocommunity.com\/wp-content\/uploads\/7S307727\u00a9TomBrunner-768x513.jpg 768w, https:\/\/www.aircargocommunity.com\/wp-content\/uploads\/7S307727\u00a9TomBrunner-1536x1026.jpg 1536w, https:\/\/www.aircargocommunity.com\/wp-content\/uploads\/7S307727\u00a9TomBrunner-18x12.jpg 18w\" data-sizes=\"auto\" src=\"data:image\/svg+xml;base64,PHN2ZyB3aWR0aD0iMSIgaGVpZ2h0PSIxIiB4bWxucz0iaHR0cDovL3d3dy53My5vcmcvMjAwMC9zdmciPjwvc3ZnPg==\" style=\"--smush-placeholder-width: 1920px; --smush-placeholder-aspect-ratio: 1920\/1282;\" data-original-sizes=\"(max-width: 1920px) 100vw, 1920px\" \/><br \/>\n<strong>Frankfurt mira hacia adelante<\/strong><br \/>\nEl segundo d\u00eda comenz\u00f3 con una clara visi\u00f3n de futuro: Alexander Laukenmann (Fraport AG) present\u00f3 el plan maestro CargoHub, con el que Frankfurt pretende ampliar a\u00fan m\u00e1s su papel como centro de carga l\u00edder de Europa.<br \/>\n<img decoding=\"async\" class=\"alignnone wp-image-30159 size-full lazyload\" data-src=\"https:\/\/www.aircargocommunity.com\/wp-content\/uploads\/20250904-ACC25-09-30-42-167.jpg\" alt=\"\" width=\"2500\" height=\"1667\" data-srcset=\"https:\/\/www.aircargocommunity.com\/wp-content\/uploads\/20250904-ACC25-09-30-42-167.jpg 2500w, https:\/\/www.aircargocommunity.com\/wp-content\/uploads\/20250904-ACC25-09-30-42-167-300x200.jpg 300w, https:\/\/www.aircargocommunity.com\/wp-content\/uploads\/20250904-ACC25-09-30-42-167-1024x683.jpg 1024w, https:\/\/www.aircargocommunity.com\/wp-content\/uploads\/20250904-ACC25-09-30-42-167-768x512.jpg 768w, https:\/\/www.aircargocommunity.com\/wp-content\/uploads\/20250904-ACC25-09-30-42-167-1536x1024.jpg 1536w, https:\/\/www.aircargocommunity.com\/wp-content\/uploads\/20250904-ACC25-09-30-42-167-2048x1366.jpg 2048w, https:\/\/www.aircargocommunity.com\/wp-content\/uploads\/20250904-ACC25-09-30-42-167-18x12.jpg 18w\" data-sizes=\"auto\" src=\"data:image\/svg+xml;base64,PHN2ZyB3aWR0aD0iMSIgaGVpZ2h0PSIxIiB4bWxucz0iaHR0cDovL3d3dy53My5vcmcvMjAwMC9zdmciPjwvc3ZnPg==\" style=\"--smush-placeholder-width: 2500px; --smush-placeholder-aspect-ratio: 2500\/1667;\" data-original-sizes=\"(max-width: 2500px) 100vw, 2500px\" \/><br \/>\nEl tema final fue el comercio electr\u00f3nico: representantes de Europa y Asia discutieron diferentes enfoques y demostraron las oportunidades (y desaf\u00edos) que los crecientes flujos de bienes traen para las cadenas de suministro globales.<br \/>\n<img decoding=\"async\" class=\"alignnone wp-image-30160 size-full lazyload\" data-src=\"https:\/\/www.aircargocommunity.com\/wp-content\/uploads\/20250904-ACC25-16-31-39-2326.jpg\" alt=\"\" width=\"2500\" height=\"1667\" data-srcset=\"https:\/\/www.aircargocommunity.com\/wp-content\/uploads\/20250904-ACC25-16-31-39-2326.jpg 2500w, https:\/\/www.aircargocommunity.com\/wp-content\/uploads\/20250904-ACC25-16-31-39-2326-300x200.jpg 300w, https:\/\/www.aircargocommunity.com\/wp-content\/uploads\/20250904-ACC25-16-31-39-2326-1024x683.jpg 1024w, https:\/\/www.aircargocommunity.com\/wp-content\/uploads\/20250904-ACC25-16-31-39-2326-768x512.jpg 768w, https:\/\/www.aircargocommunity.com\/wp-content\/uploads\/20250904-ACC25-16-31-39-2326-1536x1024.jpg 1536w, https:\/\/www.aircargocommunity.com\/wp-content\/uploads\/20250904-ACC25-16-31-39-2326-2048x1366.jpg 2048w, https:\/\/www.aircargocommunity.com\/wp-content\/uploads\/20250904-ACC25-16-31-39-2326-18x12.jpg 18w\" data-sizes=\"auto\" src=\"data:image\/svg+xml;base64,PHN2ZyB3aWR0aD0iMSIgaGVpZ2h0PSIxIiB4bWxucz0iaHR0cDovL3d3dy53My5vcmcvMjAwMC9zdmciPjwvc3ZnPg==\" style=\"--smush-placeholder-width: 2500px; --smush-placeholder-aspect-ratio: 2500\/1667;\" data-original-sizes=\"(max-width: 2500px) 100vw, 2500px\" \/><br \/>\n<strong>Nuestro \u00e9xito compartido<\/strong><br \/>\nFinalmente, nuestro director ejecutivo, Patrik Tschirch, lo resumi\u00f3 a la perfecci\u00f3n: \u00abLo que comenz\u00f3 como una plataforma de intercambio regional se ha convertido en los \u00faltimos diez a\u00f1os en una plataforma de reconocimiento internacional. La 10.\u00aa Conferencia de Carga A\u00e9rea marca un hito importante, y entre todos la hemos hecho posible\u00bb.<br \/>\nEstamos orgullosos de lo que hemos logrado juntos. Esta conferencia fue m\u00e1s que una simple reuni\u00f3n de la industria: fue una declaraci\u00f3n de cooperaci\u00f3n, innovaci\u00f3n y la fortaleza de nuestra comunidad.<br \/>\nGracias a todos los miembros y socios que participaron e hicieron de este aniversario algo inolvidable. Juntos estamos escribiendo el futuro: aqu\u00ed, en el coraz\u00f3n de la carga a\u00e9rea, en el coraz\u00f3n de Europa.<br \/>\n<img decoding=\"async\" class=\"alignnone wp-image-30162 size-full lazyload\" data-src=\"https:\/\/www.aircargocommunity.com\/wp-content\/uploads\/20250904-ACC25-17-04-25-2604.jpg\" alt=\"\" width=\"2500\" height=\"1667\" data-srcset=\"https:\/\/www.aircargocommunity.com\/wp-content\/uploads\/20250904-ACC25-17-04-25-2604.jpg 2500w, https:\/\/www.aircargocommunity.com\/wp-content\/uploads\/20250904-ACC25-17-04-25-2604-300x200.jpg 300w, https:\/\/www.aircargocommunity.com\/wp-content\/uploads\/20250904-ACC25-17-04-25-2604-1024x683.jpg 1024w, https:\/\/www.aircargocommunity.com\/wp-content\/uploads\/20250904-ACC25-17-04-25-2604-768x512.jpg 768w, https:\/\/www.aircargocommunity.com\/wp-content\/uploads\/20250904-ACC25-17-04-25-2604-1536x1024.jpg 1536w, https:\/\/www.aircargocommunity.com\/wp-content\/uploads\/20250904-ACC25-17-04-25-2604-2048x1366.jpg 2048w, https:\/\/www.aircargocommunity.com\/wp-content\/uploads\/20250904-ACC25-17-04-25-2604-18x12.jpg 18w\" data-sizes=\"auto\" src=\"data:image\/svg+xml;base64,PHN2ZyB3aWR0aD0iMSIgaGVpZ2h0PSIxIiB4bWxucz0iaHR0cDovL3d3dy53My5vcmcvMjAwMC9zdmciPjwvc3ZnPg==\" style=\"--smush-placeholder-width: 2500px; --smush-placeholder-aspect-ratio: 2500\/1667;\" data-original-sizes=\"(max-width: 2500px) 100vw, 2500px\" \/> <img decoding=\"async\" class=\"alignnone wp-image-30161 size-full lazyload\" data-src=\"https:\/\/www.aircargocommunity.com\/wp-content\/uploads\/20250904-ACC25-17-07-51-2735.jpg\" alt=\"\" width=\"2500\" height=\"1667\" data-srcset=\"https:\/\/www.aircargocommunity.com\/wp-content\/uploads\/20250904-ACC25-17-07-51-2735.jpg 2500w, https:\/\/www.aircargocommunity.com\/wp-content\/uploads\/20250904-ACC25-17-07-51-2735-300x200.jpg 300w, https:\/\/www.aircargocommunity.com\/wp-content\/uploads\/20250904-ACC25-17-07-51-2735-1024x683.jpg 1024w, https:\/\/www.aircargocommunity.com\/wp-content\/uploads\/20250904-ACC25-17-07-51-2735-768x512.jpg 768w, https:\/\/www.aircargocommunity.com\/wp-content\/uploads\/20250904-ACC25-17-07-51-2735-1536x1024.jpg 1536w, https:\/\/www.aircargocommunity.com\/wp-content\/uploads\/20250904-ACC25-17-07-51-2735-2048x1366.jpg 2048w, https:\/\/www.aircargocommunity.com\/wp-content\/uploads\/20250904-ACC25-17-07-51-2735-18x12.jpg 18w\" data-sizes=\"auto\" src=\"data:image\/svg+xml;base64,PHN2ZyB3aWR0aD0iMSIgaGVpZ2h0PSIxIiB4bWxucz0iaHR0cDovL3d3dy53My5vcmcvMjAwMC9zdmciPjwvc3ZnPg==\" style=\"--smush-placeholder-width: 2500px; --smush-placeholder-aspect-ratio: 2500\/1667;\" data-original-sizes=\"(max-width: 2500px) 100vw, 2500px\" \/><\/p>","protected":false},"excerpt":{"rendered":"<p>En este n\u00famero, repasamos una inolvidable 10.\u00aa Conferencia de Carga A\u00e9rea con m\u00e1s de 400 participantes, un gran impulso y un claro compromiso con un futuro compartido. Tambi\u00e9n damos la bienvenida a dos nuevos miembros, Cubelog y TVS SCS, que aportan nuevas perspectivas a nuestra comunidad. Y analizamos las iniciativas actuales, desde la estandarizaci\u00f3n de los procesos LAT hasta el exitoso estreno de la primera Noche Tem\u00e1tica de YACE sobre comercio electr\u00f3nico.<\/p>","protected":false},"author":4,"featured_media":30163,"comment_status":"closed","ping_status":"closed","sticky":false,"template":"","format":"standard","meta":{"_acf_changed":false,"wds_primary_category":0,"footnotes":""},"categories":[5],"tags":[],"class_list":["post-30143","post","type-post","status-publish","format-standard","has-post-thumbnail","hentry","category-frachtpost"],"acf":[],"_links":{"self":[{"href":"https:\/\/www.aircargocommunity.com\/es\/wp-json\/wp\/v2\/posts\/30143","targetHints":{"allow":["GET"]}}],"collection":[{"href":"https:\/\/www.aircargocommunity.com\/es\/wp-json\/wp\/v2\/posts"}],"about":[{"href":"https:\/\/www.aircargocommunity.com\/es\/wp-json\/wp\/v2\/types\/post"}],"author":[{"embeddable":true,"href":"https:\/\/www.aircargocommunity.com\/es\/wp-json\/wp\/v2\/users\/4"}],"replies":[{"embeddable":true,"href":"https:\/\/www.aircargocommunity.com\/es\/wp-json\/wp\/v2\/comments?post=30143"}],"version-history":[{"count":4,"href":"https:\/\/www.aircargocommunity.com\/es\/wp-json\/wp\/v2\/posts\/30143\/revisions"}],"predecessor-version":[{"id":30176,"href":"https:\/\/www.aircargocommunity.com\/es\/wp-json\/wp\/v2\/posts\/30143\/revisions\/30176"}],"wp:featuredmedia":[{"embeddable":true,"href":"https:\/\/www.aircargocommunity.com\/es\/wp-json\/wp\/v2\/media\/30163"}],"wp:attachment":[{"href":"https:\/\/www.aircargocommunity.com\/es\/wp-json\/wp\/v2\/media?parent=30143"}],"wp:term":[{"taxonomy":"category","embeddable":true,"href":"https:\/\/www.aircargocommunity.com\/es\/wp-json\/wp\/v2\/categories?post=30143"},{"taxonomy":"post_tag","embeddable":true,"href":"https:\/\/www.aircargocommunity.com\/es\/wp-json\/wp\/v2\/tags?post=30143"}],"curies":[{"name":"wp","href":"https:\/\/api.w.org\/{rel}","templated":true}]}}