{"id":30171,"date":"2025-10-02T09:00:28","date_gmt":"2025-10-02T07:00:28","guid":{"rendered":"https:\/\/www.aircargocommunity.com\/?p=30171"},"modified":"2025-10-05T22:36:43","modified_gmt":"2025-10-05T20:36:43","slug":"community-news-september-2025","status":"publish","type":"post","link":"https:\/\/www.aircargocommunity.com\/es\/news\/frachtpost\/community-news-september-2025\/","title":{"rendered":"Noticias de la comunidad de septiembre de 2025"},"content":{"rendered":"<p>Querida comunidad,<br \/>\nAunque nos hemos sentido un poco m\u00e1s tranquilos, el oto\u00f1o trae nuevas ideas y proyectos emocionantes a nuestra red. En este n\u00famero, presentamos a nuestros nuevos miembros y les ofrecemos un resumen de los avances actuales y las oportunidades de intercambio.<\/p>\n<h3>\nNuestros nuevos miembros: \u00a1Tres socios fuertes para nuestra red!<\/h3>\n<p>Estamos encantados de dar la bienvenida a tres nuevos miembros a nuestra red en septiembre, cada uno con sus propias fortalezas, ideas nuevas y un fuerte compromiso:<\/p>\n<p><a href=\"https:\/\/www.parcelpilots.com\">Parcel Pilots GmbH<\/a><br \/>\nInnovadora, inteligente y orientada al servicio: Parcel Pilots GmbH establece nuevos est\u00e1ndares en la log\u00edstica de paqueter\u00eda y entrega. Con tecnolog\u00edas modernas, procesos eficientes y altos est\u00e1ndares de calidad, la empresa garantiza una entrega r\u00e1pida, fiable y sostenible de los env\u00edos.<\/p>\n<p><a href=\"https:\/\/www.btw-transporte.de\">BTW Transport GmbH<\/a><br \/>\nFiabilidad, puntualidad y soluciones flexibles: eso es lo que representa BTW Transporte GmbH. Con una flota moderna y un equipo motivado, la empresa garantiza que las mercanc\u00edas lleguen a su destino de forma segura y puntual.<\/p>\n<p><a href=\"https:\/\/transline24.de\">TransLine 24 GmbH<\/a><br \/>\nR\u00e1pida, flexible y con experiencia internacional, TransLine 24 GmbH ofrece soluciones de transporte personalizadas para env\u00edos nacionales e internacionales. Con servicio 24 horas, un equipo dedicado y una amplia cartera de servicios, la empresa garantiza que todo llegue a tiempo y con profesionalidad.<\/p>\n<p>Damos una c\u00e1lida bienvenida a BTW Transporte GmbH, Parcel Pilots GmbH y TransLine 24 GmbH y esperamos nuevas ideas, colaboraciones interesantes y encuentros inspiradores en nuestra red.<br \/>\n<img fetchpriority=\"high\" decoding=\"async\" class=\"alignnone wp-image-30172 size-full\" src=\"https:\/\/www.aircargocommunity.com\/wp-content\/uploads\/ParcelPilotBTWTansporteTransLine24.png\" alt=\"\" width=\"1567\" height=\"1631\" srcset=\"https:\/\/www.aircargocommunity.com\/wp-content\/uploads\/ParcelPilotBTWTansporteTransLine24.png 1567w, https:\/\/www.aircargocommunity.com\/wp-content\/uploads\/ParcelPilotBTWTansporteTransLine24-288x300.png 288w, https:\/\/www.aircargocommunity.com\/wp-content\/uploads\/ParcelPilotBTWTansporteTransLine24-984x1024.png 984w, https:\/\/www.aircargocommunity.com\/wp-content\/uploads\/ParcelPilotBTWTansporteTransLine24-768x799.png 768w, https:\/\/www.aircargocommunity.com\/wp-content\/uploads\/ParcelPilotBTWTansporteTransLine24-1476x1536.png 1476w, https:\/\/www.aircargocommunity.com\/wp-content\/uploads\/ParcelPilotBTWTansporteTransLine24-12x12.png 12w\" sizes=\"(max-width: 1567px) 100vw, 1567px\" \/><\/p>\n<h3>Directrices para el manejo de camiones en el aeropuerto de Frankfurt<\/h3>\n<p>El Equipo de Competencia en Transporte y los Agentes de Manejo de Carga idearon la idea de establecer directrices comunes para la gesti\u00f3n de las entregas y recogidas de camiones en los agentes de manejo de carga del Aeropuerto de Fr\u00e1ncfort. El objetivo de esta iniciativa es crear normas b\u00e1sicas uniformes para un mayor cumplimiento de los procesos y, por lo tanto, hacer que el procesamiento en la planta de Fr\u00e1ncfort sea m\u00e1s transparente, eficiente y predecible.<br \/>\nLos manipuladores de mercanc\u00edas est\u00e1n trabajando actualmente en el desarrollo de sus respectivas perspectivas sobre el borrador actual del Equipo de Competencia en Transporte. Las opiniones de todas las partes se consolidar\u00e1n y coordinar\u00e1n en la siguiente etapa. El resultado deber\u00eda ser un conjunto final de normas para todas las sedes que servir\u00e1 de gu\u00eda para todas las empresas involucradas en el proceso y establecer\u00e1 un marco com\u00fan para la manipulaci\u00f3n de camiones en el Aeropuerto de Fr\u00e1ncfort en el futuro.<br \/>\nEste enfoque crea otro elemento importante para fortalecer la cooperaci\u00f3n en el lugar y asegurar de manera sostenible la competitividad de Frankfurt como centro de carga a\u00e9rea.<\/p>\n<h3>\nUsted realiza transporte a\u00e9reo de mercanc\u00edas y queremos mostr\u00e1rselo<\/h3>\n<p>La Comunidad de Carga A\u00e9rea lanza una nueva campa\u00f1a en LinkedIn: En las pr\u00f3ximas semanas, destacaremos a personalidades de nuestro sector y compartiremos informaci\u00f3n interesante sobre sus trayectorias profesionales. Queremos demostrar la diversidad, la inspiraci\u00f3n y el dinamismo del mundo de la carga a\u00e9rea y destacar a quienes lo conforman.<br \/>\nLa idea de esta campa\u00f1a surgi\u00f3 de nuestro equipo de Marketing y Comunicaci\u00f3n, \u00a1y te invitamos a formar parte de ella! \u00bfTienes ideas creativas para la campa\u00f1a o te gustar\u00eda que aparecieras? Cont\u00e1ctame cuando quieras. <a href=\"mailto:m.anslinger@fra-fr8.com\">Mandy Anslinger<\/a> \u2013 \u00a1Esperamos sus sugerencias y contribuciones!<\/p>\n<h3>\nAutomoci\u00f3n y semiconductores en el punto de mira: la situaci\u00f3n actual del transporte de carga a\u00e9rea en Frankfurt<\/h3>\n<p>Junto con Lufthansa Cargo, nos gustar\u00eda analizar en profundidad dos importantes productos b\u00e1sicos: la industria automotriz y los semiconductores. El objetivo es obtener una visi\u00f3n actual de la situaci\u00f3n y determinar si existe inter\u00e9s en nuestra comunidad en profundizar en estos temas mediante formatos, iniciativas o actividades espec\u00edficas.<br \/>\nT\u00f3mese un momento y participe en nuestras dos encuestas antes del 10 de octubre de 2025. Sus comentarios son cruciales para los pr\u00f3ximos pasos:<br \/>\n<a href=\"https:\/\/forms.cloud.microsoft\/pages\/responsepage.aspx?id=K1tCgHMgrkeYS_ue_8ttvhhxTTL3M2xKuBUbicMSGndUM1NBUjZXMDFLMkpBRDYySUpRUUxaSE0zNy4u&amp;route=shorturl\">1. Encuesta automotriz<\/a><br \/>\n<a href=\"https:\/\/forms.cloud.microsoft\/pages\/responsepage.aspx?id=K1tCgHMgrkeYS_ue_8ttvhhxTTL3M2xKuBUbicMSGndUM1QxM0NBSE8yVDk1V0VYRDlJRkRBUUFDNS4u&amp;route=shorturl\">2. Encuesta sobre semiconductores<\/a><br \/>\n\u00a1Gracias por su apoyo!<\/p>\n<h3><img decoding=\"async\" class=\"alignnone wp-image-30174 size-full lazyload\" data-src=\"https:\/\/www.aircargocommunity.com\/wp-content\/uploads\/20250903-ACC25-11-33-29-1711.jpg\" alt=\"\" width=\"2500\" height=\"1667\" data-srcset=\"https:\/\/www.aircargocommunity.com\/wp-content\/uploads\/20250903-ACC25-11-33-29-1711.jpg 2500w, https:\/\/www.aircargocommunity.com\/wp-content\/uploads\/20250903-ACC25-11-33-29-1711-300x200.jpg 300w, https:\/\/www.aircargocommunity.com\/wp-content\/uploads\/20250903-ACC25-11-33-29-1711-1024x683.jpg 1024w, https:\/\/www.aircargocommunity.com\/wp-content\/uploads\/20250903-ACC25-11-33-29-1711-768x512.jpg 768w, https:\/\/www.aircargocommunity.com\/wp-content\/uploads\/20250903-ACC25-11-33-29-1711-1536x1024.jpg 1536w, https:\/\/www.aircargocommunity.com\/wp-content\/uploads\/20250903-ACC25-11-33-29-1711-2048x1366.jpg 2048w, https:\/\/www.aircargocommunity.com\/wp-content\/uploads\/20250903-ACC25-11-33-29-1711-18x12.jpg 18w\" data-sizes=\"auto\" src=\"data:image\/svg+xml;base64,PHN2ZyB3aWR0aD0iMSIgaGVpZ2h0PSIxIiB4bWxucz0iaHR0cDovL3d3dy53My5vcmcvMjAwMC9zdmciPjwvc3ZnPg==\" style=\"--smush-placeholder-width: 2500px; --smush-placeholder-aspect-ratio: 2500\/1667;\" data-original-sizes=\"(max-width: 2500px) 100vw, 2500px\" \/><br \/>\nSus comentarios sobre la conferencia de aniversario<\/h3>\n<p>\u00bfYa has participado en nuestra encuesta para la Air Cargo Conference 2025?<br \/>\nSu opini\u00f3n es muy importante para nosotros: s\u00f3lo con sus comentarios podremos seguir desarrollando el evento en el futuro.<br \/>\nLa encuesta dura aproximadamente 7 minutos y est\u00e1 disponible en alem\u00e1n e ingl\u00e9s:<\/p>\n<p><a href=\"https:\/\/forms.cloud.microsoft\/pages\/responsepage.aspx?id=K1tCgHMgrkeYS_ue_8ttvgFCf88QlK1FpTuLPITqnlVURUVFTjBCTk9ZN0hNMktYSlBDNUpNMldHRC4u&amp;route=shorturl\">\ud83d\udc49Haga clic aqu\u00ed para realizar la encuesta<\/a><\/p>\n<p>Como peque\u00f1o agradecimiento, sortearemos dos modelos de aviones exclusivos de ACCF entre todos los participantes. Simplemente introduzca sus datos de contacto al final de la encuesta.<br \/>\nGracias por su apoyo. \u00a1Esperamos sus comentarios!<\/p>","protected":false},"excerpt":{"rendered":"<p>El oto\u00f1o trae un soplo de aire fresco a nuestra red: tres nuevos miembros, proyectos emocionantes y muchas oportunidades de intercambio. Ya sean directrices compartidas para el manejo de camiones, nuevos temas relacionados con la automoci\u00f3n y los semiconductores, o perspectivas personales sobre el mundo del transporte a\u00e9reo, hay mucho que hacer. Y tambi\u00e9n necesitamos tus comentarios sobre la conferencia de aniversario. \u00a1Participa ahora y ay\u00fadanos a darle forma!<\/p>","protected":false},"author":4,"featured_media":30173,"comment_status":"closed","ping_status":"closed","sticky":false,"template":"","format":"standard","meta":{"_acf_changed":false,"wds_primary_category":0,"footnotes":""},"categories":[5],"tags":[],"class_list":["post-30171","post","type-post","status-publish","format-standard","has-post-thumbnail","hentry","category-frachtpost"],"acf":[],"_links":{"self":[{"href":"https:\/\/www.aircargocommunity.com\/es\/wp-json\/wp\/v2\/posts\/30171","targetHints":{"allow":["GET"]}}],"collection":[{"href":"https:\/\/www.aircargocommunity.com\/es\/wp-json\/wp\/v2\/posts"}],"about":[{"href":"https:\/\/www.aircargocommunity.com\/es\/wp-json\/wp\/v2\/types\/post"}],"author":[{"embeddable":true,"href":"https:\/\/www.aircargocommunity.com\/es\/wp-json\/wp\/v2\/users\/4"}],"replies":[{"embeddable":true,"href":"https:\/\/www.aircargocommunity.com\/es\/wp-json\/wp\/v2\/comments?post=30171"}],"version-history":[{"count":1,"href":"https:\/\/www.aircargocommunity.com\/es\/wp-json\/wp\/v2\/posts\/30171\/revisions"}],"predecessor-version":[{"id":30175,"href":"https:\/\/www.aircargocommunity.com\/es\/wp-json\/wp\/v2\/posts\/30171\/revisions\/30175"}],"wp:featuredmedia":[{"embeddable":true,"href":"https:\/\/www.aircargocommunity.com\/es\/wp-json\/wp\/v2\/media\/30173"}],"wp:attachment":[{"href":"https:\/\/www.aircargocommunity.com\/es\/wp-json\/wp\/v2\/media?parent=30171"}],"wp:term":[{"taxonomy":"category","embeddable":true,"href":"https:\/\/www.aircargocommunity.com\/es\/wp-json\/wp\/v2\/categories?post=30171"},{"taxonomy":"post_tag","embeddable":true,"href":"https:\/\/www.aircargocommunity.com\/es\/wp-json\/wp\/v2\/tags?post=30171"}],"curies":[{"name":"wp","href":"https:\/\/api.w.org\/{rel}","templated":true}]}}