{"id":30270,"date":"2025-11-06T10:46:36","date_gmt":"2025-11-06T09:46:36","guid":{"rendered":"https:\/\/www.aircargocommunity.com\/?p=30270"},"modified":"2025-11-06T10:46:53","modified_gmt":"2025-11-06T09:46:53","slug":"community-news-oktober-2025","status":"publish","type":"post","link":"https:\/\/www.aircargocommunity.com\/es\/news\/frachtpost\/community-news-oktober-2025\/","title":{"rendered":"Noticias de la comunidad, octubre de 2025"},"content":{"rendered":"<p>Querida comunidad,<br \/>\nEn este n\u00famero de octubre de FRachtpost, analizamos las novedades m\u00e1s interesantes de la comunidad de carga a\u00e9rea de Frankfurt. Adem\u00e1s de los proyectos y colaboraciones actuales, encontrar\u00e1 informaci\u00f3n valiosa sobre pr\u00f3ximos eventos y temas relevantes para nuestra comunidad.<br \/>\n\u00a1Disfruta de la lectura!<\/p>\n<h3>Nuestro nuevo miembro<\/h3>\n<p>Estamos felices, <a href=\"https:\/\/de.csafeglobal.com\">CSafe, LLC<\/a> \u00a1Nos complace darle la bienvenida como nuevo miembro de nuestra red!<\/p>\n<p>CSafe es un proveedor l\u00edder mundial de soluciones de env\u00edo con temperatura controlada para las industrias farmac\u00e9utica y de ciencias biol\u00f3gicas. Con soluciones innovadoras, fiables y sostenibles, la empresa contribuye a garantizar que los medicamentos sensibles a la temperatura se transporten de forma segura y eficiente en todo el mundo.<\/p>\n<p>\u00a1Esperamos con inter\u00e9s la colaboraci\u00f3n y los emocionantes avances en las \u00e1reas de log\u00edstica de la cadena de fr\u00edo, innovaci\u00f3n y sostenibilidad!<\/p>\n<p><a href=\"https:\/\/de.csafeglobal.com\"><img fetchpriority=\"high\" decoding=\"async\" class=\"alignnone wp-image-30276 size-full\" src=\"https:\/\/www.aircargocommunity.com\/wp-content\/uploads\/csafe-1.png\" alt=\"\" width=\"1567\" height=\"1627\" srcset=\"https:\/\/www.aircargocommunity.com\/wp-content\/uploads\/csafe-1.png 1567w, https:\/\/www.aircargocommunity.com\/wp-content\/uploads\/csafe-1-289x300.png 289w, https:\/\/www.aircargocommunity.com\/wp-content\/uploads\/csafe-1-986x1024.png 986w, https:\/\/www.aircargocommunity.com\/wp-content\/uploads\/csafe-1-768x797.png 768w, https:\/\/www.aircargocommunity.com\/wp-content\/uploads\/csafe-1-1479x1536.png 1479w, https:\/\/www.aircargocommunity.com\/wp-content\/uploads\/csafe-1-12x12.png 12w\" sizes=\"(max-width: 1567px) 100vw, 1567px\" \/><\/a><\/p>\n<h3>Buscamos refuerzos: Equipos de competencia para productos farmac\u00e9uticos y sostenibilidad<\/h3>\n<p>La comunidad de carga a\u00e9rea de Fr\u00e1ncfort <strong>busca miembros comprometidos<\/strong>, quienes participan activamente en el <strong>Liderando nuestros equipos de expertos<\/strong> Me gustar\u00eda contribuir.<br \/>\nEn el <strong>Equipo de Competencia Farmac\u00e9utica<\/strong> Buscamos ampliar nuestro equipo directivo junto a Manuel Zollondz y Lea Walther. Las responsabilidades incluyen contribuir al contenido y la organizaci\u00f3n del equipo, planificar y moderar reuniones, preparar presentaciones y dar seguimiento a los temas tratados. El objetivo es fortalecer a\u00fan m\u00e1s la experiencia farmac\u00e9utica de la sede de Frankfurt y promover el intercambio profesional entre la industria y la log\u00edstica.<br \/>\nEn el <strong>Equipo de Competencia en Sostenibilidad<\/strong> Buscamos ampliar nuestro equipo directivo junto a Felix Toepsch. El objetivo principal ser\u00e1 seguir desarrollando soluciones sostenibles de transporte a\u00e9reo de mercanc\u00edas en la sede de Frankfurt, impulsar proyectos conjuntos y coordinar proyectos dentro del equipo de expertos.<br \/>\nEl <strong>apoyo administrativo<\/strong> \u2013 como programar citas, redactar actas y enviar invitaciones \u2013 <strong>Se est\u00e1 tomando posesi\u00f3n de la oficina de la Comunidad de Carga A\u00e9rea de Frankfurt.<\/strong><\/p>\n<p><img decoding=\"async\" class=\"alignnone wp-image-30274 size-full lazyload\" data-src=\"https:\/\/www.aircargocommunity.com\/wp-content\/uploads\/WANTED_KT-Leiter.jpg\" alt=\"\" width=\"1920\" height=\"1080\" data-srcset=\"https:\/\/www.aircargocommunity.com\/wp-content\/uploads\/WANTED_KT-Leiter.jpg 1920w, https:\/\/www.aircargocommunity.com\/wp-content\/uploads\/WANTED_KT-Leiter-300x169.jpg 300w, https:\/\/www.aircargocommunity.com\/wp-content\/uploads\/WANTED_KT-Leiter-1024x576.jpg 1024w, https:\/\/www.aircargocommunity.com\/wp-content\/uploads\/WANTED_KT-Leiter-768x432.jpg 768w, https:\/\/www.aircargocommunity.com\/wp-content\/uploads\/WANTED_KT-Leiter-1536x864.jpg 1536w, https:\/\/www.aircargocommunity.com\/wp-content\/uploads\/WANTED_KT-Leiter-18x10.jpg 18w\" data-sizes=\"auto\" src=\"data:image\/svg+xml;base64,PHN2ZyB3aWR0aD0iMSIgaGVpZ2h0PSIxIiB4bWxucz0iaHR0cDovL3d3dy53My5vcmcvMjAwMC9zdmciPjwvc3ZnPg==\" style=\"--smush-placeholder-width: 1920px; --smush-placeholder-aspect-ratio: 1920\/1080;\" data-original-sizes=\"(max-width: 1920px) 100vw, 1920px\" \/><\/p>\n<p>Los miembros que est\u00e9n interesados en participar activamente y ayudar a dar forma a uno de los dos equipos de competencias son <strong>Queda usted cordialmente invitado<\/strong>, estar en <a href=\"mailto:l.walther@fra-fr8.com\">Lea Walther<\/a> para el equipo de Pharma o en <a href=\"mailto:f.toepsch@fra-fr8.com\">Felix T\u00f6psch<\/a> para inscribirse en el equipo de Sostenibilidad.<\/p>\n<h3>Espacio para el transporte de productos farmac\u00e9uticos en el aeropuerto de Frankfurt y sus alrededores.<\/h3>\n<p>Como parte de nuestro <strong>Iniciativa para reforzar la visibilidad de la experiencia farmac\u00e9utica en Fr\u00e1ncfort<\/strong> Nos gustar\u00eda recordarles que se est\u00e1 llevando a cabo una encuesta sobre la disponibilidad de espacio para el transporte y almacenamiento de mercanc\u00edas farmac\u00e9uticas.<br \/>\nSus comentarios son <strong>decisivo<\/strong>, con el fin de demostrar de forma transparente el rendimiento de la ubicaci\u00f3n y de ampliar a\u00fan m\u00e1s el posicionamiento de Frankfurt como centro farmac\u00e9utico l\u00edder.<br \/>\n<a href=\"https:\/\/forms.office.com\/pages\/responsepage.aspx?id=K1tCgHMgrkeYS_ue_8ttvhhxTTL3M2xKuBUbicMSGndUNlZIUzBMWjRHMkhLUUszTVgySUM1NTVYUC4u&amp;route=shorturl\">A la encuesta<\/a><br \/>\n<strong>Se requiere enviar comentarios antes del 17 de noviembre de 2025.<\/strong><\/p>\n<p>Todos los datos recopilados se tratar\u00e1n de forma confidencial y solo se utilizar\u00e1n o publicar\u00e1n externamente con su consentimiento expl\u00edcito. \u00a1Gracias por su apoyo!<\/p>\n<h3>El transporte a\u00e9reo ayuda: un compromiso con las personas necesitadas<\/h3>\n<p>El transporte a\u00e9reo de mercanc\u00edas no solo desempe\u00f1a un papel central en el suministro global de la econom\u00eda y la sociedad, sino que tambi\u00e9n est\u00e1 activo donde <strong>La ayuda r\u00e1pida salva vidas.<\/strong>Una y otra vez, los actores de nuestra industria demuestran la inmensa responsabilidad y solidaridad inherentes a la log\u00edstica. Dos organizaciones con sede en el aeropuerto de Frankfurt ejemplifican este compromiso: Aviation Without Borders \/ Wings of Help e.V. y Cargo Human Care e.V.<\/p>\n<p><img decoding=\"async\" class=\"alignnone wp-image-30271 lazyload\" data-src=\"https:\/\/www.aircargocommunity.com\/wp-content\/uploads\/LOG-Logo-rund_Wings-of-Help-1-150x150.jpg\" alt=\"\" width=\"100\" height=\"100\" data-srcset=\"https:\/\/www.aircargocommunity.com\/wp-content\/uploads\/LOG-Logo-rund_Wings-of-Help-1-150x150.jpg 150w, https:\/\/www.aircargocommunity.com\/wp-content\/uploads\/LOG-Logo-rund_Wings-of-Help-1-300x300.jpg 300w, https:\/\/www.aircargocommunity.com\/wp-content\/uploads\/LOG-Logo-rund_Wings-of-Help-1-768x768.jpg 768w, https:\/\/www.aircargocommunity.com\/wp-content\/uploads\/LOG-Logo-rund_Wings-of-Help-1-12x12.jpg 12w, https:\/\/www.aircargocommunity.com\/wp-content\/uploads\/LOG-Logo-rund_Wings-of-Help-1.jpg 788w\" data-sizes=\"auto\" src=\"data:image\/svg+xml;base64,PHN2ZyB3aWR0aD0iMSIgaGVpZ2h0PSIxIiB4bWxucz0iaHR0cDovL3d3dy53My5vcmcvMjAwMC9zdmciPjwvc3ZnPg==\" style=\"--smush-placeholder-width: 100px; --smush-placeholder-aspect-ratio: 100\/100;\" data-original-sizes=\"(max-width: 100px) 100vw, 100px\" \/><strong>Aviaci\u00f3n sin fronteras \/ Alas de ayuda eV<\/strong><br \/>\nCon sede en CargoCity South, la organizaci\u00f3n extiende su labor por todo el mundo para ayudar a quienes lo necesitan. Durante m\u00e1s de 20 a\u00f1os, ha proporcionado ayuda r\u00e1pida y sin trabas burocr\u00e1ticas en crisis y desastres, incluyendo situaciones en Ucrania, Turqu\u00eda, Hait\u00ed, Pakist\u00e1n, Siria, Irak y el valle del Ahr. Adem\u00e1s de los grandes env\u00edos de ayuda humanitaria, Aviaci\u00f3n Sin Fronteras tambi\u00e9n crea escuelas de inform\u00e1tica para j\u00f3venes en situaciones dif\u00edciles, como en campos de refugiados o albergues de emergencia.<br \/>\nGracias a la estrecha colaboraci\u00f3n con aerol\u00edneas, empresas de log\u00edstica y Fraport AG, la organizaci\u00f3n ya ha podido entregar m\u00e1s de 10\u00a0000 toneladas de ayuda humanitaria a personas necesitadas en todo el mundo. Actualmente, se est\u00e1n enviando generadores y medicamentos a trav\u00e9s del aeropuerto de Frankfurt a regiones empobrecidas de Irak.<\/p>\n<p><img decoding=\"async\" class=\"alignnone wp-image-30261 lazyload\" data-src=\"https:\/\/www.aircargocommunity.com\/wp-content\/uploads\/cropped-LOGOtrans-Kopie-1-150x150.png\" alt=\"\" width=\"100\" height=\"100\" data-srcset=\"https:\/\/www.aircargocommunity.com\/wp-content\/uploads\/cropped-LOGOtrans-Kopie-1-150x150.png 150w, https:\/\/www.aircargocommunity.com\/wp-content\/uploads\/cropped-LOGOtrans-Kopie-1-300x300.png 300w, https:\/\/www.aircargocommunity.com\/wp-content\/uploads\/cropped-LOGOtrans-Kopie-1-12x12.png 12w, https:\/\/www.aircargocommunity.com\/wp-content\/uploads\/cropped-LOGOtrans-Kopie-1.png 539w\" data-sizes=\"auto\" src=\"data:image\/svg+xml;base64,PHN2ZyB3aWR0aD0iMSIgaGVpZ2h0PSIxIiB4bWxucz0iaHR0cDovL3d3dy53My5vcmcvMjAwMC9zdmciPjwvc3ZnPg==\" style=\"--smush-placeholder-width: 100px; --smush-placeholder-aspect-ratio: 100\/100;\" data-original-sizes=\"(max-width: 100px) 100vw, 100px\" \/><strong>Cargo Human Care eV<\/strong><br \/>\nCargo Human Care eV (CHC) lleva muchos a\u00f1os trabajando en Kenia para brindar oportunidades sostenibles a ni\u00f1os, j\u00f3venes y familias. En el Centro M\u00e9dico de CHC en Nairobi, las personas reciben atenci\u00f3n m\u00e9dica gratuita, mientras que tres escuelas y dos hogares infantiles ofrecen educaci\u00f3n, protecci\u00f3n y apoyo.<br \/>\nActualmente, CHC se centra en el nuevo Centro de Formaci\u00f3n Profesional para la formaci\u00f3n pr\u00e1ctica y en un programa de mentor\u00eda para estudiantes en Marsabit. Ambos contribuyen a brindar a los j\u00f3venes perspectivas de futuro e igualdad de oportunidades.<br \/>\nEncontrar\u00e1 m\u00e1s informaci\u00f3n y opciones de contacto en nuestro [documento\/secci\u00f3n\/etc.] detallado. <a href=\"https:\/\/www.aircargocommunity.com\/es\/news\/artikel\/wenn-luftfracht-leben-rettet-humanitaere-hilfe-ueber-den-wolken\/\">Art\u00edculo de noticias en nuestro sitio web<\/a> eliminar.<\/p>\n<h3>Reflexionando sobre la 40.\u00aa reuni\u00f3n del consejo: marcando el rumbo para el futuro<\/h3>\n<p>En octubre, la junta directiva de la Air Cargo Community Frankfurt eV se reuni\u00f3 para debatir... <strong>40\u00aa sesi\u00f3n<\/strong> juntos.<br \/>\nEl enfoque se centr\u00f3 particularmente en el desarrollo estrat\u00e9gico de la asociaci\u00f3n en el marco de <strong>Estrategia \u201cACCF2030+\u201d<\/strong> con la cual la junta define las prioridades futuras de la comunidad. <strong>El objetivo de la estrategia es posicionar a la asociaci\u00f3n para el desarrollo y el crecimiento del transporte de mercanc\u00edas en los pr\u00f3ximos a\u00f1os y fortalecer la ubicaci\u00f3n en Frankfurt (FRA).<\/strong><br \/>\nLos resultados y decisiones de la reuni\u00f3n de la junta directiva se comunicar\u00e1n a los miembros en el pr\u00f3ximo [mes\/a\u00f1o\/etc.]. <a href=\"https:\/\/www.aircargocommunity.com\/es\/events\/mitgliederversammlung-2025\/\">Asamblea General el 27 de noviembre de 2025<\/a> Presentado en detalle.<\/p>\n<h3>Invitaci\u00f3n a la segunda noche tem\u00e1tica:<br \/>\nLa mentalidad de la empresa familiar frente al enfoque corporativo<\/h3>\n<p>Tras el exitoso lanzamiento de la nueva serie de eventos, la comunidad YACE le invita cordialmente a la segunda Noche Tem\u00e1tica. <strong>El 20 de noviembre a las 17:00 horas<\/strong> Nos encontraremos en <strong>Centro de formaci\u00f3n Fraport<\/strong>, con el fin de analizar de forma conjunta y estimulante dos maneras diferentes de pensar y trabajar: la mentalidad emprendedora familiar y el enfoque corporativo estructurado.<br \/>\n\u00bfQu\u00e9 fortalezas y desaf\u00edos presentan ambas partes? \u00bfQu\u00e9 podemos aprender el uno del otro?<br \/>\nEspero con ansias i<strong>Impulsos inspiradores, debates animados<\/strong> y la oportunidad de <strong>Intercambiar ideas con otros miembros de la comunidad de carga a\u00e9rea de Fr\u00e1ncfort.<\/strong>.<br \/>\nLas Noches Tem\u00e1ticas son un formato de <strong>Miembros para miembros<\/strong> \u2013 surgi\u00f3 de la iniciativa de la comunidad YACE para compartir conocimientos, ampliar perspectivas y fortalecer el esp\u00edritu comunitario.<\/p>\n<p><a href=\"https:\/\/doo.net\/veranstaltung\/202714\/buchung\"><img decoding=\"async\" class=\"alignnone wp-image-30272 size-full lazyload\" data-src=\"https:\/\/www.aircargocommunity.com\/wp-content\/uploads\/Topic-Night-People-in-Air-cargo.jpg\" alt=\"\" width=\"1748\" height=\"1240\" data-srcset=\"https:\/\/www.aircargocommunity.com\/wp-content\/uploads\/Topic-Night-People-in-Air-cargo.jpg 1748w, https:\/\/www.aircargocommunity.com\/wp-content\/uploads\/Topic-Night-People-in-Air-cargo-300x213.jpg 300w, https:\/\/www.aircargocommunity.com\/wp-content\/uploads\/Topic-Night-People-in-Air-cargo-1024x726.jpg 1024w, https:\/\/www.aircargocommunity.com\/wp-content\/uploads\/Topic-Night-People-in-Air-cargo-768x545.jpg 768w, https:\/\/www.aircargocommunity.com\/wp-content\/uploads\/Topic-Night-People-in-Air-cargo-1536x1090.jpg 1536w, https:\/\/www.aircargocommunity.com\/wp-content\/uploads\/Topic-Night-People-in-Air-cargo-18x12.jpg 18w\" data-sizes=\"auto\" src=\"data:image\/svg+xml;base64,PHN2ZyB3aWR0aD0iMSIgaGVpZ2h0PSIxIiB4bWxucz0iaHR0cDovL3d3dy53My5vcmcvMjAwMC9zdmciPjwvc3ZnPg==\" style=\"--smush-placeholder-width: 1748px; --smush-placeholder-aspect-ratio: 1748\/1240;\" data-original-sizes=\"(max-width: 1748px) 100vw, 1748px\" \/><\/a><\/p>\n<p>&nbsp;<\/p>\n<p>\u00bfLas noticias de la comunidad una vez al mes no son suficientes para ti? Entonces, visita peri\u00f3dicamente nuestro canal de LinkedIn; lo mejor es suscribirte directamente.<\/p>\n<p>\u00bfTiene alguna pregunta o comentario? \u00a1Esperamos su mensaje o llamada!<\/p>","protected":false},"excerpt":{"rendered":"<p>En el n\u00famero actual de FRAchtpost, encontrar\u00e1n informaci\u00f3n interesante sobre proyectos, colaboraciones e iniciativas en Frankfurt y sus alrededores. Damos la bienvenida a un nuevo miembro a nuestra comunidad, buscamos profesionales comprometidos para reforzar nuestros equipos de expertos e informamos sobre la participaci\u00f3n social en el sector del transporte a\u00e9reo de mercanc\u00edas. Adem\u00e1s, repasamos la reciente reuni\u00f3n de la junta directiva y la pr\u00f3xima Noche Tem\u00e1tica de la comunidad YACE.<\/p>","protected":false},"author":4,"featured_media":30275,"comment_status":"closed","ping_status":"closed","sticky":false,"template":"","format":"standard","meta":{"_acf_changed":false,"wds_primary_category":0,"footnotes":""},"categories":[5],"tags":[],"class_list":["post-30270","post","type-post","status-publish","format-standard","has-post-thumbnail","hentry","category-frachtpost"],"acf":[],"_links":{"self":[{"href":"https:\/\/www.aircargocommunity.com\/es\/wp-json\/wp\/v2\/posts\/30270","targetHints":{"allow":["GET"]}}],"collection":[{"href":"https:\/\/www.aircargocommunity.com\/es\/wp-json\/wp\/v2\/posts"}],"about":[{"href":"https:\/\/www.aircargocommunity.com\/es\/wp-json\/wp\/v2\/types\/post"}],"author":[{"embeddable":true,"href":"https:\/\/www.aircargocommunity.com\/es\/wp-json\/wp\/v2\/users\/4"}],"replies":[{"embeddable":true,"href":"https:\/\/www.aircargocommunity.com\/es\/wp-json\/wp\/v2\/comments?post=30270"}],"version-history":[{"count":2,"href":"https:\/\/www.aircargocommunity.com\/es\/wp-json\/wp\/v2\/posts\/30270\/revisions"}],"predecessor-version":[{"id":30278,"href":"https:\/\/www.aircargocommunity.com\/es\/wp-json\/wp\/v2\/posts\/30270\/revisions\/30278"}],"wp:featuredmedia":[{"embeddable":true,"href":"https:\/\/www.aircargocommunity.com\/es\/wp-json\/wp\/v2\/media\/30275"}],"wp:attachment":[{"href":"https:\/\/www.aircargocommunity.com\/es\/wp-json\/wp\/v2\/media?parent=30270"}],"wp:term":[{"taxonomy":"category","embeddable":true,"href":"https:\/\/www.aircargocommunity.com\/es\/wp-json\/wp\/v2\/categories?post=30270"},{"taxonomy":"post_tag","embeddable":true,"href":"https:\/\/www.aircargocommunity.com\/es\/wp-json\/wp\/v2\/tags?post=30270"}],"curies":[{"name":"wp","href":"https:\/\/api.w.org\/{rel}","templated":true}]}}