{"id":30533,"date":"2026-03-04T08:00:42","date_gmt":"2026-03-04T07:00:42","guid":{"rendered":"https:\/\/www.aircargocommunity.com\/?p=30533"},"modified":"2026-03-12T13:39:56","modified_gmt":"2026-03-12T12:39:56","slug":"community-news-februar-2026","status":"publish","type":"post","link":"https:\/\/www.aircargocommunity.com\/es\/news\/frachtpost\/community-news-februar-2026\/","title":{"rendered":"Noticias de la comunidad febrero de 2026"},"content":{"rendered":"<h3>Bienvenidos a bordo: nuestros nuevos miembros<\/h3>\n<p>Desde el 1 de febrero, se nos permite <strong>tres nuevos miembros<\/strong> Bienvenido a nuestra comunidad:<\/p>\n<p>Estamos muy contentos de anunciar que <a href=\"https:\/\/www.visality.de\">Consultor\u00eda de Visality GmbH<\/a> Para darle la bienvenida como nuevo miembro.<br \/>\nVisality es una de las <strong>Las 2 principales consultoras de gesti\u00f3n alemanas (%)<\/strong> y tiene <strong>M\u00e1s de 30 a\u00f1os de experiencia en la industria de la aviaci\u00f3n.<\/strong>. Los servicios de consultor\u00eda se centran en estrategias log\u00edsticas, optimizaci\u00f3n de procesos y conceptos innovadores de gesti\u00f3n y organizaci\u00f3n. En este contexto, Visality ya ha apoyado con \u00e9xito a numerosos aeropuertos y centros de carga a\u00e9rea, incluido el Aeropuerto de Fr\u00e1ncfort.<br \/>\nCon su profundo conocimiento del sector y sus s\u00f3lidas habilidades de implementaci\u00f3n, Visality es una valiosa incorporaci\u00f3n a nuestra comunidad. Esperamos un intercambio intenso y una colaboraci\u00f3n fruct\u00edfera.<\/p>\n<p>Con nuestro <strong>111\u00ba miembro<\/strong> Nuestra comunidad sigue creciendo, bienvenido a <a href=\"https:\/\/www.arctiv.eu\">Arctiv GmbH<\/a>!<br \/>\n\u00c1rtico significa s<strong>Log\u00edstica farmac\u00e9utica y sanitaria especializada<\/strong> Con un enfoque claro en la calidad, la transparencia y la confiabilidad, la empresa desarrolla soluciones personalizadas de extremo a extremo para entregas sensibles a la temperatura y en momentos cr\u00edticos, desde la planificaci\u00f3n y el monitoreo hasta la entrega segura.<br \/>\nArctiv est\u00e1 dirigida por Manuel Zollondz, quien ha estado involucrado en el campo durante muchos a\u00f1os. <strong>activo en la comunidad<\/strong> Es un experto dedicado y reconocido en log\u00edstica de ciencias de la vida. Su compromiso no solo fortalece la excelencia operativa de la empresa, sino tambi\u00e9n el intercambio y la creaci\u00f3n de redes dentro de nuestra red.<br \/>\nEl <strong>Creciente popularidad en el campo de la log\u00edstica farmac\u00e9utica moderna<\/strong> Esto demuestra claramente que la demanda est\u00e1 aumentando y el enfoque de Arctiv captura perfectamente el esp\u00edritu de los tiempos.<\/p>\n<p>Tambi\u00e9n damos la bienvenida a la <a href=\"https:\/\/inventry.de\">INVENTRY GmbH<\/a> Bienvenido a nuestra red.<br \/>\nINVENTRY GmbH es una <strong>Proveedor de TI de servicio completo en crecimiento<\/strong> Con sede en Griesheim, cerca de Darmstadt, y especializada en <strong>soluciones de TI a medida<\/strong> Para peque\u00f1as y medianas empresas. Nos centramos especialmente en la seguridad inform\u00e1tica, el soporte inform\u00e1tico profesional y un servicio personalizado, siempre adaptado a las necesidades de los clientes.<br \/>\nNos complace especialmente que INVENTRY ya haya apoyado a la comunidad en el pasado, incluso a trav\u00e9s de b<strong>apoyado activamente en la Conferencia de Carga A\u00e9rea<\/strong> Tiene. Raz\u00f3n de m\u00e1s para estar encantados de continuar oficialmente esta colaboraci\u00f3n dentro de nuestra red.<\/p>\n<p>Tres nuevas incorporaciones importantes, tres \u00e1reas de especializaci\u00f3n diferentes y un objetivo com\u00fan: <strong>Dar forma activamente al futuro del transporte a\u00e9reo de mercanc\u00edas<\/strong>.<br \/>\nBienvenido a la Comunidad de Carga A\u00e9rea de Frankfurt. \u00a1Nos entusiasma compartir ideas inspiradoras, valiosos intercambios y muchos proyectos conjuntos exitosos!<\/p>\n<h3><img fetchpriority=\"high\" decoding=\"async\" class=\"alignnone wp-image-30536 size-full\" src=\"https:\/\/www.aircargocommunity.com\/wp-content\/uploads\/VisalityArctivInventry.jpg\" alt=\"\" width=\"1200\" height=\"1200\" srcset=\"https:\/\/www.aircargocommunity.com\/wp-content\/uploads\/VisalityArctivInventry.jpg 1200w, https:\/\/www.aircargocommunity.com\/wp-content\/uploads\/VisalityArctivInventry-300x300.jpg 300w, https:\/\/www.aircargocommunity.com\/wp-content\/uploads\/VisalityArctivInventry-1024x1024.jpg 1024w, https:\/\/www.aircargocommunity.com\/wp-content\/uploads\/VisalityArctivInventry-150x150.jpg 150w, https:\/\/www.aircargocommunity.com\/wp-content\/uploads\/VisalityArctivInventry-768x768.jpg 768w, https:\/\/www.aircargocommunity.com\/wp-content\/uploads\/VisalityArctivInventry-12x12.jpg 12w\" sizes=\"(max-width: 1200px) 100vw, 1200px\" \/><br \/>\n\u00ad<br \/>\nUna delegaci\u00f3n de la ciudad de Neu-Isenburg obtiene informaci\u00f3n sobre la industria del transporte a\u00e9reo de mercanc\u00edas en Frankfurt.<\/h3>\n<p>En febrero tuvimos el placer de visitar el <strong>El alcalde de Neu-Isenburg, Dirk Gene Hagelstein, el concejal Stefan Schmidt y la responsable de Desarrollo Econ\u00f3mico, Andrea Quilling<\/strong> para darle la bienvenida en el aeropuerto de Frankfurt.<\/p>\n<p>La visita fue coordinada por Elke Wasser, jefa del equipo de competencia &quot;Personas y Cultura&quot;, y la ACCF, y ofreci\u00f3 una <strong>Una valiosa oportunidad para mostrar las capacidades y necesidades de nuestra industria, as\u00ed como el centro de carga m\u00e1s grande de Europa.<\/strong>norte.<\/p>\n<p>Durante la visita, conversamos sobre la diversidad de empleos que genera el transporte a\u00e9reo en la regi\u00f3n del Rin-Meno, as\u00ed como sobre la importante contribuci\u00f3n del sector a la creaci\u00f3n de valor y al fortalecimiento econ\u00f3mico de Alemania. Felix Toepsch tambi\u00e9n destac\u00f3 el papel crucial del transporte a\u00e9reo para mantener el rendimiento de las importaciones y exportaciones de Alemania y apoyar las cadenas de suministro nacionales e internacionales.<\/p>\n<p>Las charlas fueron seguidas por una <strong>Visita guiada a las instalaciones de manipulaci\u00f3n de LUG aircargo handling GmbH<\/strong>. Patrik Tschirch ofreci\u00f3 una visi\u00f3n profunda de los procesos operativos y de los diferentes perfiles profesionales en el sector del transporte a\u00e9reo de mercanc\u00edas.<\/p>\n<p>Agradecemos a nuestros visitantes de Neu-Isenburg por su inter\u00e9s y compromiso.<br \/>\nAl mismo tiempo, nos complace la <strong>Creaci\u00f3n de redes entre el Aeropuerto de Frankfurt y la regi\u00f3n circundante, fomentando la cooperaci\u00f3n y el entendimiento mutuo<\/strong>.<\/p>\n<p><img decoding=\"async\" class=\"alignnone size-medium wp-image-30549 lazyload\" data-src=\"https:\/\/www.aircargocommunity.com\/wp-content\/uploads\/Image-3-300x225.jpeg\" alt=\"\" width=\"300\" height=\"225\" data-wp-editing=\"1\" data-srcset=\"https:\/\/www.aircargocommunity.com\/wp-content\/uploads\/Image-3-300x225.jpeg 300w, https:\/\/www.aircargocommunity.com\/wp-content\/uploads\/Image-3-768x576.jpeg 768w, https:\/\/www.aircargocommunity.com\/wp-content\/uploads\/Image-3-16x12.jpeg 16w, https:\/\/www.aircargocommunity.com\/wp-content\/uploads\/Image-3.jpeg 1024w\" data-sizes=\"auto\" src=\"data:image\/svg+xml;base64,PHN2ZyB3aWR0aD0iMSIgaGVpZ2h0PSIxIiB4bWxucz0iaHR0cDovL3d3dy53My5vcmcvMjAwMC9zdmciPjwvc3ZnPg==\" style=\"--smush-placeholder-width: 300px; --smush-placeholder-aspect-ratio: 300\/225;\" data-original-sizes=\"(max-width: 300px) 100vw, 300px\" \/> <img decoding=\"async\" class=\"alignnone size-medium wp-image-30550 lazyload\" data-src=\"https:\/\/www.aircargocommunity.com\/wp-content\/uploads\/Image2-2-300x225.jpeg\" alt=\"\" width=\"300\" height=\"225\" data-srcset=\"https:\/\/www.aircargocommunity.com\/wp-content\/uploads\/Image2-2-300x225.jpeg 300w, https:\/\/www.aircargocommunity.com\/wp-content\/uploads\/Image2-2-768x576.jpeg 768w, https:\/\/www.aircargocommunity.com\/wp-content\/uploads\/Image2-2-16x12.jpeg 16w, https:\/\/www.aircargocommunity.com\/wp-content\/uploads\/Image2-2.jpeg 1024w\" data-sizes=\"auto\" src=\"data:image\/svg+xml;base64,PHN2ZyB3aWR0aD0iMSIgaGVpZ2h0PSIxIiB4bWxucz0iaHR0cDovL3d3dy53My5vcmcvMjAwMC9zdmciPjwvc3ZnPg==\" style=\"--smush-placeholder-width: 300px; --smush-placeholder-aspect-ratio: 300\/225;\" data-original-sizes=\"(max-width: 300px) 100vw, 300px\" \/><\/p>\n<h3>Fortalecimiento de la log\u00edstica farmac\u00e9utica: una mirada retrospectiva a la 3\u00aa Noche Tem\u00e1tica<\/h3>\n<p>El 19 de febrero, el <strong>Comunidad YACE<\/strong> en las instalaciones de CEVA Logistics <strong>3. Noche de temas<\/strong>, esta vez con <strong>Enfoque en el transporte a\u00e9reo de productos farmac\u00e9uticos<\/strong>, un tema de gran importancia para nuestra industria y regi\u00f3n.<\/p>\n<p>La velada ofreci\u00f3 tres interesantes presentaciones sobre diversos temas relacionados con el transporte a\u00e9reo de productos farmac\u00e9uticos:<br \/>\n<strong>Joachim von Winning (Fraport AG)<\/strong> Present\u00f3 una visi\u00f3n general de la diversa infraestructura disponible en nuestro aeropuerto para carga farmac\u00e9utica y de temperatura controlada. Destac\u00f3 con claridad la importancia de la industria farmac\u00e9utica para Alemania y su fortaleza regional en la regi\u00f3n del Rin-Meno.<br \/>\n<strong>Mart\u00edn Joswig (CEVA Log\u00edstica)<\/strong> proporcion\u00f3 perspectivas valiosas sobre los desaf\u00edos particulares de la planificaci\u00f3n del transporte desde el punto de vista del transporte de mercanc\u00edas.<br \/>\nFinalmente, se ofrecieron <strong>Sascha Wagner (DACHSER) y Ann-Kathrin K\u00f6llner (Condor Airlines)<\/strong> Una mirada en profundidad a las normas y certificaciones, incluyendo en particular las diferencias y particularidades de GDP y CEIV.<\/p>\n<p><strong>Agradecemos a los m\u00e1s de 25 invitados de diversas empresas miembro su gran inter\u00e9s. Un agradecimiento muy especial a nuestros ponentes por sus informativas presentaciones.<\/strong><\/p>\n<table style=\"border-collapse: collapse;width: 100%\">\n<tbody>\n<tr>\n<td style=\"width: 33.333333%\"><img decoding=\"async\" class=\"alignnone wp-image-30541 size-full lazyload\" data-src=\"https:\/\/www.aircargocommunity.com\/wp-content\/uploads\/Image3.jpeg\" alt=\"\" width=\"1024\" height=\"768\" data-srcset=\"https:\/\/www.aircargocommunity.com\/wp-content\/uploads\/Image3.jpeg 1024w, https:\/\/www.aircargocommunity.com\/wp-content\/uploads\/Image3-300x225.jpeg 300w, https:\/\/www.aircargocommunity.com\/wp-content\/uploads\/Image3-768x576.jpeg 768w, https:\/\/www.aircargocommunity.com\/wp-content\/uploads\/Image3-16x12.jpeg 16w\" data-sizes=\"auto\" src=\"data:image\/svg+xml;base64,PHN2ZyB3aWR0aD0iMSIgaGVpZ2h0PSIxIiB4bWxucz0iaHR0cDovL3d3dy53My5vcmcvMjAwMC9zdmciPjwvc3ZnPg==\" style=\"--smush-placeholder-width: 1024px; --smush-placeholder-aspect-ratio: 1024\/768;\" data-original-sizes=\"(max-width: 1024px) 100vw, 1024px\" \/><\/td>\n<td style=\"width: 33.333333%\"><img decoding=\"async\" class=\"alignnone wp-image-30544 size-full lazyload\" data-src=\"https:\/\/www.aircargocommunity.com\/wp-content\/uploads\/Image-2.jpeg\" alt=\"\" width=\"763\" height=\"536\" data-srcset=\"https:\/\/www.aircargocommunity.com\/wp-content\/uploads\/Image-2.jpeg 763w, https:\/\/www.aircargocommunity.com\/wp-content\/uploads\/Image-2-300x211.jpeg 300w, https:\/\/www.aircargocommunity.com\/wp-content\/uploads\/Image-2-18x12.jpeg 18w\" data-sizes=\"auto\" src=\"data:image\/svg+xml;base64,PHN2ZyB3aWR0aD0iMSIgaGVpZ2h0PSIxIiB4bWxucz0iaHR0cDovL3d3dy53My5vcmcvMjAwMC9zdmciPjwvc3ZnPg==\" style=\"--smush-placeholder-width: 763px; --smush-placeholder-aspect-ratio: 763\/536;\" data-original-sizes=\"(max-width: 763px) 100vw, 763px\" \/><\/td>\n<td style=\"width: 33.333333%\"><img decoding=\"async\" class=\"aligncenter wp-image-30540 size-full lazyload\" data-src=\"https:\/\/www.aircargocommunity.com\/wp-content\/uploads\/Image2-1.jpeg\" alt=\"\" width=\"1024\" height=\"768\" data-srcset=\"https:\/\/www.aircargocommunity.com\/wp-content\/uploads\/Image2-1.jpeg 1024w, https:\/\/www.aircargocommunity.com\/wp-content\/uploads\/Image2-1-300x225.jpeg 300w, https:\/\/www.aircargocommunity.com\/wp-content\/uploads\/Image2-1-768x576.jpeg 768w, https:\/\/www.aircargocommunity.com\/wp-content\/uploads\/Image2-1-16x12.jpeg 16w\" data-sizes=\"auto\" src=\"data:image\/svg+xml;base64,PHN2ZyB3aWR0aD0iMSIgaGVpZ2h0PSIxIiB4bWxucz0iaHR0cDovL3d3dy53My5vcmcvMjAwMC9zdmciPjwvc3ZnPg==\" style=\"--smush-placeholder-width: 1024px; --smush-placeholder-aspect-ratio: 1024\/768;\" data-original-sizes=\"(max-width: 1024px) 100vw, 1024px\" \/><\/td>\n<\/tr>\n<\/tbody>\n<\/table>\n<p><em>Nota general sobre el formato del evento: Las &quot;Noches Tem\u00e1ticas&quot; son eventos nocturnos peri\u00f3dicos sobre temas seleccionados en el \u00e1mbito del transporte a\u00e9reo y la log\u00edstica. Se celebran en diferentes empresas miembro de forma rotativa, donde expertos de nuestra comunidad comparten sus conocimientos con colegas interesados.<\/em><br \/>\n<em>Las Noches Tem\u00e1ticas est\u00e1n coordinadas por nuestro equipo junior &quot;YACE&quot; y est\u00e1n dise\u00f1adas como eventos de aprendizaje informales y de f\u00e1cil acceso. Todos los empleados de nuestras empresas miembro pueden participar de forma gratuita.<\/em><br \/>\n\u00ad<\/p>\n<h3>Pharma Day 2026 \u2013 La venta de entradas comienza el 10 de marzo.<\/h3>\n<p>Tras el gran \u00e9xito del a\u00f1o pasado, nuestro evento industrial entra en su pr\u00f3xima ronda: El <strong>D\u00eda de la Farmacia 2026<\/strong> Junto con nuestros miembros y el equipo de competencia farmac\u00e9utica, volvemos a conectar las industrias farmac\u00e9utica, de ciencias de la vida y de la salud con el transporte a\u00e9reo.<\/p>\n<p>La impresionante respuesta, los ponentes de primer nivel y los intensos debates t\u00e9cnicos hicieron del Pharma Day 2025 un \u00e9xito en una ubicaci\u00f3n excepcional. <strong>El avi\u00f3n en Dreieich<\/strong> Hemos convertido la zona cercana al Aeropuerto de Fr\u00e1ncfort en un punto destacado del calendario de eventos. Y eso es precisamente lo que queremos seguir desarrollando en 2026.<\/p>\n<p><strong>Esto es lo que puede esperar en Pharma Day 2026:<\/strong><\/p>\n<ul>\n<li>\u00daltimas tendencias en el sector farmac\u00e9utico, las ciencias biol\u00f3gicas y la atenci\u00f3n sanitaria<\/li>\n<li>Interesantes conferencias sobre el transporte con temperatura controlada<\/li>\n<li>Perspectivas pr\u00e1cticas a lo largo de la cadena de suministro<\/li>\n<li>Networking de alta calidad con tomadores de decisiones en la industria<\/li>\n<\/ul>\n<p>Naturalmente, las conferencias se impartir\u00e1n nuevamente en ingl\u00e9s para permitir el acceso al mayor n\u00famero posible de participantes internacionales.<\/p>\n<p>Un punto culminante especial en 2026 ser\u00e1 nuevamente el exclusivo tour farmac\u00e9utico en el aeropuerto de Frankfurt, que ofrecer\u00e1 informaci\u00f3n interesante sobre la log\u00edstica del transporte a\u00e9reo de mercanc\u00edas a temperatura controlada.<br \/>\n<a href=\"https:\/\/www.youtube.com\/watch?si=25I8TxNFShP7eClo&amp;v=kYohO3LHg-o&amp;feature=youtu.be\"><img decoding=\"async\" class=\"wp-image-30534 size-full aligncenter lazyload\" data-src=\"https:\/\/www.aircargocommunity.com\/wp-content\/uploads\/Aftermovie.jpg\" alt=\"\" width=\"320\" height=\"180\" data-srcset=\"https:\/\/www.aircargocommunity.com\/wp-content\/uploads\/Aftermovie.jpg 320w, https:\/\/www.aircargocommunity.com\/wp-content\/uploads\/Aftermovie-300x169.jpg 300w, https:\/\/www.aircargocommunity.com\/wp-content\/uploads\/Aftermovie-18x10.jpg 18w\" data-sizes=\"auto\" src=\"data:image\/svg+xml;base64,PHN2ZyB3aWR0aD0iMSIgaGVpZ2h0PSIxIiB4bWxucz0iaHR0cDovL3d3dy53My5vcmcvMjAwMC9zdmciPjwvc3ZnPg==\" style=\"--smush-placeholder-width: 320px; --smush-placeholder-aspect-ratio: 320\/180;\" data-original-sizes=\"(max-width: 320px) 100vw, 320px\" \/><\/a><br \/>\n<strong>\ud83c\udfac Retroceso 2025:<\/strong><br \/>\nEcha un vistazo a nuestro <a href=\"https:\/\/www.youtube.com\/watch?si=25I8TxNFShP7eClo&amp;v=kYohO3LHg-o&amp;feature=youtu.be\">Despu\u00e9s de la pel\u00edcula<\/a> Del a\u00f1o pasado y reviva el ambiente especial. Las impresiones muestran la intensidad con la que se practican el intercambio, la transferencia de conocimientos y el networking en el Pharma Day.<\/p>\n<p>\ud83c\udf9f <strong>\u00a1Ya empez\u00f3 la venta de entradas!<\/strong><br \/>\n<strong>Las entradas estar\u00e1n disponibles oficialmente a partir del 10 de marzo de 2026, en el marco del Pharma Day 2026.<\/strong><br \/>\nReserve su lugar con anticipaci\u00f3n y \u00fanase a nosotros cuando la industria se re\u00fana de nuevo en The Aircraft en Dreieich. Pr\u00f3ximamente les daremos m\u00e1s informaci\u00f3n sobre el programa, los ponentes y la inscripci\u00f3n.<br \/>\n\u00ad<\/p>\n<h3>Comunidad de carga a\u00e9rea en el JP Morgan Run el 3 de junio en Frankfurt: \u00bfqui\u00e9n participa?<\/h3>\n<p>El evento tendr\u00e1 lugar nuevamente el 3 de junio en Frankfurt am Main. <strong>Desaf\u00edo corporativo de JP Morgan<\/strong> En cambio, es uno de los eventos de running corporativo m\u00e1s grandes de Europa.<br \/>\nNosotros lo har\u00edamos <strong>Nos gustar\u00eda mucho empezar juntos como una Comunidad de Carga A\u00e9rea.<\/strong> y un <strong>Una fuerte se\u00f1al para nuestra industria<\/strong> \u00a1colocar!<\/p>\n<p><strong>Requisito:<\/strong> Necesitamos que se registren suficientes personas interesadas para que podamos hacernos cargo de la organizaci\u00f3n como equipo comunitario.<br \/>\nYa seas un corredor ambicioso, un trotador relajado o un caminante motivado, se trata de esp\u00edritu de equipo, networking y, sobre todo, la alegr\u00eda de moverse. Una gran oportunidad para conocer a colegas de todo el mundo del transporte a\u00e9reo fuera de la rutina laboral diaria.<\/p>\n<p><strong>\ud83d\udc49\u00bfQuieres unirte a nosotros?<\/strong><br \/>\nEntonces por favor reg\u00edstrate con <a href=\"mailto:m.anslinger@fra-fr8.com\" target=\"_blank\" rel=\"noopener\">Mandy<\/a>, para que podamos planificar.<\/p>\n<p>Tan pronto como recibamos suficientes inscripciones, organizaremos la participaci\u00f3n como Equipo Oficial de la Comunidad de Carga A\u00e9rea. <strong>\u00a1Para ti va bien, para nosotros vuela!<\/strong><br \/>\n\u00ad<\/p>\n<p>\u00bfLas noticias de la comunidad una vez al mes no son suficientes para ti? Entonces, visita peri\u00f3dicamente nuestro canal de LinkedIn; lo mejor es suscribirte directamente.<\/p>\n<p>\u00bfTiene alguna pregunta o comentario? \u00a1Esperamos su mensaje o llamada!<\/p>\n<p>Un cordial saludo<br \/>\nSu equipo de Air Cargo Community Frankfurt eV<\/p>","protected":false},"excerpt":{"rendered":"<p>Febrero demuestra la vitalidad y diversidad de nuestra Comunidad de Carga A\u00e9rea de Frankfurt: Damos la bienvenida a nuevos miembros, fortalecemos nuestro di\u00e1logo con los responsables pol\u00edticos y la regi\u00f3n, y damos un impulso crucial al futuro del transporte a\u00e9reo de mercanc\u00edas mediante nuestros eventos. Juntos, impulsamos la innovaci\u00f3n, la creaci\u00f3n de redes y el crecimiento en Frankfurt. \u00a1Disfrute de la lectura!<\/p>","protected":false},"author":4,"featured_media":30547,"comment_status":"closed","ping_status":"closed","sticky":false,"template":"","format":"standard","meta":{"_acf_changed":false,"wds_primary_category":0,"footnotes":""},"categories":[5],"tags":[],"class_list":["post-30533","post","type-post","status-publish","format-standard","has-post-thumbnail","hentry","category-frachtpost"],"acf":[],"_links":{"self":[{"href":"https:\/\/www.aircargocommunity.com\/es\/wp-json\/wp\/v2\/posts\/30533","targetHints":{"allow":["GET"]}}],"collection":[{"href":"https:\/\/www.aircargocommunity.com\/es\/wp-json\/wp\/v2\/posts"}],"about":[{"href":"https:\/\/www.aircargocommunity.com\/es\/wp-json\/wp\/v2\/types\/post"}],"author":[{"embeddable":true,"href":"https:\/\/www.aircargocommunity.com\/es\/wp-json\/wp\/v2\/users\/4"}],"replies":[{"embeddable":true,"href":"https:\/\/www.aircargocommunity.com\/es\/wp-json\/wp\/v2\/comments?post=30533"}],"version-history":[{"count":12,"href":"https:\/\/www.aircargocommunity.com\/es\/wp-json\/wp\/v2\/posts\/30533\/revisions"}],"predecessor-version":[{"id":30559,"href":"https:\/\/www.aircargocommunity.com\/es\/wp-json\/wp\/v2\/posts\/30533\/revisions\/30559"}],"wp:featuredmedia":[{"embeddable":true,"href":"https:\/\/www.aircargocommunity.com\/es\/wp-json\/wp\/v2\/media\/30547"}],"wp:attachment":[{"href":"https:\/\/www.aircargocommunity.com\/es\/wp-json\/wp\/v2\/media?parent=30533"}],"wp:term":[{"taxonomy":"category","embeddable":true,"href":"https:\/\/www.aircargocommunity.com\/es\/wp-json\/wp\/v2\/categories?post=30533"},{"taxonomy":"post_tag","embeddable":true,"href":"https:\/\/www.aircargocommunity.com\/es\/wp-json\/wp\/v2\/tags?post=30533"}],"curies":[{"name":"wp","href":"https:\/\/api.w.org\/{rel}","templated":true}]}}