{"id":3993,"date":"2024-07-02T11:07:42","date_gmt":"2024-07-02T09:07:42","guid":{"rendered":"https:\/\/www.aircargocommunity.com\/?p=3993"},"modified":"2024-07-25T17:08:23","modified_gmt":"2024-07-25T15:08:23","slug":"community-news-juni-2024","status":"publish","type":"post","link":"https:\/\/www.aircargocommunity.com\/es\/news\/frachtpost\/community-news-juni-2024\/","title":{"rendered":"Noticias Comunitarias Junio 2024"},"content":{"rendered":"<p>Querida comunidad,<\/p>\n<p>La primera mitad de 2024 ya ha terminado. Y muchas cosas han vuelto a pasar en la comunidad...<\/p>\n<h3>Nueva junta directiva \u2013 asamblea general ordinaria en 2024<\/h3>\n<p>La asamblea general anual tuvo lugar el 20 de junio como es habitual en el IntercityHotel Frankfurt Airport. Seg\u00fan los informes de los directores generales y de los auditores, el consejo de administraci\u00f3n tambi\u00e9n fue elegido de forma rotativa.<\/p>\n<p>De acuerdo con los estatutos, se nombra para el consejo de administraci\u00f3n a una persona de cada uno de los dos actores m\u00e1s importantes del aeropuerto de Frankfurt: Dr. Pierre-Dominique Pr\u00fcmm participa activamente como miembro de la junta directiva, al igual que Dietmar Focke de Lufthansa Cargo. En el grupo de transporte, Susanne Klingler-Werner de UPS SCS fue confirmada en su puesto, al igual que Michael Hoppe de BARIG como representante de la aerol\u00ednea. Se produjo un cambio en el grupo de manipuladores de mercanc\u00edas: Patrik Tschirch de LUG fue elegido nuevo miembro de la junta directiva. Christian Riege de Riege Software se une a la junta directiva del grupo de diversos proveedores de servicios. En una reuni\u00f3n del consejo de administraci\u00f3n prevista directamente, el nuevo consejo eligi\u00f3 por unanimidad a Patrik Tschirch como nuevo presidente del consejo y a Christian Riege como suplente. Con la excepci\u00f3n de una pausa de dos a\u00f1os, Patrik Tschirch forma parte de la junta directiva desde 2014 y tambi\u00e9n fue presidente de la junta directiva de 2020 a 2022.<\/p>\n<p>En este punto nos gustar\u00eda aprovechar la oportunidad para agradecer a Henning Dieter (ex CEO) y al Dr. Hay que agradecer a Tobias Riege (antiguo vicepresidente de la junta directiva). Ambos pudieron brindar un impulso valioso durante su mandato y contribuyeron al desarrollo positivo de nuestra comunidad.<\/p>\n<figure id=\"attachment_3994\" aria-describedby=\"caption-attachment-3994\" style=\"width: 800px\" class=\"wp-caption aligncenter\"><img fetchpriority=\"high\" decoding=\"async\" class=\"wp-image-3994 size-large\" src=\"https:\/\/www.aircargocommunity.com\/wp-content\/uploads\/DSC00444-1024x683.jpg\" alt=\"\" width=\"800\" height=\"534\" srcset=\"https:\/\/www.aircargocommunity.com\/wp-content\/uploads\/DSC00444-1024x683.jpg 1024w, https:\/\/www.aircargocommunity.com\/wp-content\/uploads\/DSC00444-300x200.jpg 300w, https:\/\/www.aircargocommunity.com\/wp-content\/uploads\/DSC00444-768x512.jpg 768w, https:\/\/www.aircargocommunity.com\/wp-content\/uploads\/DSC00444-1536x1024.jpg 1536w, https:\/\/www.aircargocommunity.com\/wp-content\/uploads\/DSC00444-2048x1365.jpg 2048w\" sizes=\"(max-width: 800px) 100vw, 800px\" \/><figcaption id=\"caption-attachment-3994\" class=\"wp-caption-text\">Imagen: Direcci\u00f3n y nueva junta directiva de Air Cargo Community Frankfurt eV - Desde la izquierda: Grit Engelbart (CEO de ACCF) Dietmar Focke (Lufthansa Cargo), Patrik Tschirch (LUG), Christian Riege (Riege Software), Susanne Klingler-Werner (UPS SCS) ), Michael Hoppe (BARIG), Felix Toepsch (CEO de la ACCF), Dr. Pierre Dominique Pr\u00fcmm (Fraport)<\/figcaption><\/figure>\n<h3>Un motivo de celebraci\u00f3n: 10 a\u00f1os de operaciones de transporte a\u00e9reo de mercanc\u00edas en la sede de Frankfurt<\/h3>\n<p>Nuestra asociaci\u00f3n fue fundada en 2014 por visionarios del transporte a\u00e9reo con el objetivo de aunar los intereses y necesidades de las distintas partes involucradas en el proceso. Con el apoyo de las empresas m\u00e1s grandes del aeropuerto de Frankfurt, Fraport y Lufthansa Cargo, el n\u00famero de miembros de la asociaci\u00f3n ha ido creciendo constantemente a lo largo de los a\u00f1os. Hoy entre nuestros miembros se incluyen m\u00e1s de 75 empresas de diversos eslabones de la cadena de transporte a\u00e9reo.<\/p>\n<p>Estamos felices de aprovechar el d\u00e9cimo aniversario como una oportunidad para celebrar con nuestros miembros en el IntercityHotel en el lado sur del aeropuerto. Entre los invitados tambi\u00e9n estuvieron antiguos miembros de la junta directiva y jugadores del club y juntos repasamos los \u00faltimos 10 a\u00f1os, los desaf\u00edos y los \u00e9xitos.<\/p>\n<p>Adem\u00e1s de las medidas desarrolladas en los distintos equipos de competencia, desde hace 10 a\u00f1os ofrecemos a nuestros miembros la oportunidad de establecer contactos a trav\u00e9s de diversos eventos. Despu\u00e9s del buffet de barbacoa hubo un divertido cuestionario y una entretenida presentaci\u00f3n de nuestro nuevo <a href=\"https:\/\/www.tiktok.com\/@aircargocommunityfra\" target=\"_blank\" rel=\"noopener\">canal de tiktok<\/a>. Posteriormente, el DJ recibi\u00f3 una mayor atenci\u00f3n y el personal de transporte a\u00e9reo en Frankfurt celebr\u00f3 ampliamente nuestro club y nuestros logros de los \u00faltimos 10 a\u00f1os.<\/p>\n<p><img decoding=\"async\" class=\"alignnone wp-image-4008 lazyload\" data-src=\"https:\/\/www.aircargocommunity.com\/wp-content\/uploads\/DSC00906-300x200.jpg\" alt=\"\" width=\"350\" height=\"233\" data-srcset=\"https:\/\/www.aircargocommunity.com\/wp-content\/uploads\/DSC00906-300x200.jpg 300w, https:\/\/www.aircargocommunity.com\/wp-content\/uploads\/DSC00906-1024x683.jpg 1024w, https:\/\/www.aircargocommunity.com\/wp-content\/uploads\/DSC00906-768x512.jpg 768w, https:\/\/www.aircargocommunity.com\/wp-content\/uploads\/DSC00906-1536x1024.jpg 1536w, https:\/\/www.aircargocommunity.com\/wp-content\/uploads\/DSC00906-2048x1365.jpg 2048w\" data-sizes=\"auto\" src=\"data:image\/svg+xml;base64,PHN2ZyB3aWR0aD0iMSIgaGVpZ2h0PSIxIiB4bWxucz0iaHR0cDovL3d3dy53My5vcmcvMjAwMC9zdmciPjwvc3ZnPg==\" style=\"--smush-placeholder-width: 350px; --smush-placeholder-aspect-ratio: 350\/233;\" data-original-sizes=\"(max-width: 350px) 100vw, 350px\" \/>\u00a0 \u00a0 <img decoding=\"async\" class=\"alignnone wp-image-4006 lazyload\" data-src=\"https:\/\/www.aircargocommunity.com\/wp-content\/uploads\/DSC00534-300x200.jpg\" alt=\"\" width=\"350\" height=\"233\" data-srcset=\"https:\/\/www.aircargocommunity.com\/wp-content\/uploads\/DSC00534-300x200.jpg 300w, https:\/\/www.aircargocommunity.com\/wp-content\/uploads\/DSC00534-1024x683.jpg 1024w, https:\/\/www.aircargocommunity.com\/wp-content\/uploads\/DSC00534-768x512.jpg 768w, https:\/\/www.aircargocommunity.com\/wp-content\/uploads\/DSC00534-1536x1024.jpg 1536w, https:\/\/www.aircargocommunity.com\/wp-content\/uploads\/DSC00534-2048x1365.jpg 2048w\" data-sizes=\"auto\" src=\"data:image\/svg+xml;base64,PHN2ZyB3aWR0aD0iMSIgaGVpZ2h0PSIxIiB4bWxucz0iaHR0cDovL3d3dy53My5vcmcvMjAwMC9zdmciPjwvc3ZnPg==\" style=\"--smush-placeholder-width: 350px; --smush-placeholder-aspect-ratio: 350\/233;\" data-original-sizes=\"(max-width: 350px) 100vw, 350px\" \/><\/p>\n<p><img decoding=\"async\" class=\"alignnone wp-image-4007 lazyload\" data-src=\"https:\/\/www.aircargocommunity.com\/wp-content\/uploads\/DSC00607-300x200.jpg\" alt=\"\" width=\"350\" height=\"233\" data-srcset=\"https:\/\/www.aircargocommunity.com\/wp-content\/uploads\/DSC00607-300x200.jpg 300w, https:\/\/www.aircargocommunity.com\/wp-content\/uploads\/DSC00607-1024x683.jpg 1024w, https:\/\/www.aircargocommunity.com\/wp-content\/uploads\/DSC00607-768x512.jpg 768w, https:\/\/www.aircargocommunity.com\/wp-content\/uploads\/DSC00607-1536x1024.jpg 1536w, https:\/\/www.aircargocommunity.com\/wp-content\/uploads\/DSC00607-2048x1365.jpg 2048w\" data-sizes=\"auto\" src=\"data:image\/svg+xml;base64,PHN2ZyB3aWR0aD0iMSIgaGVpZ2h0PSIxIiB4bWxucz0iaHR0cDovL3d3dy53My5vcmcvMjAwMC9zdmciPjwvc3ZnPg==\" style=\"--smush-placeholder-width: 350px; --smush-placeholder-aspect-ratio: 350\/233;\" data-original-sizes=\"(max-width: 350px) 100vw, 350px\" \/>\u00a0 \u00a0 <img decoding=\"async\" class=\"alignnone wp-image-4005 lazyload\" data-src=\"https:\/\/www.aircargocommunity.com\/wp-content\/uploads\/DSC00530-300x200.jpg\" alt=\"\" width=\"350\" height=\"233\" data-srcset=\"https:\/\/www.aircargocommunity.com\/wp-content\/uploads\/DSC00530-300x200.jpg 300w, https:\/\/www.aircargocommunity.com\/wp-content\/uploads\/DSC00530-1024x683.jpg 1024w, https:\/\/www.aircargocommunity.com\/wp-content\/uploads\/DSC00530-768x512.jpg 768w, https:\/\/www.aircargocommunity.com\/wp-content\/uploads\/DSC00530-1536x1024.jpg 1536w, https:\/\/www.aircargocommunity.com\/wp-content\/uploads\/DSC00530-2048x1365.jpg 2048w\" data-sizes=\"auto\" src=\"data:image\/svg+xml;base64,PHN2ZyB3aWR0aD0iMSIgaGVpZ2h0PSIxIiB4bWxucz0iaHR0cDovL3d3dy53My5vcmcvMjAwMC9zdmciPjwvc3ZnPg==\" style=\"--smush-placeholder-width: 350px; --smush-placeholder-aspect-ratio: 350\/233;\" data-original-sizes=\"(max-width: 350px) 100vw, 350px\" \/><\/p>\n<h3>TikTok: \u00bfvolverte loco o despegar?<\/h3>\n<p>\u201cTikTok es s\u00f3lo para j\u00f3venes. En TikTok solo hay v\u00eddeos de baile tontos. El contenido de TikTok es superficial y sin sentido\u201d. Annika K\u00f6titz (FIEGE) y Felicitas Haller (All Service) desacreditaron estos y muchos otros prejuicios en nuestra celebraci\u00f3n de 10 a\u00f1os con ejemplos e ideas. \u201cSi en el futuro se quiere atraer empleados y mejorar la imagen del sector del transporte a\u00e9reo, hay que estar al d\u00eda\u201d, convenci\u00f3 Annika. Con el nuevo canal\u201d<a href=\"https:\/\/www.tiktok.com\/@aircargocommunityfra\" target=\"_blank\" rel=\"noopener\">comunidaddecargaaereafra<\/a>El grupo de trabajo \u201cTikTok\u201d creado ofrece valor agregado para nuestras empresas miembro.<br \/>\nY lo mejor de todo es que las empresas miembro pueden simplemente enviar sus v\u00eddeos al canal o aprovechar la oferta de producci\u00f3n conjunta con el equipo de ACCF TikTok. un mensaje a <a href=\"mailto:tiktok@fra-fr8.com\" target=\"_blank\" rel=\"noopener\">tiktok@fra-fr8.com<\/a> es suficiente. Si est\u00e1 interesado en un trabajo interesante en el equipo, h\u00e1ganoslo saber.<\/p>\n<p><img decoding=\"async\" class=\"alignnone wp-image-4001 size-large lazyload\" data-src=\"https:\/\/www.aircargocommunity.com\/wp-content\/uploads\/ACCF_TikTok_neu-e1719911518110-1024x542.jpg\" alt=\"\" width=\"800\" height=\"423\" data-srcset=\"https:\/\/www.aircargocommunity.com\/wp-content\/uploads\/ACCF_TikTok_neu-e1719911518110-1024x542.jpg 1024w, https:\/\/www.aircargocommunity.com\/wp-content\/uploads\/ACCF_TikTok_neu-e1719911518110-300x159.jpg 300w, https:\/\/www.aircargocommunity.com\/wp-content\/uploads\/ACCF_TikTok_neu-e1719911518110-768x406.jpg 768w, https:\/\/www.aircargocommunity.com\/wp-content\/uploads\/ACCF_TikTok_neu-e1719911518110-1536x813.jpg 1536w, https:\/\/www.aircargocommunity.com\/wp-content\/uploads\/ACCF_TikTok_neu-e1719911518110.jpg 1920w\" data-sizes=\"auto\" src=\"data:image\/svg+xml;base64,PHN2ZyB3aWR0aD0iMSIgaGVpZ2h0PSIxIiB4bWxucz0iaHR0cDovL3d3dy53My5vcmcvMjAwMC9zdmciPjwvc3ZnPg==\" style=\"--smush-placeholder-width: 800px; --smush-placeholder-aspect-ratio: 800\/423;\" data-original-sizes=\"(max-width: 800px) 100vw, 800px\" \/><\/p>\n<h3>Descubre nuestro nuevo sitio web<\/h3>\n<p>\u00a1Hemos lanzado nuestro nuevo sitio web! Despu\u00e9s de meses de planificaci\u00f3n, dise\u00f1o y desarrollo, hemos creado una plataforma que presenta nuestra asociaci\u00f3n con un dise\u00f1o moderno y f\u00e1cil de usar. Con una navegaci\u00f3n intuitiva y un dise\u00f1o claro, podr\u00e1s encontrar f\u00e1cilmente lo que buscas. El acceso a la comunidad tambi\u00e9n es m\u00e1s f\u00e1cil para todos los que quieran convertirse en miembros. La solicitud de membres\u00eda se puede cargar directamente a trav\u00e9s de nuestro formulario de contacto y envi\u00e1rnosla.<\/p>\n<p>En el futuro nos gustar\u00eda ofrecerle informaci\u00f3n a\u00fan m\u00e1s actualizada y un \u00e1rea protegida para miembros. El portal de empleo previsto tambi\u00e9n es una de las pr\u00f3ximas tareas pendientes de nuestra lista. Eche un vistazo y descubra nuestro nuevo sitio web.<\/p>\n<p><a href=\"https:\/\/www.aircargocommunity.com\/es\/\" target=\"_blank\" rel=\"noopener\"><img decoding=\"async\" class=\"alignnone wp-image-4010 size-large lazyload\" data-src=\"https:\/\/www.aircargocommunity.com\/wp-content\/uploads\/Screenshot-2024-06-27-144859-1024x619.png\" alt=\"\" width=\"800\" height=\"484\" data-srcset=\"https:\/\/www.aircargocommunity.com\/wp-content\/uploads\/Screenshot-2024-06-27-144859-1024x619.png 1024w, https:\/\/www.aircargocommunity.com\/wp-content\/uploads\/Screenshot-2024-06-27-144859-300x181.png 300w, https:\/\/www.aircargocommunity.com\/wp-content\/uploads\/Screenshot-2024-06-27-144859-768x464.png 768w, https:\/\/www.aircargocommunity.com\/wp-content\/uploads\/Screenshot-2024-06-27-144859-1536x929.png 1536w, https:\/\/www.aircargocommunity.com\/wp-content\/uploads\/Screenshot-2024-06-27-144859.png 1940w\" data-sizes=\"auto\" src=\"data:image\/svg+xml;base64,PHN2ZyB3aWR0aD0iMSIgaGVpZ2h0PSIxIiB4bWxucz0iaHR0cDovL3d3dy53My5vcmcvMjAwMC9zdmciPjwvc3ZnPg==\" style=\"--smush-placeholder-width: 800px; --smush-placeholder-aspect-ratio: 800\/484;\" data-original-sizes=\"(max-width: 800px) 100vw, 800px\" \/><\/a><\/p>\n<h3>Se inici\u00f3 el registro de ACC 2024<\/h3>\n<p>\u00a1Listo, listo, reg\u00edstrate! La Air Cargo Conference 2024 de este a\u00f1o se llevar\u00e1 a cabo los d\u00edas 4 y 5 de septiembre. Reg\u00edstrese ahora a trav\u00e9s de nuestro <a href=\"https:\/\/www.air-cargo-conference.com\" target=\"_blank\" rel=\"noopener\">Sitio web del evento<\/a>. Nuestras empresas miembro disfrutan de un precio de entrada reducido y adem\u00e1s reciben 2 entradas gratis.<\/p>\n<p>Puede obtener un anticipo de la agenda de este a\u00f1o a trav\u00e9s de nuestro <a href=\"https:\/\/www.air-cargo-conference.com\" target=\"_blank\" rel=\"noopener\">Sitio web del evento<\/a>. Adem\u00e1s de las conferencias y las pausas para establecer contactos, tambi\u00e9n cabe destacar nuestro recorrido al amanecer el segundo d\u00eda de la conferencia. Esto brinda a nuestros madrugadores la oportunidad de experimentar el aeropuerto desde temprana hora bajo una luz completamente diferente, directamente desde la plataforma. Los beneficios de las entradas para la gira se destinan a una causa ben\u00e9fica.<\/p>\n<p>Nos complace que este a\u00f1o el... <a href=\"https:\/\/www.georgi-transporte.com\/\" target=\"_blank\" rel=\"noopener\">GRUPO GEORGI<\/a> y <a href=\"https:\/\/cindsolutions.com\/\" target=\"_blank\" rel=\"noopener\">CIND<\/a> Como patrocinadores principales junto con muchos otros patrocinadores, hacemos posible un evento interesante. \u00bfA\u00fan le gustar\u00eda colocar a su empresa como patrocinador en la Air Cargo Conference? Por favor no dude en ponerse en contacto <a href=\"mailto:aircargoconference@fra-fr8.com\" target=\"_blank\" rel=\"noopener\">a nosotros<\/a>.<\/p>\n<p><a href=\"https:\/\/www.air-cargo-conference.com\" target=\"_blank\" rel=\"noopener\"><img decoding=\"async\" class=\"alignnone wp-image-4000 size-large lazyload\" data-src=\"https:\/\/www.aircargocommunity.com\/wp-content\/uploads\/ACC2024-main-sponsors-2-aspect-ratio-1920-1200-1-1024x640.jpg\" alt=\"\" width=\"800\" height=\"500\" data-srcset=\"https:\/\/www.aircargocommunity.com\/wp-content\/uploads\/ACC2024-main-sponsors-2-aspect-ratio-1920-1200-1-1024x640.jpg 1024w, https:\/\/www.aircargocommunity.com\/wp-content\/uploads\/ACC2024-main-sponsors-2-aspect-ratio-1920-1200-1-300x188.jpg 300w, https:\/\/www.aircargocommunity.com\/wp-content\/uploads\/ACC2024-main-sponsors-2-aspect-ratio-1920-1200-1-768x480.jpg 768w, https:\/\/www.aircargocommunity.com\/wp-content\/uploads\/ACC2024-main-sponsors-2-aspect-ratio-1920-1200-1-1536x960.jpg 1536w, https:\/\/www.aircargocommunity.com\/wp-content\/uploads\/ACC2024-main-sponsors-2-aspect-ratio-1920-1200-1-2048x1280.jpg 2048w\" data-sizes=\"auto\" src=\"data:image\/svg+xml;base64,PHN2ZyB3aWR0aD0iMSIgaGVpZ2h0PSIxIiB4bWxucz0iaHR0cDovL3d3dy53My5vcmcvMjAwMC9zdmciPjwvc3ZnPg==\" style=\"--smush-placeholder-width: 800px; --smush-placeholder-aspect-ratio: 800\/500;\" data-original-sizes=\"(max-width: 800px) 100vw, 800px\" \/><\/a><\/p>\n<h3>El primer afterwork de YACE<\/h3>\n<p>Apoyamos la iniciativa de HAUS61 de ofrecer a nuestros J\u00f3venes Ejecutivos de Carga A\u00e9rea y a los nuevos talentos de nuestra industria una plataforma en un ambiente confortable. En el Hunky Dory Bar de Frankfurt, nuestros j\u00f3venes profesionales tuvieron la oportunidad de hablar con directivos experimentados que desempe\u00f1an un papel clave en la configuraci\u00f3n de nuestra industria del transporte a\u00e9reo en el aeropuerto de Frankfurt. Los ejecutivos tambi\u00e9n se beneficiaron de las ideas de los j\u00f3venes talentos para conocer m\u00e1s sobre sus perspectivas para el futuro del transporte a\u00e9reo.<\/p>\n<p>Muchas gracias a Hendrik Bender y Rachid Touzani, quienes crearon este formato en nombre de HAUS61, que ofrece valor agregado para nuestra comunidad YACE.<\/p>\n<p><img decoding=\"async\" class=\"alignnone size-large wp-image-4011 lazyload\" data-src=\"https:\/\/www.aircargocommunity.com\/wp-content\/uploads\/YACE_Afterwork-1024x682.jpg\" alt=\"\" width=\"800\" height=\"533\" data-srcset=\"https:\/\/www.aircargocommunity.com\/wp-content\/uploads\/YACE_Afterwork-1024x682.jpg 1024w, https:\/\/www.aircargocommunity.com\/wp-content\/uploads\/YACE_Afterwork-300x200.jpg 300w, https:\/\/www.aircargocommunity.com\/wp-content\/uploads\/YACE_Afterwork-768x512.jpg 768w, https:\/\/www.aircargocommunity.com\/wp-content\/uploads\/YACE_Afterwork-1536x1024.jpg 1536w, https:\/\/www.aircargocommunity.com\/wp-content\/uploads\/YACE_Afterwork.jpg 2000w\" data-sizes=\"auto\" src=\"data:image\/svg+xml;base64,PHN2ZyB3aWR0aD0iMSIgaGVpZ2h0PSIxIiB4bWxucz0iaHR0cDovL3d3dy53My5vcmcvMjAwMC9zdmciPjwvc3ZnPg==\" style=\"--smush-placeholder-width: 800px; --smush-placeholder-aspect-ratio: 800\/533;\" data-original-sizes=\"(max-width: 800px) 100vw, 800px\" \/><\/p>\n<h3>Desempe\u00f1o deportivo de la Comunidad Air Cargo en la JP Morgan Run<\/h3>\n<p>\u201cCorre contigo, vuela con nosotros\u201d: este a\u00f1o la Air Cargo Community Frankfurt particip\u00f3 por primera vez en el JP Morgan Corporate Challenge. Un equipo de 34 corredores de distintas empresas miembro parti\u00f3 el 5 de junio para completar juntos el recorrido de 5,6 kil\u00f3metros por el centro de la ciudad de Frankfurt.<\/p>\n<p>Adem\u00e1s de los brillantes logros personales, hubo un refrigerio en el Party Point de Fraport despu\u00e9s de la exitosa carrera. A pesar del esfuerzo, \u00a1claramente nos divertimos!<\/p>\n<p><img decoding=\"async\" class=\"alignnone size-large wp-image-4009 lazyload\" data-src=\"https:\/\/www.aircargocommunity.com\/wp-content\/uploads\/JP_Morgan_Gruppenfoto-1024x666.jpg\" alt=\"\" width=\"800\" height=\"520\" data-srcset=\"https:\/\/www.aircargocommunity.com\/wp-content\/uploads\/JP_Morgan_Gruppenfoto-1024x666.jpg 1024w, https:\/\/www.aircargocommunity.com\/wp-content\/uploads\/JP_Morgan_Gruppenfoto-300x195.jpg 300w, https:\/\/www.aircargocommunity.com\/wp-content\/uploads\/JP_Morgan_Gruppenfoto-768x500.jpg 768w, https:\/\/www.aircargocommunity.com\/wp-content\/uploads\/JP_Morgan_Gruppenfoto-1536x999.jpg 1536w, https:\/\/www.aircargocommunity.com\/wp-content\/uploads\/JP_Morgan_Gruppenfoto-2048x1332.jpg 2048w\" data-sizes=\"auto\" src=\"data:image\/svg+xml;base64,PHN2ZyB3aWR0aD0iMSIgaGVpZ2h0PSIxIiB4bWxucz0iaHR0cDovL3d3dy53My5vcmcvMjAwMC9zdmciPjwvc3ZnPg==\" style=\"--smush-placeholder-width: 800px; --smush-placeholder-aspect-ratio: 800\/520;\" data-original-sizes=\"(max-width: 800px) 100vw, 800px\" \/><\/p>\n<h3>Campa\u00f1a de limpieza en CargoCity Sur<\/h3>\n<p>Junto con nuestros equipos de competencia de Transporte y Sostenibilidad, as\u00ed como con voluntarios de nuestras empresas miembro, llevamos a cabo una operaci\u00f3n de limpieza en CargoCity South. En pocas horas pudimos recoger varios cubos llenos de basura y sacarlos de CargoCity S\u00fcd. Nos acompa\u00f1\u00f3 un cami\u00f3n de helados, donde los camioneros y los participantes activos pudieron tomar un dulce refrigerio. Gracias a nuestros patrocinadores Air-Tech Transport &amp; Logistics, CARGO7, National Air Cargo y Strike Aviation Group.<\/p>\n<p>Un agradecimiento tambi\u00e9n a todas las manos voluntarias de CHI, Fraport, Lufthansa Cargo, LUG y National Air Cargo.<\/p>\n<p><img decoding=\"async\" class=\"alignnone size-full wp-image-4003 lazyload\" data-src=\"https:\/\/www.aircargocommunity.com\/wp-content\/uploads\/CleanUp-Day.jpg\" alt=\"\" width=\"1024\" height=\"768\" data-srcset=\"https:\/\/www.aircargocommunity.com\/wp-content\/uploads\/CleanUp-Day.jpg 1024w, https:\/\/www.aircargocommunity.com\/wp-content\/uploads\/CleanUp-Day-300x225.jpg 300w, https:\/\/www.aircargocommunity.com\/wp-content\/uploads\/CleanUp-Day-768x576.jpg 768w\" data-sizes=\"auto\" src=\"data:image\/svg+xml;base64,PHN2ZyB3aWR0aD0iMSIgaGVpZ2h0PSIxIiB4bWxucz0iaHR0cDovL3d3dy53My5vcmcvMjAwMC9zdmciPjwvc3ZnPg==\" style=\"--smush-placeholder-width: 1024px; --smush-placeholder-aspect-ratio: 1024\/768;\" data-original-sizes=\"(max-width: 1024px) 100vw, 1024px\" \/><\/p>\n<h3>BPI visita el aeropuerto<\/h3>\n<p>A principios de junio, los miembros del comit\u00e9 de la Asociaci\u00f3n Federal de la Industria Farmac\u00e9utica vivieron un d\u00eda emocionante en el aeropuerto de Frankfurt.<\/p>\n<p>La primera parte de la jornada estuvo dedicada a interesantes conferencias y debates sobre el transporte de productos farmac\u00e9uticos y sanitarios. Por la tarde, el grupo visit\u00f3 el almac\u00e9n y el Centro Asistencial LUG Pharma. A continuaci\u00f3n se realiz\u00f3 un recorrido por la plataforma, durante el cual los participantes pudieron observar los procesos reales en la plataforma.<\/p>\n<p>Para nosotros fue un intercambio enriquecedor con nueva inspiraci\u00f3n e ideas para nuestro equipo de competencia farmac\u00e9utica. Esperamos tener m\u00e1s encuentros con el BPI.<\/p>\n<p><img decoding=\"async\" class=\"alignnone wp-image-4002 lazyload\" data-src=\"https:\/\/www.aircargocommunity.com\/wp-content\/uploads\/BPI-Pharma-300x225.jpg\" alt=\"\" width=\"350\" height=\"263\" data-srcset=\"https:\/\/www.aircargocommunity.com\/wp-content\/uploads\/BPI-Pharma-300x225.jpg 300w, https:\/\/www.aircargocommunity.com\/wp-content\/uploads\/BPI-Pharma-1024x768.jpg 1024w, https:\/\/www.aircargocommunity.com\/wp-content\/uploads\/BPI-Pharma-768x576.jpg 768w, https:\/\/www.aircargocommunity.com\/wp-content\/uploads\/BPI-Pharma-1536x1152.jpg 1536w, https:\/\/www.aircargocommunity.com\/wp-content\/uploads\/BPI-Pharma-2048x1536.jpg 2048w\" data-sizes=\"auto\" src=\"data:image\/svg+xml;base64,PHN2ZyB3aWR0aD0iMSIgaGVpZ2h0PSIxIiB4bWxucz0iaHR0cDovL3d3dy53My5vcmcvMjAwMC9zdmciPjwvc3ZnPg==\" style=\"--smush-placeholder-width: 350px; --smush-placeholder-aspect-ratio: 350\/263;\" data-original-sizes=\"(max-width: 350px) 100vw, 350px\" \/>\u00a0 \u00a0 <img decoding=\"async\" class=\"alignnone wp-image-3999 lazyload\" data-src=\"https:\/\/www.aircargocommunity.com\/wp-content\/uploads\/4-300x225.jpg\" alt=\"\" width=\"350\" height=\"263\" data-srcset=\"https:\/\/www.aircargocommunity.com\/wp-content\/uploads\/4-300x225.jpg 300w, https:\/\/www.aircargocommunity.com\/wp-content\/uploads\/4-1024x768.jpg 1024w, https:\/\/www.aircargocommunity.com\/wp-content\/uploads\/4-768x576.jpg 768w, https:\/\/www.aircargocommunity.com\/wp-content\/uploads\/4-1536x1152.jpg 1536w, https:\/\/www.aircargocommunity.com\/wp-content\/uploads\/4-2048x1536.jpg 2048w\" data-sizes=\"auto\" src=\"data:image\/svg+xml;base64,PHN2ZyB3aWR0aD0iMSIgaGVpZ2h0PSIxIiB4bWxucz0iaHR0cDovL3d3dy53My5vcmcvMjAwMC9zdmciPjwvc3ZnPg==\" style=\"--smush-placeholder-width: 350px; --smush-placeholder-aspect-ratio: 350\/263;\" data-original-sizes=\"(max-width: 350px) 100vw, 350px\" \/><\/p>\n<p>&nbsp;<\/p>\n<p>\u00bfLas noticias de la comunidad una vez al mes no son suficientes para ti? Entonces visite nuestro canal de LinkedIn con regularidad; lo mejor es suscribirse directamente.<\/p>\n<p>\u00bfTiene alguna pregunta o comentario? \u00a1Esperamos su mensaje o llamada!<\/p>\n<p>Atentamente<br \/>\nSu equipo en Air Cargo Community Frankfurt eV<\/p>","protected":false},"excerpt":{"rendered":"<p>La primera mitad de 2024 estuvo llena de acontecimientos. En la asamblea general del 20 de junio en el IntercityHotel Frankfurt Airport se eligi\u00f3 a la junta directiva: Dr. Pierre-Dominique Pr\u00fcmm (Fraport) y Dietmar Focke (Lufthansa Cargo) permanecen en sus cargos. Los nuevos miembros de la junta directiva son Patrik Tschirch (LUG) como presidente y Christian Riege (Riege Software) como suplente. Celebramos nuestro d\u00e9cimo aniversario en el IntercityHotel con una barbacoa, un cuestionario y la presentaci\u00f3n de nuestro nuevo canal TikTok \u201caircargocommunityfra\u201d. Visite nuestro nuevo sitio web para obtener la informaci\u00f3n m\u00e1s reciente y registrarse para la Air Cargo Conference 2024 los d\u00edas 4 y 5 de septiembre. Otros aspectos destacados incluyeron el primer evento afterwork de YACE, la participaci\u00f3n en la carrera de JP Morgan, una campa\u00f1a de limpieza en CargoCity South y una visita al BPI en el aeropuerto.<\/p>","protected":false},"author":9,"featured_media":4013,"comment_status":"closed","ping_status":"closed","sticky":false,"template":"","format":"standard","meta":{"_acf_changed":false,"wds_primary_category":5,"footnotes":""},"categories":[5],"tags":[],"class_list":["post-3993","post","type-post","status-publish","format-standard","has-post-thumbnail","hentry","category-frachtpost"],"acf":[],"_links":{"self":[{"href":"https:\/\/www.aircargocommunity.com\/es\/wp-json\/wp\/v2\/posts\/3993","targetHints":{"allow":["GET"]}}],"collection":[{"href":"https:\/\/www.aircargocommunity.com\/es\/wp-json\/wp\/v2\/posts"}],"about":[{"href":"https:\/\/www.aircargocommunity.com\/es\/wp-json\/wp\/v2\/types\/post"}],"author":[{"embeddable":true,"href":"https:\/\/www.aircargocommunity.com\/es\/wp-json\/wp\/v2\/users\/9"}],"replies":[{"embeddable":true,"href":"https:\/\/www.aircargocommunity.com\/es\/wp-json\/wp\/v2\/comments?post=3993"}],"version-history":[{"count":19,"href":"https:\/\/www.aircargocommunity.com\/es\/wp-json\/wp\/v2\/posts\/3993\/revisions"}],"predecessor-version":[{"id":4172,"href":"https:\/\/www.aircargocommunity.com\/es\/wp-json\/wp\/v2\/posts\/3993\/revisions\/4172"}],"wp:featuredmedia":[{"embeddable":true,"href":"https:\/\/www.aircargocommunity.com\/es\/wp-json\/wp\/v2\/media\/4013"}],"wp:attachment":[{"href":"https:\/\/www.aircargocommunity.com\/es\/wp-json\/wp\/v2\/media?parent=3993"}],"wp:term":[{"taxonomy":"category","embeddable":true,"href":"https:\/\/www.aircargocommunity.com\/es\/wp-json\/wp\/v2\/categories?post=3993"},{"taxonomy":"post_tag","embeddable":true,"href":"https:\/\/www.aircargocommunity.com\/es\/wp-json\/wp\/v2\/tags?post=3993"}],"curies":[{"name":"wp","href":"https:\/\/api.w.org\/{rel}","templated":true}]}}