{"id":4216,"date":"2024-06-28T00:00:42","date_gmt":"2024-06-27T22:00:42","guid":{"rendered":"https:\/\/www.aircargocommunity.com\/?p=4216"},"modified":"2024-07-25T17:08:09","modified_gmt":"2024-07-25T15:08:09","slug":"air-cargo-community-frankfurt-e-v-waehlt-vorstand-und-feiert-10-jaehriges-bestehen","status":"publish","type":"post","link":"https:\/\/www.aircargocommunity.com\/es\/news\/pressemitteilung\/air-cargo-community-frankfurt-e-v-waehlt-vorstand-und-feiert-10-jaehriges-bestehen\/","title":{"rendered":"Air Cargo Community Frankfurt e.V. elige junta directiva y celebra su 10\u00ba aniversario"},"content":{"rendered":"<p>La junta directiva est\u00e1 formada por representantes de los cuatro grupos miembros de la asociaci\u00f3n. Adem\u00e1s, los dos jugadores m\u00e1s importantes del aeropuerto de Frankfurt enviar\u00e1n cada uno a una persona al consejo y seguir\u00e1n estando representados por el Dr. Pierre-Dominique Pr\u00fcmm (Fraport AG) y Dietmar Focke (Lufthansa Cargo AG) estuvieron representados. En el grupo de transporte, Susanne Klingler-Werner de UPS Supply Chain Solutions GmbH &amp; Co. KG fue confirmada en su puesto, al igual que Michael Hoppe de BARIG eV como representante de la aerol\u00ednea. Entre las nuevas incorporaciones se encuentran Patrik Tschirch (LUG aircargohandling GmbH) para el sector de manipulaci\u00f3n de mercanc\u00edas y Christian Riege (Riege Software International GmbH) para el grupo de proveedores de servicios. Patrik Tschirch fue nombrado nuevo director general y Christian Riege su suplente. \u201cEs impresionante ver c\u00f3mo la comunidad ha crecido a lo largo de los a\u00f1os y qu\u00e9 tan bien funciona hoy la colaboraci\u00f3n en los grupos de trabajo y entre las empresas miembro. Estoy muy contento de volver a formar parte de la junta directiva y poder ayudar a dar forma al futuro del transporte a\u00e9reo de mercanc\u00edas en el aeropuerto de Frankfurt\u201d, afirma Patrik Tschirch, que apoya a la comunidad desde su fundaci\u00f3n.<\/p>\n<p>Air Cargo Community eV ha logrado avances significativos en la optimizaci\u00f3n de procesos, incluida la implementaci\u00f3n de un sistema de reserva de franjas horarias de entrega y la digitalizaci\u00f3n de procesos. Adem\u00e1s, se increment\u00f3 la eficiencia en el manejo de productos farmac\u00e9uticos. Estas mejoras resultaron particularmente valiosas durante la pandemia de coronavirus y ayudaron a mantener operaciones fluidas.<\/p>\n<p>Los miembros de Air Cargo Community incluyen hoy a m\u00e1s de 75 empresas de diversas partes de la cadena de carga a\u00e9rea. \u201cComo asociaci\u00f3n, combinamos las fortalezas de nuestras empresas miembro para crear una experiencia integral en carga en el aeropuerto de Frankfurt. El continuo aumento de miembros refleja el \u00e9xito de los \u00faltimos a\u00f1os y nos hace mirar hacia la pr\u00f3xima d\u00e9cada con motivaci\u00f3n y optimismo\u201d, afirma Felix Toepsch, director general de Air Cargo Community Frankfurt eV.<\/p>\n<p>Esta din\u00e1mica tambi\u00e9n se not\u00f3 claramente en el evento de aniversario, donde, adem\u00e1s del networking intensivo, tambi\u00e9n se hizo visible el enfoque innovador de la comunidad y el nuevo canal TikTok para marketing de ubicaci\u00f3n y personal &quot;<a href=\"https:\/\/www.tiktok.com\/@aircargocommunityfra\">comunidaddecargaaereafra<\/a>\u201cfue presentado. La Air Cargo Community eV mira con confianza hacia el futuro y hacia la pr\u00f3xima Air Cargo Conference.<br \/>\nque tendr\u00e1 lugar por novena vez los d\u00edas 4 y 5 de septiembre de 2024 en la Casa de la Log\u00edstica y la Movilidad (HOLM). Puede encontrar m\u00e1s informaci\u00f3n sobre la Conferencia de carga a\u00e9rea en <a href=\"http:\/\/www.air-cargo-conference.com\">www.air-cargo-conference.com<\/a>.<\/p>\n<p><img fetchpriority=\"high\" decoding=\"async\" class=\"alignnone wp-image-4221 size-full\" src=\"https:\/\/www.aircargocommunity.com\/wp-content\/uploads\/DSC00534-1-scaled.jpg\" alt=\"\" width=\"2560\" height=\"1707\" srcset=\"https:\/\/www.aircargocommunity.com\/wp-content\/uploads\/DSC00534-1-scaled.jpg 2560w, https:\/\/www.aircargocommunity.com\/wp-content\/uploads\/DSC00534-1-300x200.jpg 300w, https:\/\/www.aircargocommunity.com\/wp-content\/uploads\/DSC00534-1-1024x683.jpg 1024w, https:\/\/www.aircargocommunity.com\/wp-content\/uploads\/DSC00534-1-768x512.jpg 768w, https:\/\/www.aircargocommunity.com\/wp-content\/uploads\/DSC00534-1-1536x1024.jpg 1536w, https:\/\/www.aircargocommunity.com\/wp-content\/uploads\/DSC00534-1-2048x1365.jpg 2048w\" sizes=\"(max-width: 2560px) 100vw, 2560px\" \/> <img decoding=\"async\" class=\"alignnone wp-image-4007 size-full lazyload\" data-src=\"https:\/\/www.aircargocommunity.com\/wp-content\/uploads\/DSC00607-scaled.jpg\" alt=\"\" width=\"2560\" height=\"1707\" data-srcset=\"https:\/\/www.aircargocommunity.com\/wp-content\/uploads\/DSC00607-scaled.jpg 2560w, https:\/\/www.aircargocommunity.com\/wp-content\/uploads\/DSC00607-300x200.jpg 300w, https:\/\/www.aircargocommunity.com\/wp-content\/uploads\/DSC00607-1024x683.jpg 1024w, https:\/\/www.aircargocommunity.com\/wp-content\/uploads\/DSC00607-768x512.jpg 768w, https:\/\/www.aircargocommunity.com\/wp-content\/uploads\/DSC00607-1536x1024.jpg 1536w, https:\/\/www.aircargocommunity.com\/wp-content\/uploads\/DSC00607-2048x1365.jpg 2048w\" data-sizes=\"auto\" src=\"data:image\/svg+xml;base64,PHN2ZyB3aWR0aD0iMSIgaGVpZ2h0PSIxIiB4bWxucz0iaHR0cDovL3d3dy53My5vcmcvMjAwMC9zdmciPjwvc3ZnPg==\" style=\"--smush-placeholder-width: 2560px; --smush-placeholder-aspect-ratio: 2560\/1707;\" data-original-sizes=\"(max-width: 2560px) 100vw, 2560px\" \/> <img decoding=\"async\" class=\"alignnone wp-image-4005 size-full lazyload\" data-src=\"https:\/\/www.aircargocommunity.com\/wp-content\/uploads\/DSC00530-scaled.jpg\" alt=\"\" width=\"2560\" height=\"1707\" data-srcset=\"https:\/\/www.aircargocommunity.com\/wp-content\/uploads\/DSC00530-scaled.jpg 2560w, https:\/\/www.aircargocommunity.com\/wp-content\/uploads\/DSC00530-300x200.jpg 300w, https:\/\/www.aircargocommunity.com\/wp-content\/uploads\/DSC00530-1024x683.jpg 1024w, https:\/\/www.aircargocommunity.com\/wp-content\/uploads\/DSC00530-768x512.jpg 768w, https:\/\/www.aircargocommunity.com\/wp-content\/uploads\/DSC00530-1536x1024.jpg 1536w, https:\/\/www.aircargocommunity.com\/wp-content\/uploads\/DSC00530-2048x1365.jpg 2048w\" data-sizes=\"auto\" src=\"data:image\/svg+xml;base64,PHN2ZyB3aWR0aD0iMSIgaGVpZ2h0PSIxIiB4bWxucz0iaHR0cDovL3d3dy53My5vcmcvMjAwMC9zdmciPjwvc3ZnPg==\" style=\"--smush-placeholder-width: 2560px; --smush-placeholder-aspect-ratio: 2560\/1707;\" data-original-sizes=\"(max-width: 2560px) 100vw, 2560px\" \/> <img decoding=\"async\" class=\"alignnone wp-image-4012 size-full lazyload\" data-src=\"https:\/\/www.aircargocommunity.com\/wp-content\/uploads\/Logo-Jubilaeum-2.jpg\" alt=\"\" width=\"1280\" height=\"720\" data-srcset=\"https:\/\/www.aircargocommunity.com\/wp-content\/uploads\/Logo-Jubilaeum-2.jpg 1280w, https:\/\/www.aircargocommunity.com\/wp-content\/uploads\/Logo-Jubilaeum-2-300x169.jpg 300w, https:\/\/www.aircargocommunity.com\/wp-content\/uploads\/Logo-Jubilaeum-2-1024x576.jpg 1024w, https:\/\/www.aircargocommunity.com\/wp-content\/uploads\/Logo-Jubilaeum-2-768x432.jpg 768w\" data-sizes=\"auto\" src=\"data:image\/svg+xml;base64,PHN2ZyB3aWR0aD0iMSIgaGVpZ2h0PSIxIiB4bWxucz0iaHR0cDovL3d3dy53My5vcmcvMjAwMC9zdmciPjwvc3ZnPg==\" style=\"--smush-placeholder-width: 1280px; --smush-placeholder-aspect-ratio: 1280\/720;\" data-original-sizes=\"(max-width: 1280px) 100vw, 1280px\" \/><\/p>\n<p>&nbsp;<\/p>\n<p><em>La Air Cargo Community Frankfurt eV es una asociaci\u00f3n de empresas, instituciones y asociaciones de renombre cuyo objetivo es promover y seguir desarrollando Frankfurt como lugar de transporte de carga a\u00e9rea. Sus m\u00e1s de 75 miembros son representantes de todos los sectores de la cadena de procesos del transporte a\u00e9reo, incluidas Lufthansa Cargo, DHL, K\u00fchne+Nagel, Fraport y muchas otras empresas y asociaciones. El trabajo de la comunidad se realiza a trav\u00e9s de proyectos comunitarios estrat\u00e9gicos. Los miembros participan en grupos de expertos interempresariales para optimizar la ubicaci\u00f3n y dar forma al futuro del transporte a\u00e9reo. El objetivo com\u00fan es fortalecer el aeropuerto de Frankfurt como n\u00famero 1 en el negocio de transporte a\u00e9reo de carga en Europa y como centro de carga l\u00edder. Se espera que la sede de Frankfurt, con m\u00e1s de 2 millones de toneladas de transporte a\u00e9reo (2022) y 14.000 empleados empleados en el sector de carga, siga creciendo de forma sostenible en los pr\u00f3ximos a\u00f1os. <\/em><\/p>\n<p><em>La informaci\u00f3n se puede encontrar en <a href=\"http:\/\/www.aircargocommunity.com\/es\/\">www.aircargocommunity.com<\/a>.<\/em><\/p>","protected":false},"excerpt":{"rendered":"<p>Air Cargo Community eV, una asociaci\u00f3n independiente de actores centrales en la localizaci\u00f3n de carga a\u00e9rea<br \/>\nFrankfurt, celebr\u00f3 su d\u00e9cimo aniversario en el aeropuerto de Frankfurt. Con motivo de este hito lleg\u00f3<br \/>\nUnas 130 personas del sector del transporte a\u00e9reo se reunieron en el IntercityHotel para debatir los \u00e9xitos del pasado<br \/>\npara honrar la d\u00e9cada. La nueva junta directiva fue elegida en la asamblea general anterior.<\/p>","protected":false},"author":4,"featured_media":4333,"comment_status":"closed","ping_status":"closed","sticky":false,"template":"","format":"standard","meta":{"_acf_changed":false,"wds_primary_category":29,"footnotes":""},"categories":[29],"tags":[],"class_list":["post-4216","post","type-post","status-publish","format-standard","has-post-thumbnail","hentry","category-pressemitteilung"],"acf":[],"_links":{"self":[{"href":"https:\/\/www.aircargocommunity.com\/es\/wp-json\/wp\/v2\/posts\/4216","targetHints":{"allow":["GET"]}}],"collection":[{"href":"https:\/\/www.aircargocommunity.com\/es\/wp-json\/wp\/v2\/posts"}],"about":[{"href":"https:\/\/www.aircargocommunity.com\/es\/wp-json\/wp\/v2\/types\/post"}],"author":[{"embeddable":true,"href":"https:\/\/www.aircargocommunity.com\/es\/wp-json\/wp\/v2\/users\/4"}],"replies":[{"embeddable":true,"href":"https:\/\/www.aircargocommunity.com\/es\/wp-json\/wp\/v2\/comments?post=4216"}],"version-history":[{"count":7,"href":"https:\/\/www.aircargocommunity.com\/es\/wp-json\/wp\/v2\/posts\/4216\/revisions"}],"predecessor-version":[{"id":4339,"href":"https:\/\/www.aircargocommunity.com\/es\/wp-json\/wp\/v2\/posts\/4216\/revisions\/4339"}],"wp:featuredmedia":[{"embeddable":true,"href":"https:\/\/www.aircargocommunity.com\/es\/wp-json\/wp\/v2\/media\/4333"}],"wp:attachment":[{"href":"https:\/\/www.aircargocommunity.com\/es\/wp-json\/wp\/v2\/media?parent=4216"}],"wp:term":[{"taxonomy":"category","embeddable":true,"href":"https:\/\/www.aircargocommunity.com\/es\/wp-json\/wp\/v2\/categories?post=4216"},{"taxonomy":"post_tag","embeddable":true,"href":"https:\/\/www.aircargocommunity.com\/es\/wp-json\/wp\/v2\/tags?post=4216"}],"curies":[{"name":"wp","href":"https:\/\/api.w.org\/{rel}","templated":true}]}}