{"id":7629,"date":"2024-08-01T08:00:59","date_gmt":"2024-08-01T06:00:59","guid":{"rendered":"https:\/\/www.aircargocommunity.com\/?p=7629"},"modified":"2024-08-26T22:07:33","modified_gmt":"2024-08-26T20:07:33","slug":"community-news-juli-2024","status":"publish","type":"post","link":"https:\/\/www.aircargocommunity.com\/es\/news\/frachtpost\/community-news-juli-2024\/","title":{"rendered":"Noticias de la comunidad julio 2024"},"content":{"rendered":"<p>Querida comunidad,<\/p>\n<p>Incluso durante las vacaciones de verano seguimos teniendo noticias interesantes.<\/p>\n<h3>Com\u00fan PreCheck Go Live<\/h3>\n<p>El 1 de agosto lleg\u00f3 el momento: pudimos poner en marcha en este lugar el primer proyecto de infraestructura de la Air Cargo Community Frankfurt.<\/p>\n<p>La implementaci\u00f3n de Common PreCheck sigue el objetivo de aliviar la situaci\u00f3n del tr\u00e1fico en CargoCity Sur y centralizar los procesos de registro en el manejo de carga. Al implementar el MVP, nos centramos en reservar espacios a trav\u00e9s del sistema comunitario FAIR@Link. Los slots son necesarios para que los conductores de las empresas camioneras puedan cumplir con su cometido e iniciar el proceso de carga o descarga con los agentes manipuladores de carga. Si las plazas a\u00fan no se han reservado online con antelaci\u00f3n, los viajeros ahora tienen la opci\u00f3n de reservar a trav\u00e9s de los quioscos de la Puerta 32, en la antigua cabina de registro justo al lado de las barreras.<\/p>\n<p>Nos complace este \u00e9xito comunitario compartido e invitamos cordialmente a todos los interesados a echar un vistazo a la infraestructura in situ. El proceso exacto se explica con m\u00e1s detalle aqu\u00ed.<\/p>\n<p>Si tienes alguna pregunta sobre esto, por favor cont\u00e1ctanos. <a href=\"mailto:l.walther@fra-fr8.com\">Lea Walther<\/a> Giro de vuelta.<\/p>\n<p><img fetchpriority=\"high\" decoding=\"async\" class=\"aligncenter wp-image-7630 size-full\" src=\"https:\/\/www.aircargocommunity.com\/wp-content\/uploads\/A3KBzi6DQBUD-scaled.jpg\" alt=\"\" width=\"2560\" height=\"1920\" srcset=\"https:\/\/www.aircargocommunity.com\/wp-content\/uploads\/A3KBzi6DQBUD-scaled.jpg 2560w, https:\/\/www.aircargocommunity.com\/wp-content\/uploads\/A3KBzi6DQBUD-300x225.jpg 300w, https:\/\/www.aircargocommunity.com\/wp-content\/uploads\/A3KBzi6DQBUD-1024x768.jpg 1024w, https:\/\/www.aircargocommunity.com\/wp-content\/uploads\/A3KBzi6DQBUD-768x576.jpg 768w, https:\/\/www.aircargocommunity.com\/wp-content\/uploads\/A3KBzi6DQBUD-1536x1152.jpg 1536w, https:\/\/www.aircargocommunity.com\/wp-content\/uploads\/A3KBzi6DQBUD-2048x1536.jpg 2048w\" sizes=\"(max-width: 2560px) 100vw, 2560px\" \/><\/p>\n<h3>Nuevos miembros \u2013 Bienvenidos a la comunidad<\/h3>\n<p>El mes pasado dimos la bienvenida a dos nuevos miembros a nuestra comunidad. \u00a1Una c\u00e1lida bienvenida a Cargo Movers y SkyCell!<\/p>\n<p><strong>Transportadores de carga<\/strong> tiene su sede cerca del aeropuerto de Frankfurt y tambi\u00e9n tiene sucursales en Bremen y \u00c1msterdam. La empresa ofrece soluciones a medida en los sectores del transporte a\u00e9reo, mar\u00edtimo y por carretera. Cargo Movers est\u00e1 particularmente especializado en el transporte de mercanc\u00edas de alta calidad, sensibles y en las que el tiempo es cr\u00edtico. Estamos convencidos de que la experiencia y la red de Cargo Movers ser\u00e1n un activo valioso para nuestra comunidad.<\/p>\n<p>Nos complace dar la bienvenida a la empresa suiza como otro nuevo miembro. <strong>SkyCell<\/strong> introducir. SkyCell es una empresa innovadora especializada en contenedores h\u00edbridos con temperatura controlada para el transporte farmac\u00e9utico. Con su tecnolog\u00eda optimizan la cadena de suministro farmac\u00e9utica y minimizan el riesgo de fluctuaciones de temperatura, lo que es especialmente importante en el caso de productos sensibles.<\/p>\n<p>SkyCell aporta experiencia valiosa y enfoques innovadores a nuestra comunidad. \u00a1Esperamos nuestra futura cooperaci\u00f3n!<\/p>\n<p><img decoding=\"async\" class=\"alignnone wp-image-7633 size-full lazyload\" data-src=\"https:\/\/www.aircargocommunity.com\/wp-content\/uploads\/New-Members-Juli-2024.png\" alt=\"\" width=\"1563\" height=\"1624\" data-srcset=\"https:\/\/www.aircargocommunity.com\/wp-content\/uploads\/New-Members-Juli-2024.png 1563w, https:\/\/www.aircargocommunity.com\/wp-content\/uploads\/New-Members-Juli-2024-289x300.png 289w, https:\/\/www.aircargocommunity.com\/wp-content\/uploads\/New-Members-Juli-2024-986x1024.png 986w, https:\/\/www.aircargocommunity.com\/wp-content\/uploads\/New-Members-Juli-2024-768x798.png 768w, https:\/\/www.aircargocommunity.com\/wp-content\/uploads\/New-Members-Juli-2024-1478x1536.png 1478w\" data-sizes=\"auto\" src=\"data:image\/svg+xml;base64,PHN2ZyB3aWR0aD0iMSIgaGVpZ2h0PSIxIiB4bWxucz0iaHR0cDovL3d3dy53My5vcmcvMjAwMC9zdmciPjwvc3ZnPg==\" style=\"--smush-placeholder-width: 1563px; --smush-placeholder-aspect-ratio: 1563\/1624;\" data-original-sizes=\"(max-width: 1563px) 100vw, 1563px\" \/><\/p>\n<p><strong>Conferencia de carga a\u00e9rea a tu alcance<\/strong><\/p>\n<p>Los preparativos est\u00e1n en marcha, la agenda est\u00e1 establecida: \u00a1la Conferencia de Carga A\u00e9rea de este a\u00f1o comienza el 4 de septiembre! \u00a1Te esperan dos d\u00edas interesantes, llenos de oradores de primer nivel, paneles de discusi\u00f3n interesantes y muchas oportunidades para establecer contactos!<\/p>\n<p>Un punto culminante especial este a\u00f1o ser\u00e1 nuestro Sunrise Apron Tour. Gracias a nuestro patrocinador tur\u00edstico, Lufthansa Cargo, podr\u00e1 echar un vistazo muy especial al centro de carga a\u00e9rea m\u00e1s grande de Europa el segundo d\u00eda de la conferencia. Durante nuestro recorrido de dos horas, el aeropuerto de Frankfurt se presenta de una manera muy especial con los primeros rayos de sol del d\u00eda. <a href=\"http:\/\/www.air-cargo-conference.com\">Asegura tu entrada ahora<\/a>.<\/p>\n<p><img decoding=\"async\" class=\"alignnone wp-image-7634 size-full lazyload\" data-src=\"https:\/\/www.aircargocommunity.com\/wp-content\/uploads\/Sunrise-Apron-Tour.png\" alt=\"\" width=\"1000\" height=\"781\" data-srcset=\"https:\/\/www.aircargocommunity.com\/wp-content\/uploads\/Sunrise-Apron-Tour.png 1000w, https:\/\/www.aircargocommunity.com\/wp-content\/uploads\/Sunrise-Apron-Tour-300x234.png 300w, https:\/\/www.aircargocommunity.com\/wp-content\/uploads\/Sunrise-Apron-Tour-768x600.png 768w\" data-sizes=\"auto\" src=\"data:image\/svg+xml;base64,PHN2ZyB3aWR0aD0iMSIgaGVpZ2h0PSIxIiB4bWxucz0iaHR0cDovL3d3dy53My5vcmcvMjAwMC9zdmciPjwvc3ZnPg==\" style=\"--smush-placeholder-width: 1000px; --smush-placeholder-aspect-ratio: 1000\/781;\" data-original-sizes=\"(max-width: 1000px) 100vw, 1000px\" \/><\/p>\n<h3>Performance Hub en el Comit\u00e9 de Carga A\u00e9rea de BARIG<\/h3>\n<p>En el \u00faltimo Comit\u00e9 de Carga A\u00e9rea de BARIG realizamos un taller sobre el desempe\u00f1o en nuestra ubicaci\u00f3n de carga a\u00e9rea junto con representantes de Air Canada Cargo, All Nippon Airways, American Airlines Cargo, Cathay Cargo, Condor, Korean Air, LATAM Cargo y United Cargo transportados. afuera. Martina Schikorr (Fraport), Kai Domscheit (CHI), Patrik Tschirch (LUG) y Felix Toepsch (ACCF) presentaron el potencial de optimizaci\u00f3n identificado en el lugar, as\u00ed como los proyectos actuales del Hub Performance Team.<\/p>\n<p>La presentaci\u00f3n y el taller brindaron a las aerol\u00edneas la oportunidad de conocer c\u00f3mo funciona el equipo de competencia. Tambi\u00e9n existe una invitaci\u00f3n a unirse al equipo para tener en cuenta las perspectivas de las aerol\u00edneas en el potencial de optimizaci\u00f3n planificado.<\/p>\n<p><img decoding=\"async\" class=\"alignnone wp-image-7631 size-full lazyload\" data-src=\"https:\/\/www.aircargocommunity.com\/wp-content\/uploads\/BARIG-FRAchtpost.jpg\" alt=\"\" width=\"2048\" height=\"898\" data-srcset=\"https:\/\/www.aircargocommunity.com\/wp-content\/uploads\/BARIG-FRAchtpost.jpg 2048w, https:\/\/www.aircargocommunity.com\/wp-content\/uploads\/BARIG-FRAchtpost-300x132.jpg 300w, https:\/\/www.aircargocommunity.com\/wp-content\/uploads\/BARIG-FRAchtpost-1024x449.jpg 1024w, https:\/\/www.aircargocommunity.com\/wp-content\/uploads\/BARIG-FRAchtpost-768x337.jpg 768w, https:\/\/www.aircargocommunity.com\/wp-content\/uploads\/BARIG-FRAchtpost-1536x674.jpg 1536w\" data-sizes=\"auto\" src=\"data:image\/svg+xml;base64,PHN2ZyB3aWR0aD0iMSIgaGVpZ2h0PSIxIiB4bWxucz0iaHR0cDovL3d3dy53My5vcmcvMjAwMC9zdmciPjwvc3ZnPg==\" style=\"--smush-placeholder-width: 2048px; --smush-placeholder-aspect-ratio: 2048\/898;\" data-original-sizes=\"(max-width: 2048px) 100vw, 2048px\" \/><\/p>\n<p>\u00bfLas noticias de la comunidad una vez al mes no son suficientes para ti? Entonces visite nuestro regularmente\u00a0<a href=\"https:\/\/6mch5.r.sp1-brevo.net\/mk\/cl\/f\/sh\/SMK1E8tHeGZMU3eErhQvShbBm53L\/N8ICZZSLZvvP\" data-auth=\"NotApplicable\" data-linkindex=\"7\">canal de LinkedIn<\/a>\u00a0\u2013 lo mejor es suscribirse directamente.<\/p>\n<p>\u00bfTiene alguna pregunta o comentario? \u00a1Esperamos su mensaje o llamada!<\/p>\n<p>Atentamente<br \/>\nSu equipo en Air Cargo Community Frankfurt eV<\/p>","protected":false},"excerpt":{"rendered":"<p>Incluso durante las vacaciones de verano seguimos teniendo noticias interesantes...<\/p>","protected":false},"author":4,"featured_media":7636,"comment_status":"closed","ping_status":"closed","sticky":false,"template":"","format":"standard","meta":{"_acf_changed":false,"wds_primary_category":5,"footnotes":""},"categories":[5],"tags":[],"class_list":["post-7629","post","type-post","status-publish","format-standard","has-post-thumbnail","hentry","category-frachtpost"],"acf":[],"_links":{"self":[{"href":"https:\/\/www.aircargocommunity.com\/es\/wp-json\/wp\/v2\/posts\/7629","targetHints":{"allow":["GET"]}}],"collection":[{"href":"https:\/\/www.aircargocommunity.com\/es\/wp-json\/wp\/v2\/posts"}],"about":[{"href":"https:\/\/www.aircargocommunity.com\/es\/wp-json\/wp\/v2\/types\/post"}],"author":[{"embeddable":true,"href":"https:\/\/www.aircargocommunity.com\/es\/wp-json\/wp\/v2\/users\/4"}],"replies":[{"embeddable":true,"href":"https:\/\/www.aircargocommunity.com\/es\/wp-json\/wp\/v2\/comments?post=7629"}],"version-history":[{"count":3,"href":"https:\/\/www.aircargocommunity.com\/es\/wp-json\/wp\/v2\/posts\/7629\/revisions"}],"predecessor-version":[{"id":7639,"href":"https:\/\/www.aircargocommunity.com\/es\/wp-json\/wp\/v2\/posts\/7629\/revisions\/7639"}],"wp:featuredmedia":[{"embeddable":true,"href":"https:\/\/www.aircargocommunity.com\/es\/wp-json\/wp\/v2\/media\/7636"}],"wp:attachment":[{"href":"https:\/\/www.aircargocommunity.com\/es\/wp-json\/wp\/v2\/media?parent=7629"}],"wp:term":[{"taxonomy":"category","embeddable":true,"href":"https:\/\/www.aircargocommunity.com\/es\/wp-json\/wp\/v2\/categories?post=7629"},{"taxonomy":"post_tag","embeddable":true,"href":"https:\/\/www.aircargocommunity.com\/es\/wp-json\/wp\/v2\/tags?post=7629"}],"curies":[{"name":"wp","href":"https:\/\/api.w.org\/{rel}","templated":true}]}}