{"id":7965,"date":"2024-09-01T08:00:29","date_gmt":"2024-09-01T06:00:29","guid":{"rendered":"https:\/\/www.aircargocommunity.com\/?p=7965"},"modified":"2024-09-17T14:39:40","modified_gmt":"2024-09-17T12:39:40","slug":"frachtpost-august-2024","status":"publish","type":"post","link":"https:\/\/www.aircargocommunity.com\/es\/news\/frachtpost\/frachtpost-august-2024\/","title":{"rendered":"Correo de carga agosto de 2024"},"content":{"rendered":"<p>Querida comunidad,<\/p>\n<p>Aunque desde hace algunas semanas muchas cosas en nuestro equipo se centran en la Air Cargo Conference, tambi\u00e9n tenemos mucho que informar de agosto.<\/p>\n<h3>\u00daLTIMA LLAMADA: Conferencia de Carga A\u00e9rea 2024<\/h3>\n<p>No se pierda dos d\u00edas de conocimientos invaluables, oportunidades de networking y las \u00faltimas tendencias en la industria de carga a\u00e9rea en la Casa de la Log\u00edstica y la Movilidad (HOLM).<\/p>\n<p>Obtenga su billete ahora en www.air-cargo-conference.com y d\u00e9 forma activamente al futuro del transporte a\u00e9reo. Reg\u00edstrese hoy para establecer contactos con l\u00edderes e innovadores de nuestra industria, entre otros.<\/p>\n<p>\u00a1Esperamos darle la bienvenida a HOLM el pr\u00f3ximo mi\u00e9rcoles y jueves!<\/p>\n<h3>Nuevos miembros: \u00a1bienvenidos!<\/h3>\n<p>El mes pasado, la Air Cargo Community Frankfurt dio la bienvenida a cuatro nuevos miembros a sus filas. Esto contin\u00faa el crecimiento positivo de la comunidad de los \u00faltimos meses.<\/p>\n<p><strong>Iniciar sesi\u00f3n<\/strong> combina experiencia en TI con conocimientos de log\u00edstica y es el socio ideal para la digitalizaci\u00f3n de empresas de log\u00edstica globales. Como filial de la reconocida q.beyond AG, Logineer construye infraestructuras de TI a medida y garantiza un flujo fluido de datos a trav\u00e9s de fronteras nacionales y zonas horarias. Con su enfoque en soluciones TI espec\u00edficas de log\u00edstica, como el sistema de gesti\u00f3n de transporte CargoWise, Logineer ampliar\u00e1 significativamente nuestras capacidades tecnol\u00f3gicas.<\/p>\n<p><strong>Carga A\u00e9rea MSC<\/strong>, la divisi\u00f3n de carga a\u00e9rea de Mediterranean Shipping Company (MSC), ahora forma parte de nuestra comunidad. MSC es conocida mundialmente por sus servicios de buques portacontenedores y ha ampliado sus servicios al transporte a\u00e9reo para ofrecer soluciones log\u00edsticas m\u00e1s integrales. Con MSC Air Cargo estamos ganando un socio fuerte que ampliar\u00e1 a\u00fan m\u00e1s nuestro alcance global.<\/p>\n<p><strong>Senador Internacional<\/strong>, un proveedor l\u00edder de soluciones de transporte a\u00e9reo y mar\u00edtimo y ahora parte de la familia Maersk, tambi\u00e9n se ha unido a nuestra comunidad. Senator aporta d\u00e9cadas de experiencia y una extensa red global a la Air Cargo Community Frankfurt. Su experiencia en soluciones log\u00edsticas y su amplio conocimiento de los mercados internacionales nos ayudar\u00e1n a optimizar a\u00fan m\u00e1s nuestros servicios.<\/p>\n<p><strong>VG Cargo GmbH<\/strong> es una empresa alemana especializada en servicios de transporte a\u00e9reo. Con su experiencia en manejo y almacenamiento de carga, VG Cargo ofrece servicios log\u00edsticos integrales para satisfacer las necesidades de la industria de carga a\u00e9rea. Su membres\u00eda en nuestra comunidad mejorar\u00e1 a\u00fan m\u00e1s nuestras capacidades operativas y la calidad del servicio.<\/p>\n<p>Damos una calurosa bienvenida a MSC Air Cargo, Senator International, Logineer y VG Cargo GmbH y esperamos una futura cooperaci\u00f3n. Juntos continuaremos avanzando en la industria de carga a\u00e9rea y desarrollando soluciones innovadoras para satisfacer las necesidades de nuestros clientes.<\/p>\n<p><img fetchpriority=\"high\" decoding=\"async\" class=\"alignnone wp-image-7966 size-full\" src=\"https:\/\/www.aircargocommunity.com\/wp-content\/uploads\/August2024.png\" alt=\"\" width=\"1037\" height=\"1082\" srcset=\"https:\/\/www.aircargocommunity.com\/wp-content\/uploads\/August2024.png 1037w, https:\/\/www.aircargocommunity.com\/wp-content\/uploads\/August2024-288x300.png 288w, https:\/\/www.aircargocommunity.com\/wp-content\/uploads\/August2024-981x1024.png 981w, https:\/\/www.aircargocommunity.com\/wp-content\/uploads\/August2024-768x801.png 768w, https:\/\/www.aircargocommunity.com\/wp-content\/uploads\/August2024-12x12.png 12w\" sizes=\"(max-width: 1037px) 100vw, 1037px\" \/><\/p>\n<h3>Hito alcanzado en el equipo de competencia de Hub Performance<\/h3>\n<p>El primer hito importante en los proyectos de importaci\u00f3n y exportaci\u00f3n se logr\u00f3 dentro del Hub Performance Task Force. Durante los \u00faltimos meses, los equipos de proyecto individuales han trabajado en la representaci\u00f3n del proceso de importaci\u00f3n y exportaci\u00f3n y, en este marco, han definido los hitos en los distintos pasos del proceso. Juntos, el grupo de trabajo pudo llegar a un acuerdo sobre la situaci\u00f3n actual y as\u00ed crear la base para desarrollar posteriormente un proceso objetivo para optimizar las operaciones de carga en el aeropuerto de Frankfurt. El mayor desaf\u00edo aqu\u00ed fue la inclusi\u00f3n de todos los involucrados en el proceso y acordar los detalles del proceso. Estamos orgullosos de haber podido alcanzar este hito dentro de nuestra comunidad de carga a\u00e9rea y as\u00ed contribuir activamente a la excelencia operativa en la ubicaci\u00f3n.<\/p>\n<p><img decoding=\"async\" class=\"alignnone wp-image-7967 size-full lazyload\" data-src=\"https:\/\/www.aircargocommunity.com\/wp-content\/uploads\/Hub-Performance.jpg\" alt=\"\" width=\"1024\" height=\"768\" data-srcset=\"https:\/\/www.aircargocommunity.com\/wp-content\/uploads\/Hub-Performance.jpg 1024w, https:\/\/www.aircargocommunity.com\/wp-content\/uploads\/Hub-Performance-300x225.jpg 300w, https:\/\/www.aircargocommunity.com\/wp-content\/uploads\/Hub-Performance-768x576.jpg 768w, https:\/\/www.aircargocommunity.com\/wp-content\/uploads\/Hub-Performance-16x12.jpg 16w\" data-sizes=\"auto\" src=\"data:image\/svg+xml;base64,PHN2ZyB3aWR0aD0iMSIgaGVpZ2h0PSIxIiB4bWxucz0iaHR0cDovL3d3dy53My5vcmcvMjAwMC9zdmciPjwvc3ZnPg==\" style=\"--smush-placeholder-width: 1024px; --smush-placeholder-aspect-ratio: 1024\/768;\" data-original-sizes=\"(max-width: 1024px) 100vw, 1024px\" \/><\/p>\n<h3>Por qu\u00e9 Common PreCheck: v\u00eddeos explicativos que respaldan el uso y la comunicaci\u00f3n con los clientes<\/h3>\n<p>Hace cuatro semanas, se abri\u00f3 la reserva centralizada de espacios en rampa \u201cCommon PreCheck\u201d. Como primer proyecto de infraestructura conjunto, Common PreCheck optimiza el control del tr\u00e1fico en CargoCity South y crea un punto central para reservar espacios para la entrega y recogida de conductores a trav\u00e9s de la plataforma comunitaria FAIR@Link. En las \u00faltimas semanas ya se han reservado muchas plazas y el equipo del proyecto est\u00e1 trabajando en una mayor optimizaci\u00f3n del software, los terminales de reserva y el equipamiento del edificio en la puerta 32. Desde la semana pasada tambi\u00e9n est\u00e1n disponibles bebidas, snacks y m\u00e1quinas de caf\u00e9.<br \/>\nCon el fin de explicar el proceso y uso de Common PreCheck a nuestros clientes y camioneros de la forma m\u00e1s sencilla posible, recientemente est\u00e1n disponibles en nuestro canal de YouTube (lista de reproducci\u00f3n Common PreCheck) v\u00eddeos explicativos en varios idiomas.<\/p>\n<p><img decoding=\"async\" class=\"aligncenter wp-image-7970 size-full lazyload\" data-src=\"https:\/\/www.aircargocommunity.com\/wp-content\/uploads\/Videos.png\" alt=\"\" width=\"426\" height=\"239\" data-srcset=\"https:\/\/www.aircargocommunity.com\/wp-content\/uploads\/Videos.png 426w, https:\/\/www.aircargocommunity.com\/wp-content\/uploads\/Videos-300x168.png 300w, https:\/\/www.aircargocommunity.com\/wp-content\/uploads\/Videos-18x10.png 18w\" data-sizes=\"auto\" src=\"data:image\/svg+xml;base64,PHN2ZyB3aWR0aD0iMSIgaGVpZ2h0PSIxIiB4bWxucz0iaHR0cDovL3d3dy53My5vcmcvMjAwMC9zdmciPjwvc3ZnPg==\" style=\"--smush-placeholder-width: 426px; --smush-placeholder-aspect-ratio: 426\/239;\" data-original-sizes=\"(max-width: 426px) 100vw, 426px\" \/><\/p>\n<p>Los idiomas disponibles son: alem\u00e1n, ingl\u00e9s, b\u00falgaro, estonio, lituano, franc\u00e9s, checo, griego, polaco, rumano, ruso y turco.<\/p>\n<p><img decoding=\"async\" class=\"alignnone wp-image-7968 size-full lazyload\" data-src=\"https:\/\/www.aircargocommunity.com\/wp-content\/uploads\/Kaffee-und-Snackautomaten_CPC_small.jpg\" alt=\"\" width=\"1169\" height=\"657\" data-srcset=\"https:\/\/www.aircargocommunity.com\/wp-content\/uploads\/Kaffee-und-Snackautomaten_CPC_small.jpg 1169w, https:\/\/www.aircargocommunity.com\/wp-content\/uploads\/Kaffee-und-Snackautomaten_CPC_small-300x169.jpg 300w, https:\/\/www.aircargocommunity.com\/wp-content\/uploads\/Kaffee-und-Snackautomaten_CPC_small-1024x576.jpg 1024w, https:\/\/www.aircargocommunity.com\/wp-content\/uploads\/Kaffee-und-Snackautomaten_CPC_small-768x432.jpg 768w, https:\/\/www.aircargocommunity.com\/wp-content\/uploads\/Kaffee-und-Snackautomaten_CPC_small-18x10.jpg 18w\" data-sizes=\"auto\" src=\"data:image\/svg+xml;base64,PHN2ZyB3aWR0aD0iMSIgaGVpZ2h0PSIxIiB4bWxucz0iaHR0cDovL3d3dy53My5vcmcvMjAwMC9zdmciPjwvc3ZnPg==\" style=\"--smush-placeholder-width: 1169px; --smush-placeholder-aspect-ratio: 1169\/657;\" data-original-sizes=\"(max-width: 1169px) 100vw, 1169px\" \/><\/p>\n<p>\u00bfLas noticias de la comunidad una vez al mes no son suficientes para ti? Entonces visite nuestro regularmente <a href=\"https:\/\/www.linkedin.com\/company\/air-cargo-community-frankfurt-e-v\/\">canal de LinkedIn<\/a> \u2013 lo mejor es suscribirse directamente.<\/p>\n<p>\u00bfTiene alguna pregunta o comentario? \u00a1Esperamos su mensaje o llamada!<\/p>\n<p>Atentamente<\/p>\n<p>Su equipo en Air Cargo Community Frankfurt eV<\/p>","protected":false},"excerpt":{"rendered":"<p>A pesar de los intensos preparativos para la Air Cargo Conference 2024, \u00a1a partir de agosto tambi\u00e9n hay noticias interesantes! Desde dar la bienvenida a nuevos miembros hasta el progreso de nuestros proyectos, hay mucho que informar. <\/p>","protected":false},"author":4,"featured_media":7971,"comment_status":"closed","ping_status":"closed","sticky":false,"template":"","format":"standard","meta":{"_acf_changed":false,"wds_primary_category":1,"footnotes":""},"categories":[5],"tags":[],"class_list":["post-7965","post","type-post","status-publish","format-standard","has-post-thumbnail","hentry","category-frachtpost"],"acf":[],"_links":{"self":[{"href":"https:\/\/www.aircargocommunity.com\/es\/wp-json\/wp\/v2\/posts\/7965","targetHints":{"allow":["GET"]}}],"collection":[{"href":"https:\/\/www.aircargocommunity.com\/es\/wp-json\/wp\/v2\/posts"}],"about":[{"href":"https:\/\/www.aircargocommunity.com\/es\/wp-json\/wp\/v2\/types\/post"}],"author":[{"embeddable":true,"href":"https:\/\/www.aircargocommunity.com\/es\/wp-json\/wp\/v2\/users\/4"}],"replies":[{"embeddable":true,"href":"https:\/\/www.aircargocommunity.com\/es\/wp-json\/wp\/v2\/comments?post=7965"}],"version-history":[{"count":6,"href":"https:\/\/www.aircargocommunity.com\/es\/wp-json\/wp\/v2\/posts\/7965\/revisions"}],"predecessor-version":[{"id":7977,"href":"https:\/\/www.aircargocommunity.com\/es\/wp-json\/wp\/v2\/posts\/7965\/revisions\/7977"}],"wp:featuredmedia":[{"embeddable":true,"href":"https:\/\/www.aircargocommunity.com\/es\/wp-json\/wp\/v2\/media\/7971"}],"wp:attachment":[{"href":"https:\/\/www.aircargocommunity.com\/es\/wp-json\/wp\/v2\/media?parent=7965"}],"wp:term":[{"taxonomy":"category","embeddable":true,"href":"https:\/\/www.aircargocommunity.com\/es\/wp-json\/wp\/v2\/categories?post=7965"},{"taxonomy":"post_tag","embeddable":true,"href":"https:\/\/www.aircargocommunity.com\/es\/wp-json\/wp\/v2\/tags?post=7965"}],"curies":[{"name":"wp","href":"https:\/\/api.w.org\/{rel}","templated":true}]}}