{"id":8422,"date":"2024-09-12T08:00:01","date_gmt":"2024-09-12T06:00:01","guid":{"rendered":"https:\/\/www.aircargocommunity.com\/?p=8422"},"modified":"2024-10-07T12:45:24","modified_gmt":"2024-10-07T10:45:24","slug":"9-air-cargo-conference-in-frankfurt","status":"publish","type":"post","link":"https:\/\/www.aircargocommunity.com\/es\/news\/pressemitteilung\/9-air-cargo-conference-in-frankfurt\/","title":{"rendered":"9\u00aa Conferencia sobre carga a\u00e9rea en Frankfurt"},"content":{"rendered":"<p>Juntos se discutieron intensamente los temas clave del comercio electr\u00f3nico, la sostenibilidad y las influencias externas en la industria, temas que no s\u00f3lo moldean el futuro de la industria, sino tambi\u00e9n el de la sociedad en su conjunto. En emocionantes conferencias y paneles de discusi\u00f3n, los expertos ofrecieron valiosas ideas sobre los desaf\u00edos y perspectivas de la log\u00edstica. Los participantes aprovecharon la oportunidad para establecer nuevas conexiones y profundizar los contactos existentes a trav\u00e9s de numerosas oportunidades de networking.<br \/>\nLo que llama especialmente la atenci\u00f3n es el intercambio que se promueve desde el inicio de la conferencia entre empresas establecidas y j\u00f3venes empresas emergentes. Esta combinaci\u00f3n din\u00e1mica aporta un soplo de aire fresco a la industria y abre las puertas a soluciones innovadoras que podr\u00edan dar forma a la log\u00edstica del ma\u00f1ana.<\/p>\n<p>Patrik Tschirch, director general de LUG aircargohandling GmbH y presidente de Air Cargo Community Frankfurt, se mostr\u00f3 visiblemente satisfecho y entusiasmado con el evento: \u201cUna vez m\u00e1s hemos conseguido elaborar un programa completo y exitoso. No s\u00f3lo los temas fueron actuales y relevantes, sino que las oportunidades de networking tambi\u00e9n fueron excelentes y fueron aprovechadas intensamente por todos los participantes. El intercambio con las startups aqu\u00ed representadas proporciona un valioso impulso para la digitalizaci\u00f3n<br \/>\nnuestra industria. Soy un gran admirador de este formato de conferencia\u201d.<\/p>\n<p>Un punto culminante especial este a\u00f1o fue el recorrido al amanecer a primera hora del segundo d\u00eda, que brind\u00f3 a los participantes la oportunidad de experimentar el aeropuerto de Frankfurt bajo una luz \u00fanica. Los beneficios de la venta de entradas para esta gira se destinar\u00e1n a una causa ben\u00e9fica: un gran ejemplo de c\u00f3mo la experiencia y el compromiso social pueden ir de la mano.<\/p>\n<p>Un agradecimiento especial a los patrocinadores, que una vez m\u00e1s contribuyeron significativamente al \u00e9xito de la conferencia de este a\u00f1o. Las voces de los participantes fueron siempre positivas y Felix Toepsch, director general de Air Cargo Community Frankfurt eV, resumi\u00f3: \u201cHemos logrado llegar a un p\u00fablico cada vez m\u00e1s internacional. Nos alegramos especialmente del intenso intercambio con nuestros invitados de EE.UU., India, Israel, B\u00e9lgica, Francia, China y muchos otros pa\u00edses. Nos gustar\u00eda seguir aprovechando este \u00e9xito el pr\u00f3ximo a\u00f1o, en el d\u00e9cimo aniversario de la conferencia\u201d.<br \/>\nSer\u00e1 interesante ver qu\u00e9 aspectos destacados tiene reservado la innovadora Air Cargo Community Frankfurt para el pr\u00f3ximo aniversario. Sin duda ser\u00e1 un evento que nadie deber\u00eda perderse.<\/p>\n<p><em>La Air Cargo Community Frankfurt eV es una asociaci\u00f3n de empresas, instituciones y asociaciones de renombre cuyo objetivo es promover y seguir desarrollando Frankfurt como lugar de transporte de carga a\u00e9rea. Sus m\u00e1s de 75 miembros son representantes de todos los sectores de la cadena de procesos del transporte a\u00e9reo, incluidas Lufthansa Cargo, DHL, K\u00fchne+Nagel, Fraport y muchas otras empresas y asociaciones. El trabajo de la comunidad se realiza a trav\u00e9s de proyectos comunitarios estrat\u00e9gicos. Los miembros participan en grupos de expertos interempresariales para optimizar la ubicaci\u00f3n y dar forma al futuro del transporte a\u00e9reo. El objetivo com\u00fan es fortalecer el aeropuerto de Frankfurt como n\u00famero 1 en el negocio de transporte a\u00e9reo de carga en Europa y como centro de carga l\u00edder. Se espera que la sede de Frankfurt, con m\u00e1s de 2 millones de toneladas de transporte a\u00e9reo (2022) y 14.000 empleados empleados en el sector de carga, siga creciendo de forma sostenible en los pr\u00f3ximos a\u00f1os.<\/em><br \/>\n<em>Puede encontrar informaci\u00f3n en www.aircargocommunity.com.<\/em><\/p>\n<p><figure id=\"attachment_8425\" aria-describedby=\"caption-attachment-8425\" style=\"width: 1620px\" class=\"wp-caption alignnone\"><img fetchpriority=\"high\" decoding=\"async\" class=\"wp-image-8425 size-full\" src=\"https:\/\/www.aircargocommunity.com\/wp-content\/uploads\/01_Audience.jpg\" alt=\"\" width=\"1620\" height=\"1080\" srcset=\"https:\/\/www.aircargocommunity.com\/wp-content\/uploads\/01_Audience.jpg 1620w, https:\/\/www.aircargocommunity.com\/wp-content\/uploads\/01_Audience-300x200.jpg 300w, https:\/\/www.aircargocommunity.com\/wp-content\/uploads\/01_Audience-1024x683.jpg 1024w, https:\/\/www.aircargocommunity.com\/wp-content\/uploads\/01_Audience-768x512.jpg 768w, https:\/\/www.aircargocommunity.com\/wp-content\/uploads\/01_Audience-1536x1024.jpg 1536w, https:\/\/www.aircargocommunity.com\/wp-content\/uploads\/01_Audience-18x12.jpg 18w\" sizes=\"(max-width: 1620px) 100vw, 1620px\" \/><figcaption id=\"caption-attachment-8425\" class=\"wp-caption-text\">Imagen 1: P\u00fablico [Foto: Toprak, ACCF]<\/figcaption><\/figure><figure id=\"attachment_8426\" aria-describedby=\"caption-attachment-8426\" style=\"width: 1620px\" class=\"wp-caption alignnone\"><img decoding=\"async\" class=\"wp-image-8426 size-full lazyload\" data-src=\"https:\/\/www.aircargocommunity.com\/wp-content\/uploads\/02_Patrik-Tschirch-and-Felix-Toepsch.jpg\" alt=\"\" width=\"1620\" height=\"1080\" data-srcset=\"https:\/\/www.aircargocommunity.com\/wp-content\/uploads\/02_Patrik-Tschirch-and-Felix-Toepsch.jpg 1620w, https:\/\/www.aircargocommunity.com\/wp-content\/uploads\/02_Patrik-Tschirch-and-Felix-Toepsch-300x200.jpg 300w, https:\/\/www.aircargocommunity.com\/wp-content\/uploads\/02_Patrik-Tschirch-and-Felix-Toepsch-1024x683.jpg 1024w, https:\/\/www.aircargocommunity.com\/wp-content\/uploads\/02_Patrik-Tschirch-and-Felix-Toepsch-768x512.jpg 768w, https:\/\/www.aircargocommunity.com\/wp-content\/uploads\/02_Patrik-Tschirch-and-Felix-Toepsch-1536x1024.jpg 1536w, https:\/\/www.aircargocommunity.com\/wp-content\/uploads\/02_Patrik-Tschirch-and-Felix-Toepsch-18x12.jpg 18w\" data-sizes=\"auto\" src=\"data:image\/svg+xml;base64,PHN2ZyB3aWR0aD0iMSIgaGVpZ2h0PSIxIiB4bWxucz0iaHR0cDovL3d3dy53My5vcmcvMjAwMC9zdmciPjwvc3ZnPg==\" style=\"--smush-placeholder-width: 1620px; --smush-placeholder-aspect-ratio: 1620\/1080;\" data-original-sizes=\"(max-width: 1620px) 100vw, 1620px\" \/><figcaption id=\"caption-attachment-8426\" class=\"wp-caption-text\">Imagen 2: Patrik Tschirch (LUG), Felix Toepsch (ACCF) [Foto: Toprak, ACCF]<\/figcaption><\/figure><figure id=\"attachment_8427\" aria-describedby=\"caption-attachment-8427\" style=\"width: 1620px\" class=\"wp-caption alignnone\"><img decoding=\"async\" class=\"wp-image-8427 size-full lazyload\" data-src=\"https:\/\/www.aircargocommunity.com\/wp-content\/uploads\/03_Flags.jpg\" alt=\"\" width=\"1620\" height=\"1080\" data-srcset=\"https:\/\/www.aircargocommunity.com\/wp-content\/uploads\/03_Flags.jpg 1620w, https:\/\/www.aircargocommunity.com\/wp-content\/uploads\/03_Flags-300x200.jpg 300w, https:\/\/www.aircargocommunity.com\/wp-content\/uploads\/03_Flags-1024x683.jpg 1024w, https:\/\/www.aircargocommunity.com\/wp-content\/uploads\/03_Flags-768x512.jpg 768w, https:\/\/www.aircargocommunity.com\/wp-content\/uploads\/03_Flags-1536x1024.jpg 1536w, https:\/\/www.aircargocommunity.com\/wp-content\/uploads\/03_Flags-18x12.jpg 18w\" data-sizes=\"auto\" src=\"data:image\/svg+xml;base64,PHN2ZyB3aWR0aD0iMSIgaGVpZ2h0PSIxIiB4bWxucz0iaHR0cDovL3d3dy53My5vcmcvMjAwMC9zdmciPjwvc3ZnPg==\" style=\"--smush-placeholder-width: 1620px; --smush-placeholder-aspect-ratio: 1620\/1080;\" data-original-sizes=\"(max-width: 1620px) 100vw, 1620px\" \/><figcaption id=\"caption-attachment-8427\" class=\"wp-caption-text\">Imagen 3: Banderas de la Air Cargo Community Frankfurt y los principales patrocinadores [Foto: Toprak, ACCF]<\/figcaption><\/figure><figure id=\"attachment_8428\" aria-describedby=\"caption-attachment-8428\" style=\"width: 1620px\" class=\"wp-caption alignnone\"><img decoding=\"async\" class=\"wp-image-8428 size-full lazyload\" data-src=\"https:\/\/www.aircargocommunity.com\/wp-content\/uploads\/04_Audience.jpg\" alt=\"\" width=\"1620\" height=\"1080\" data-srcset=\"https:\/\/www.aircargocommunity.com\/wp-content\/uploads\/04_Audience.jpg 1620w, https:\/\/www.aircargocommunity.com\/wp-content\/uploads\/04_Audience-300x200.jpg 300w, https:\/\/www.aircargocommunity.com\/wp-content\/uploads\/04_Audience-1024x683.jpg 1024w, https:\/\/www.aircargocommunity.com\/wp-content\/uploads\/04_Audience-768x512.jpg 768w, https:\/\/www.aircargocommunity.com\/wp-content\/uploads\/04_Audience-1536x1024.jpg 1536w, https:\/\/www.aircargocommunity.com\/wp-content\/uploads\/04_Audience-18x12.jpg 18w\" data-sizes=\"auto\" src=\"data:image\/svg+xml;base64,PHN2ZyB3aWR0aD0iMSIgaGVpZ2h0PSIxIiB4bWxucz0iaHR0cDovL3d3dy53My5vcmcvMjAwMC9zdmciPjwvc3ZnPg==\" style=\"--smush-placeholder-width: 1620px; --smush-placeholder-aspect-ratio: 1620\/1080;\" data-original-sizes=\"(max-width: 1620px) 100vw, 1620px\" \/><figcaption id=\"caption-attachment-8428\" class=\"wp-caption-text\">Imagen 4: P\u00fablico [Foto: Toprak, ACCF]<\/figcaption><\/figure><figure id=\"attachment_8429\" aria-describedby=\"caption-attachment-8429\" style=\"width: 1620px\" class=\"wp-caption alignnone\"><img decoding=\"async\" class=\"wp-image-8429 size-full lazyload\" data-src=\"https:\/\/www.aircargocommunity.com\/wp-content\/uploads\/05_Event-team.jpg\" alt=\"\" width=\"1620\" height=\"1080\" data-srcset=\"https:\/\/www.aircargocommunity.com\/wp-content\/uploads\/05_Event-team.jpg 1620w, https:\/\/www.aircargocommunity.com\/wp-content\/uploads\/05_Event-team-300x200.jpg 300w, https:\/\/www.aircargocommunity.com\/wp-content\/uploads\/05_Event-team-1024x683.jpg 1024w, https:\/\/www.aircargocommunity.com\/wp-content\/uploads\/05_Event-team-768x512.jpg 768w, https:\/\/www.aircargocommunity.com\/wp-content\/uploads\/05_Event-team-1536x1024.jpg 1536w, https:\/\/www.aircargocommunity.com\/wp-content\/uploads\/05_Event-team-18x12.jpg 18w\" data-sizes=\"auto\" src=\"data:image\/svg+xml;base64,PHN2ZyB3aWR0aD0iMSIgaGVpZ2h0PSIxIiB4bWxucz0iaHR0cDovL3d3dy53My5vcmcvMjAwMC9zdmciPjwvc3ZnPg==\" style=\"--smush-placeholder-width: 1620px; --smush-placeholder-aspect-ratio: 1620\/1080;\" data-original-sizes=\"(max-width: 1620px) 100vw, 1620px\" \/><figcaption id=\"caption-attachment-8429\" class=\"wp-caption-text\">Imagen 5: Equipo del evento (de izquierda a derecha): Mandy Anslinger (ACCF), Felix Toepsch (ACCF), Benjamin Bierwirth (FRA UAS), Rachid Touzani (Haus61), Niklas Butz (Hessen Aviation), Harald Sieke (Fraunhofer), Hendrik Bender (Haus61), Lea Walther (ACCF), Anne Lange (FRA UAS) [Foto: Toprak, ACCF]<\/figcaption><\/figure><\/p>","protected":false},"excerpt":{"rendered":"<p>La semana pasada se celebr\u00f3 por novena vez en Frankfurt la Air Cargo Conference y reuni\u00f3 a casi 300 expertos de la aviaci\u00f3n, la ciencia y la investigaci\u00f3n. Los corazones de los log\u00edsticos laten m\u00e1s r\u00e1pido en el gran ambiente de la Casa de la Log\u00edstica y la Movilidad (HOLM). El evento fue organizado por Air Cargo Community Frankfurt eV en estrecha colaboraci\u00f3n con la Universidad de Ciencias Aplicadas de Frankfurt (FRA UAS), el Instituto Fraunhofer de Flujo de Materiales y Log\u00edstica IML, HAUS61 y Hessen Aviation.<\/p>","protected":false},"author":4,"featured_media":4000,"comment_status":"closed","ping_status":"closed","sticky":false,"template":"","format":"standard","meta":{"_acf_changed":false,"wds_primary_category":29,"footnotes":""},"categories":[29],"tags":[],"class_list":["post-8422","post","type-post","status-publish","format-standard","has-post-thumbnail","hentry","category-pressemitteilung"],"acf":[],"_links":{"self":[{"href":"https:\/\/www.aircargocommunity.com\/es\/wp-json\/wp\/v2\/posts\/8422","targetHints":{"allow":["GET"]}}],"collection":[{"href":"https:\/\/www.aircargocommunity.com\/es\/wp-json\/wp\/v2\/posts"}],"about":[{"href":"https:\/\/www.aircargocommunity.com\/es\/wp-json\/wp\/v2\/types\/post"}],"author":[{"embeddable":true,"href":"https:\/\/www.aircargocommunity.com\/es\/wp-json\/wp\/v2\/users\/4"}],"replies":[{"embeddable":true,"href":"https:\/\/www.aircargocommunity.com\/es\/wp-json\/wp\/v2\/comments?post=8422"}],"version-history":[{"count":6,"href":"https:\/\/www.aircargocommunity.com\/es\/wp-json\/wp\/v2\/posts\/8422\/revisions"}],"predecessor-version":[{"id":8474,"href":"https:\/\/www.aircargocommunity.com\/es\/wp-json\/wp\/v2\/posts\/8422\/revisions\/8474"}],"wp:featuredmedia":[{"embeddable":true,"href":"https:\/\/www.aircargocommunity.com\/es\/wp-json\/wp\/v2\/media\/4000"}],"wp:attachment":[{"href":"https:\/\/www.aircargocommunity.com\/es\/wp-json\/wp\/v2\/media?parent=8422"}],"wp:term":[{"taxonomy":"category","embeddable":true,"href":"https:\/\/www.aircargocommunity.com\/es\/wp-json\/wp\/v2\/categories?post=8422"},{"taxonomy":"post_tag","embeddable":true,"href":"https:\/\/www.aircargocommunity.com\/es\/wp-json\/wp\/v2\/tags?post=8422"}],"curies":[{"name":"wp","href":"https:\/\/api.w.org\/{rel}","templated":true}]}}