{"id":8432,"date":"2024-10-01T08:00:35","date_gmt":"2024-10-01T06:00:35","guid":{"rendered":"https:\/\/www.aircargocommunity.com\/?p=8432"},"modified":"2024-10-07T12:43:02","modified_gmt":"2024-10-07T10:43:02","slug":"frachtpost-september-2024","status":"publish","type":"post","link":"https:\/\/www.aircargocommunity.com\/es\/news\/frachtpost\/frachtpost-september-2024\/","title":{"rendered":"Noticias de la comunidad Septiembre 2024"},"content":{"rendered":"<p>Querida comunidad,<\/p>\n<p>El oto\u00f1o nos da la bienvenida y los d\u00edas son visiblemente m\u00e1s cortos. Pero eso no significa que est\u00e9 sucediendo menos en la comunidad...<\/p>\n<h3>Le dimos la bienvenida a 2 nuevos miembros a la comunidad en septiembre<\/h3>\n<p>Damos la bienvenida como nuevo miembro especial desde una perspectiva educativa y cient\u00edfica: el <strong>Universidad de gusanos<\/strong>. Adem\u00e1s de muchos interesantes programas de licenciatura y maestr\u00eda, la Universidad de Worms ofrece el programa de grado en Gesti\u00f3n de Aviaci\u00f3n para introducir a los j\u00f3venes talentos en el fascinante mundo de la aviaci\u00f3n y el transporte a\u00e9reo. Como comunidad, esperamos recibir m\u00e1s aportes te\u00f3ricos y nuevas perspectivas. \u00a1Bienvenido al sitio web de la industria, Universidad de Worms!<\/p>\n<p>En segundo lugar, podemos <strong>ATS-FRA GmbH<\/strong> bienvenido, que ofrece soluciones integrales de transporte a\u00e9reo y log\u00edstica para satisfacer las diversas necesidades de las empresas globales. Desde servicios AOG hasta transporte de mercanc\u00edas peligrosas y despacho de aduanas, garantizan procesos comerciales internacionales fluidos. Con ATS-FRA GmbH contamos con un miembro que aportar\u00e1 nuevas perspectivas sobre la eficiencia de toda la cadena de suministro en el aeropuerto de Frankfurt. \u00a1Bienvenido a la comunidad!<\/p>\n<p><img fetchpriority=\"high\" decoding=\"async\" class=\"alignnone wp-image-8434 size-full\" src=\"https:\/\/www.aircargocommunity.com\/wp-content\/uploads\/September2024.png\" alt=\"\" width=\"1564\" height=\"1624\" srcset=\"https:\/\/www.aircargocommunity.com\/wp-content\/uploads\/September2024.png 1564w, https:\/\/www.aircargocommunity.com\/wp-content\/uploads\/September2024-289x300.png 289w, https:\/\/www.aircargocommunity.com\/wp-content\/uploads\/September2024-986x1024.png 986w, https:\/\/www.aircargocommunity.com\/wp-content\/uploads\/September2024-768x797.png 768w, https:\/\/www.aircargocommunity.com\/wp-content\/uploads\/September2024-1479x1536.png 1479w, https:\/\/www.aircargocommunity.com\/wp-content\/uploads\/September2024-12x12.png 12w\" sizes=\"(max-width: 1564px) 100vw, 1564px\" \/><\/p>\n<h3>Una mirada retrospectiva a la Air Cargo Conference 2024<\/h3>\n<p>Nuestro <strong>9\u00aa Conferencia de Carga A\u00e9rea<\/strong> reuni\u00f3 en Frankfurt los d\u00edas 4 y 5 de septiembre a unos 300 expertos de los sectores de la aviaci\u00f3n, la log\u00edstica, la ciencia y la investigaci\u00f3n. Este a\u00f1o el evento volvi\u00f3 a ofrecer <strong>programa impresionante<\/strong>: Oradores de primer nivel y un p\u00fablico internacional garantizaron intensos debates sobre los temas <strong>Comercio electr\u00f3nico, sostenibilidad y los desaf\u00edos que plantean las influencias externas en el transporte a\u00e9reo y la log\u00edstica.<\/strong><\/p>\n<p>El <strong>Conferencias y paneles de discusi\u00f3n.<\/strong> Ofreci\u00f3 conocimientos profundos sobre el futuro de la industria, mientras que los participantes aprovecharon cada oportunidad en las numerosas <strong>Eventos de networking<\/strong> para hacer nuevos contactos y profundizar las conexiones existentes. Este a\u00f1o hubo un momento especial para nuestros madrugadores: el <strong>Tour por la plataforma al amanecer<\/strong> en el aeropuerto de Frankfurt con informaci\u00f3n exclusiva sobre los procesos en la plataforma bajo la hermosa luz del sol de la ma\u00f1ana.<\/p>\n<p>Patrik Tschirch, director general de LUG aircargohandling GmbH y presidente de Air Cargo Community Frankfurt, se mostr\u00f3 visiblemente satisfecho y entusiasmado con el evento: \u201cUna vez m\u00e1s hemos conseguido elaborar un programa completo y exitoso. No s\u00f3lo los temas fueron actuales y relevantes, sino que las oportunidades de networking tambi\u00e9n fueron excelentes y fueron aprovechadas intensamente por todos los participantes. El intercambio con las startups aqu\u00ed representadas proporciona un valioso impulso para la digitalizaci\u00f3n de nuestra industria. Soy un gran admirador de este formato de conferencia\u201d.<\/p>\n<p>El \u00e9xito de la conferencia no ser\u00eda posible sin el apoyo de la <strong>Patrocinadores<\/strong> no fue posible, lo que tambi\u00e9n contribuy\u00f3 significativamente al \u00e9xito de este a\u00f1o. <strong>\u00a1Gracias por eso!<\/strong> Despu\u00e9s de la conferencia es antes del aniversario y con eso ya empezamos a planificar <strong>10\u00ba ACC en Frankfurt<\/strong>. Aunque ya estamos deseando que llegue el a\u00f1o que viene, nos gustar\u00eda continuar con el nuestro. <a href=\"https:\/\/www.youtube.com\/watch?v=A_67_yMaS5w&amp;feature=youtu.be\"><strong>Despu\u00e9s de la pel\u00edcula<\/strong> <\/a>Repasemos nuevamente la conferencia de este a\u00f1o. Divi\u00e9rtete viendo y compartiendo:<\/p>\n<p><a href=\"https:\/\/www.youtube.com\/watch?v=A_67_yMaS5w\" target=\"_blank\" rel=\"noopener\"><img decoding=\"async\" class=\"alignnone wp-image-8444 size-full lazyload\" data-src=\"https:\/\/www.aircargocommunity.com\/wp-content\/uploads\/Bild2.png\" alt=\"\" width=\"2560\" height=\"1300\" data-srcset=\"https:\/\/www.aircargocommunity.com\/wp-content\/uploads\/Bild2.png 2560w, https:\/\/www.aircargocommunity.com\/wp-content\/uploads\/Bild2-300x152.png 300w, https:\/\/www.aircargocommunity.com\/wp-content\/uploads\/Bild2-1024x520.png 1024w, https:\/\/www.aircargocommunity.com\/wp-content\/uploads\/Bild2-768x390.png 768w, https:\/\/www.aircargocommunity.com\/wp-content\/uploads\/Bild2-1536x780.png 1536w, https:\/\/www.aircargocommunity.com\/wp-content\/uploads\/Bild2-2048x1040.png 2048w, https:\/\/www.aircargocommunity.com\/wp-content\/uploads\/Bild2-18x9.png 18w\" data-sizes=\"auto\" src=\"data:image\/svg+xml;base64,PHN2ZyB3aWR0aD0iMSIgaGVpZ2h0PSIxIiB4bWxucz0iaHR0cDovL3d3dy53My5vcmcvMjAwMC9zdmciPjwvc3ZnPg==\" style=\"--smush-placeholder-width: 2560px; --smush-placeholder-aspect-ratio: 2560\/1300;\" data-original-sizes=\"(max-width: 2560px) 100vw, 2560px\" \/><\/a><\/p>\n<h3>Sitio web disponible en idiomas adicionales: espa\u00f1ol, \u4e2d\u6587, ingl\u00e9s<\/h3>\n<p>La comunidad tiene nueva web desde mediados de a\u00f1o <a href=\"https:\/\/www.aircargocommunity.com\/es\/\">aircargocommunity.com<\/a> en l\u00ednea. No es s\u00f3lo el dise\u00f1o lo que ha cambiado. Nuevas funciones se implementar\u00e1n continuamente durante los pr\u00f3ximos meses.<\/p>\n<p>El tr\u00e1fico a\u00e9reo es internacional, por lo que el sitio web ahora est\u00e1 disponible en varios idiomas. Adem\u00e1s del alem\u00e1n, ahora se puede acceder al sitio web en ingl\u00e9s, espa\u00f1ol y chino.<\/p>\n<p><a href=\"http:\/\/www.aircargocommunity.com\/es\/\" target=\"_blank\" rel=\"noopener\"><img decoding=\"async\" class=\"alignnone wp-image-8433 size-full lazyload\" data-src=\"https:\/\/www.aircargocommunity.com\/wp-content\/uploads\/Screenshot-chinesische-Webseite.jpg\" alt=\"\" width=\"1112\" height=\"626\" data-srcset=\"https:\/\/www.aircargocommunity.com\/wp-content\/uploads\/Screenshot-chinesische-Webseite.jpg 1112w, https:\/\/www.aircargocommunity.com\/wp-content\/uploads\/Screenshot-chinesische-Webseite-300x169.jpg 300w, https:\/\/www.aircargocommunity.com\/wp-content\/uploads\/Screenshot-chinesische-Webseite-1024x576.jpg 1024w, https:\/\/www.aircargocommunity.com\/wp-content\/uploads\/Screenshot-chinesische-Webseite-768x432.jpg 768w, https:\/\/www.aircargocommunity.com\/wp-content\/uploads\/Screenshot-chinesische-Webseite-18x10.jpg 18w\" data-sizes=\"auto\" src=\"data:image\/svg+xml;base64,PHN2ZyB3aWR0aD0iMSIgaGVpZ2h0PSIxIiB4bWxucz0iaHR0cDovL3d3dy53My5vcmcvMjAwMC9zdmciPjwvc3ZnPg==\" style=\"--smush-placeholder-width: 1112px; --smush-placeholder-aspect-ratio: 1112\/626;\" data-original-sizes=\"(max-width: 1112px) 100vw, 1112px\" \/><\/a><\/p>\n<p>&nbsp;<\/p>\n<h3><img decoding=\"async\" class=\"alignleft wp-image-8437 lazyload\" data-src=\"https:\/\/www.aircargocommunity.com\/wp-content\/uploads\/tiktok-6338429_1280-1-300x300.png\" alt=\"\" width=\"50\" height=\"50\" data-srcset=\"https:\/\/www.aircargocommunity.com\/wp-content\/uploads\/tiktok-6338429_1280-1-300x300.png 300w, https:\/\/www.aircargocommunity.com\/wp-content\/uploads\/tiktok-6338429_1280-1-1024x1024.png 1024w, https:\/\/www.aircargocommunity.com\/wp-content\/uploads\/tiktok-6338429_1280-1-150x150.png 150w, https:\/\/www.aircargocommunity.com\/wp-content\/uploads\/tiktok-6338429_1280-1-768x768.png 768w, https:\/\/www.aircargocommunity.com\/wp-content\/uploads\/tiktok-6338429_1280-1-12x12.png 12w, https:\/\/www.aircargocommunity.com\/wp-content\/uploads\/tiktok-6338429_1280-1.png 1280w\" data-sizes=\"auto\" src=\"data:image\/svg+xml;base64,PHN2ZyB3aWR0aD0iMSIgaGVpZ2h0PSIxIiB4bWxucz0iaHR0cDovL3d3dy53My5vcmcvMjAwMC9zdmciPjwvc3ZnPg==\" style=\"--smush-placeholder-width: 50px; --smush-placeholder-aspect-ratio: 50\/50;\" data-original-sizes=\"(max-width: 50px) 100vw, 50px\" \/>Nuestro canal TikTok est\u00e1 ganando atenci\u00f3n<\/h3>\n<p>Estamos contentos de que nuestro <a href=\"https:\/\/www.tiktok.com\/@aircargocommunityfra\">canal de tiktok<\/a> se est\u00e1 volviendo cada vez m\u00e1s popular y recibe comentarios positivos. Esto nos motiva a desarrollar continuamente nuestro contenido y brindar informaci\u00f3n interesante sobre nuestro trabajo.<br \/>\nEl equipo formado por Annika K\u00f6titz (FIEGE) y Felicitas Haller (Todos los servicios) est\u00e1 actualmente en estrecho contacto con varias empresas miembro para planificar contenidos juntos y hacer que nuestro canal sea a\u00fan m\u00e1s interesante. Este di\u00e1logo tambi\u00e9n es especialmente valioso para nosotros para captar nuevas ideas y tendencias, conocer a\u00fan mejor a nuestros miembros y apoyarlos.<br \/>\nSi est\u00e1 interesado en un intercambio o tiene preguntas sobre nuestro canal TikTok, env\u00edenos un mensaje a: <a href=\"mailto:tiktok@fra-fr8.com\" rel=\"\">tiktok@fra-fr8.com<\/a>.<\/p>\n<p>\u00bfLas noticias de la comunidad una vez al mes no son suficientes para ti? Entonces visite nuestro canal de LinkedIn con regularidad; lo mejor es suscribirse directamente.<\/p>\n<p>&nbsp;<\/p>\n<p>\u00bfTiene alguna pregunta o comentario? \u00a1Esperamos su mensaje o llamada!<\/p>\n<p>Atentamente<\/p>\n<p>Su equipo en Air Cargo Community Frankfurt eV<\/p>","protected":false},"excerpt":{"rendered":"<p>\u00a1Septiembre trae un soplo de aire fresco a nuestras filas! Nos complace dar la bienvenida a dos nuevos miembros: la Universidad de Ciencias Aplicadas de Worms y ATS-FRA GmbH. Tambi\u00e9n recordamos la exitosa 9\u00aa Conferencia sobre Carga A\u00e9rea. Nuestro nuevo sitio web ahora es multiling\u00fce y nuestro canal TikTok est\u00e1 disfrutando de nueva atenci\u00f3n.<\/p>","protected":false},"author":4,"featured_media":8464,"comment_status":"closed","ping_status":"closed","sticky":false,"template":"","format":"standard","meta":{"_acf_changed":false,"wds_primary_category":1,"footnotes":""},"categories":[5],"tags":[],"class_list":["post-8432","post","type-post","status-publish","format-standard","has-post-thumbnail","hentry","category-frachtpost"],"acf":[],"_links":{"self":[{"href":"https:\/\/www.aircargocommunity.com\/es\/wp-json\/wp\/v2\/posts\/8432","targetHints":{"allow":["GET"]}}],"collection":[{"href":"https:\/\/www.aircargocommunity.com\/es\/wp-json\/wp\/v2\/posts"}],"about":[{"href":"https:\/\/www.aircargocommunity.com\/es\/wp-json\/wp\/v2\/types\/post"}],"author":[{"embeddable":true,"href":"https:\/\/www.aircargocommunity.com\/es\/wp-json\/wp\/v2\/users\/4"}],"replies":[{"embeddable":true,"href":"https:\/\/www.aircargocommunity.com\/es\/wp-json\/wp\/v2\/comments?post=8432"}],"version-history":[{"count":13,"href":"https:\/\/www.aircargocommunity.com\/es\/wp-json\/wp\/v2\/posts\/8432\/revisions"}],"predecessor-version":[{"id":8472,"href":"https:\/\/www.aircargocommunity.com\/es\/wp-json\/wp\/v2\/posts\/8432\/revisions\/8472"}],"wp:featuredmedia":[{"embeddable":true,"href":"https:\/\/www.aircargocommunity.com\/es\/wp-json\/wp\/v2\/media\/8464"}],"wp:attachment":[{"href":"https:\/\/www.aircargocommunity.com\/es\/wp-json\/wp\/v2\/media?parent=8432"}],"wp:term":[{"taxonomy":"category","embeddable":true,"href":"https:\/\/www.aircargocommunity.com\/es\/wp-json\/wp\/v2\/categories?post=8432"},{"taxonomy":"post_tag","embeddable":true,"href":"https:\/\/www.aircargocommunity.com\/es\/wp-json\/wp\/v2\/tags?post=8432"}],"curies":[{"name":"wp","href":"https:\/\/api.w.org\/{rel}","templated":true}]}}