{"id":8783,"date":"2024-10-31T10:00:21","date_gmt":"2024-10-31T09:00:21","guid":{"rendered":"https:\/\/www.aircargocommunity.com\/?p=8783"},"modified":"2024-11-04T12:52:48","modified_gmt":"2024-11-04T11:52:48","slug":"community-news-oktober-2024","status":"publish","type":"post","link":"https:\/\/www.aircargocommunity.com\/es\/news\/frachtpost\/community-news-oktober-2024\/","title":{"rendered":"Noticias de la comunidad Octubre 2024"},"content":{"rendered":"<p>Querida comunidad,<\/p>\n<p style=\"text-align: justify\">Octubre se despide con un ambiente oto\u00f1al: el momento perfecto para una peque\u00f1a actualizaci\u00f3n. Esperamos nuestras noticias.<\/p>\n<h3>Nuevos miembros<\/h3>\n<p style=\"text-align: justify\">Podremos dar la bienvenida a dos nuevos miembros al grupo de miembros de transitarios el 1 de noviembre de 2024.<\/p>\n<p style=\"text-align: justify\">El <a href=\"https:\/\/plattlog.com\/\">PLATTLOG GmbH<\/a> ofrece dos d\u00e9cadas de experiencia en log\u00edstica y se especializa en servicios de carga a\u00e9rea internacional. Su objetivo es proporcionar soluciones de transporte confiables y altamente eficientes adaptadas a las necesidades de los clientes. Con un equipo experimentado y una red global, garantizan que la carga se entregue de forma segura y puntual.<\/p>\n<p style=\"text-align: justify\">El <a href=\"https:\/\/www.central-global.aero\/\">Central Global Cargo GmbH<\/a> (CGC) ofrece soluciones log\u00edsticas integradas al m\u00e1s alto nivel. Como mediana empresa din\u00e1mica e innovadora, CGC se centra en las \u00e1reas de aviaci\u00f3n, marina y log\u00edstica de tiempo cr\u00edtico. Con cuatro sucursales propias en Alemania y una s\u00f3lida red global, CGC ofrece un servicio disponible las 24 horas del d\u00eda, los 365 d\u00edas del a\u00f1o.<\/p>\n<p style=\"text-align: justify\">\u00a1Esperamos con inter\u00e9s el intercambio y la cooperaci\u00f3n de confianza con nuestros nuevos miembros!<\/p>\n<p><img fetchpriority=\"high\" decoding=\"async\" class=\"alignnone wp-image-8786 size-full\" src=\"https:\/\/www.aircargocommunity.com\/wp-content\/uploads\/neue-MG.png\" alt=\"\" width=\"1564\" height=\"1624\" srcset=\"https:\/\/www.aircargocommunity.com\/wp-content\/uploads\/neue-MG.png 1564w, https:\/\/www.aircargocommunity.com\/wp-content\/uploads\/neue-MG-289x300.png 289w, https:\/\/www.aircargocommunity.com\/wp-content\/uploads\/neue-MG-986x1024.png 986w, https:\/\/www.aircargocommunity.com\/wp-content\/uploads\/neue-MG-768x797.png 768w, https:\/\/www.aircargocommunity.com\/wp-content\/uploads\/neue-MG-1479x1536.png 1479w, https:\/\/www.aircargocommunity.com\/wp-content\/uploads\/neue-MG-12x12.png 12w\" sizes=\"(max-width: 1564px) 100vw, 1564px\" \/><\/p>\n<p>\u00ad<\/p>\n<h3>Cambio importante: Nuevas normas de entrada a CargoCity S\u00fcd<\/h3>\n<p style=\"text-align: justify\">A partir del mi\u00e9rcoles 6 de noviembre cambiar\u00e1n las normas de entrada a CargoCity S\u00fcd. Cada registro solo da derecho a una entrada \u00fanica y es v\u00e1lido desde 3 horas antes hasta 3 horas despu\u00e9s de la hora especificada. Esta norma tambi\u00e9n se aplica a las matr\u00edculas que ya han sido registradas. Si ingresa nuevamente a CargoCity S\u00fcd, deber\u00e1 registrarse nuevamente.<\/p>\n<p style=\"text-align: justify\">Los visitantes de CargoCity S\u00fcd que no cuenten con autorizaci\u00f3n de acceso deber\u00e1n realizar su visita a trav\u00e9s del <a href=\"https:\/\/ccs.fraport.de\/de\/\">Haga clic en 2 Sistema de unidad<\/a> registro. Inmediatamente despu\u00e9s recibir\u00e1s un email con la confirmaci\u00f3n de la reserva y un c\u00f3digo QR. La entrada se realiza autom\u00e1ticamente a la hora registrada mediante el reconocimiento de matr\u00edculas. Si tu matr\u00edcula no se reconoce correctamente al entrar, puedes escanear el c\u00f3digo QR que recibiste en la barrera.<\/p>\n<p style=\"text-align: justify\">Puede encontrar m\u00e1s informaci\u00f3n sobre c\u00f3mo llegar a CargoCities. <a href=\"https:\/\/www.frankfurt-cargohub.de\/de\/leistungen\/erreichbarkeit-der-cargocities.html\">aqu\u00ed<\/a>.<\/p>\n<p>Las personas de contacto de Fraport AG son:<\/p>\n<p>Shiva Adhikari (<a href=\"mailto:s.adhikari@fraport.de\">s.adhikari@fraport.de<\/a>)<\/p>\n<p>Le\u00f3n Rub\u00e9n (<a href=\"mailto:l.reuben@fraport.de\">l.reuben@fraport.de<\/a>)<\/p>\n<p><img decoding=\"async\" class=\"wp-image-8784 size-full aligncenter lazyload\" data-src=\"https:\/\/www.aircargocommunity.com\/wp-content\/uploads\/Einfahrt-CCS.jpg\" alt=\"\" width=\"605\" height=\"403\" data-srcset=\"https:\/\/www.aircargocommunity.com\/wp-content\/uploads\/Einfahrt-CCS.jpg 605w, https:\/\/www.aircargocommunity.com\/wp-content\/uploads\/Einfahrt-CCS-300x200.jpg 300w, https:\/\/www.aircargocommunity.com\/wp-content\/uploads\/Einfahrt-CCS-18x12.jpg 18w\" data-sizes=\"auto\" src=\"data:image\/svg+xml;base64,PHN2ZyB3aWR0aD0iMSIgaGVpZ2h0PSIxIiB4bWxucz0iaHR0cDovL3d3dy53My5vcmcvMjAwMC9zdmciPjwvc3ZnPg==\" style=\"--smush-placeholder-width: 605px; --smush-placeholder-aspect-ratio: 605\/403;\" data-original-sizes=\"(max-width: 605px) 100vw, 605px\" \/><\/p>\n<h3>Reserve la fecha: Feria de formaci\u00f3n y empleo aeroportuario 2025<\/h3>\n<p style=\"text-align: justify\">En abril, la comunidad hizo por primera vez una campa\u00f1a conjunta a favor de los trabajadores del transporte a\u00e9reo del futuro en la Feria de Empleo y Capacitaci\u00f3n Aeroportuaria (AAJM). La comunidad estaba en el lugar con m\u00e1s de 10 miembros y un pabell\u00f3n comunitario compartido.<\/p>\n<p style=\"text-align: justify\">El a\u00f1o que viene volveremos a estar representados como Air Cargo Community Frankfurt. As\u00ed que tome nota de la fecha del pr\u00f3ximo a\u00f1o. La feria de dos d\u00edas tiene lugar el<\/p>\n<p style=\"text-align: center\"><strong>27 y 28 de junio de 2025 en Gateway Gardens<\/strong><\/p>\n<p style=\"text-align: justify\">en lugar de. Esperamos contar nuevamente con la participaci\u00f3n de muchos miembros. Ya puedes registrarte como interesado. Simplemente escr\u00edbanos un correo electr\u00f3nico a: <a href=\"mailto:m.anslinger@fra-fr8.com\">m.anslinger@fra-fr8.com<\/a><\/p>\n<p style=\"text-align: justify\">La preparaci\u00f3n del evento se coordina en particular con el equipo de competencia de Personas y Cultura y los contactos de la empresa.<\/p>\n<p><img decoding=\"async\" class=\"wp-image-8785 size-full aligncenter lazyload\" data-src=\"https:\/\/www.aircargocommunity.com\/wp-content\/uploads\/Jobmesse.png\" alt=\"\" width=\"976\" height=\"866\" data-srcset=\"https:\/\/www.aircargocommunity.com\/wp-content\/uploads\/Jobmesse.png 976w, https:\/\/www.aircargocommunity.com\/wp-content\/uploads\/Jobmesse-300x266.png 300w, https:\/\/www.aircargocommunity.com\/wp-content\/uploads\/Jobmesse-768x681.png 768w, https:\/\/www.aircargocommunity.com\/wp-content\/uploads\/Jobmesse-14x12.png 14w\" data-sizes=\"auto\" src=\"data:image\/svg+xml;base64,PHN2ZyB3aWR0aD0iMSIgaGVpZ2h0PSIxIiB4bWxucz0iaHR0cDovL3d3dy53My5vcmcvMjAwMC9zdmciPjwvc3ZnPg==\" style=\"--smush-placeholder-width: 976px; --smush-placeholder-aspect-ratio: 976\/866;\" data-original-sizes=\"(max-width: 976px) 100vw, 976px\" \/><\/p>\n<p>&nbsp;<\/p>\n<h3>Equipo de competencia en Personas y Cultura \u2013 Presentaci\u00f3n del Estudio Gallup 2023 &amp; Feelgood Management<\/h3>\n<p style=\"text-align: justify\">Contratar empleados y aprendices puede ser un gran desaf\u00edo. A muchas personas les resulta cada vez m\u00e1s dif\u00edcil motivar al personal y a los j\u00f3venes talentos y satisfacer las exigencias del mundo laboral.<\/p>\n<p style=\"text-align: justify\">Nuestro equipo de competencia en Personas y Cultura aprovech\u00f3 esta oportunidad para analizarlo m\u00e1s de cerca. La base fue una conferencia magistral que Angelika Wagner (UPS) hab\u00eda preparado para el equipo. Se prepararon los resultados de los siguientes temas de enfoque:<\/p>\n<p style=\"text-align: justify\">\ud83d\udd0d El actual Estudio Gallup 2023, que ofrece valiosas estad\u00edsticas e informaci\u00f3n sobre los temas del compromiso y el bienestar de los empleados.<\/p>\n<p style=\"text-align: justify\">\ud83e\udd1d El concepto de gesti\u00f3n del bienestar, que representa la creaci\u00f3n consciente de un ambiente de trabajo positivo, especialmente en tiempos econ\u00f3micamente dif\u00edciles.<\/p>\n<p style=\"text-align: justify\">\ud83d\ude80 Estrategias para una gesti\u00f3n eficaz del desempe\u00f1o de los trabajadores de alto y bajo rendimiento en el contexto de la actual escasez de trabajadores cualificados<\/p>\n<p style=\"text-align: justify\">Muchas gracias a Angelika Wagner por este aporte y la base para un debate estimulante en el equipo de competencia.<\/p>\n<h3>YACE en la torre de control de plataforma<\/h3>\n<p style=\"text-align: justify\">Una gran experiencia para nuestros J\u00f3venes Ejecutivos de Carga A\u00e9rea (YACE): Los j\u00f3venes talentos de nuestra comunidad tuvieron la oportunidad de visitar la torre de control de plataforma de FRA y obtener informaci\u00f3n de primera mano sobre los procesos y tareas de los controladores de plataforma.<\/p>\n<p style=\"text-align: justify\">Cuando los entusiastas de la aviaci\u00f3n escuchan la palabra &quot;torre&quot;, normalmente piensan en el trabajo del controlador a\u00e9reo en el control a\u00e9reo alem\u00e1n. Sin embargo, adem\u00e1s de los controladores a\u00e9reos del DFS, en Frankfurt existe una estructura de plataforma compleja que tambi\u00e9n requiere coordinaci\u00f3n y seguimiento. Aqu\u00ed es donde entran en juego los controladores de plataforma. Como empleados de FRA-Apron Control GmbH, son responsables de coordinar los movimientos en tierra las 24 horas del d\u00eda, los 7 d\u00edas de la semana. La gerencia de FRA Apron Control se tom\u00f3 el tiempo de guiar a nuestros miembros de YACE a trav\u00e9s del complejo y fascinante trabajo que el equipo realiza todos los d\u00edas para mantener el aeropuerto funcionando sin problemas. Su experiencia y pasi\u00f3n por la aviaci\u00f3n fueron inspiradoras para todos nosotros.<\/p>\n<p style=\"text-align: justify\">Estas experiencias son emocionantes para que nuestros j\u00f3venes talentos desarrollen una comprensi\u00f3n m\u00e1s profunda de los numerosos campos de actividad de la aviaci\u00f3n y vean el aeropuerto desde una nueva perspectiva. Esperamos con ansias nuevas perspectivas que ya se est\u00e1n planificando.<\/p>\n<p><img decoding=\"async\" class=\"wp-image-8787 size-full aligncenter lazyload\" data-src=\"https:\/\/www.aircargocommunity.com\/wp-content\/uploads\/VFK_YACE.jpg\" alt=\"\" width=\"1024\" height=\"768\" data-srcset=\"https:\/\/www.aircargocommunity.com\/wp-content\/uploads\/VFK_YACE.jpg 1024w, https:\/\/www.aircargocommunity.com\/wp-content\/uploads\/VFK_YACE-300x225.jpg 300w, https:\/\/www.aircargocommunity.com\/wp-content\/uploads\/VFK_YACE-768x576.jpg 768w, https:\/\/www.aircargocommunity.com\/wp-content\/uploads\/VFK_YACE-16x12.jpg 16w\" data-sizes=\"auto\" src=\"data:image\/svg+xml;base64,PHN2ZyB3aWR0aD0iMSIgaGVpZ2h0PSIxIiB4bWxucz0iaHR0cDovL3d3dy53My5vcmcvMjAwMC9zdmciPjwvc3ZnPg==\" style=\"--smush-placeholder-width: 1024px; --smush-placeholder-aspect-ratio: 1024\/768;\" data-original-sizes=\"(max-width: 1024px) 100vw, 1024px\" \/><\/p>\n<p>&nbsp;<\/p>\n<p style=\"text-align: justify\">\u00bfLas noticias de la comunidad una vez al mes no son suficientes para ti? Entonces visite nuestro regularmente <a href=\"https:\/\/www.linkedin.com\/company\/69530642\">canal de LinkedIn<\/a> \u2013 lo mejor es suscribirse directamente.<\/p>\n<p style=\"text-align: justify\">\u00bfTiene alguna pregunta o comentario? \u00a1Esperamos su mensaje o llamada!<\/p>\n<p>Atentamente<\/p>\n<p>Su equipo en Air Cargo Community Frankfurt eV<\/p>","protected":false},"excerpt":{"rendered":"<p>\u00a1Octubre llega a su fin y trae nuevas novedades! Nos complace dar la bienvenida a nuestra comunidad a dos nuevos miembros, PLATTLOG GmbH y Central Global Cargo GmbH. Tambi\u00e9n hay cambios importantes en las regulaciones de entrada a CargoCity South y perspectivas interesantes para la feria de empleo y capacitaci\u00f3n aeroportuaria en 2025. Nuestro equipo de competencia en Personas y Cultura comparte los hallazgos del estudio actual de Gallup, y nuestros j\u00f3venes talentos recibieron informaci\u00f3n fascinante sobre los procesos en la torre de control de plataforma de la FRA.<\/p>","protected":false},"author":4,"featured_media":8789,"comment_status":"closed","ping_status":"closed","sticky":false,"template":"","format":"standard","meta":{"_acf_changed":false,"wds_primary_category":1,"footnotes":""},"categories":[5],"tags":[],"class_list":["post-8783","post","type-post","status-publish","format-standard","has-post-thumbnail","hentry","category-frachtpost"],"acf":[],"_links":{"self":[{"href":"https:\/\/www.aircargocommunity.com\/es\/wp-json\/wp\/v2\/posts\/8783","targetHints":{"allow":["GET"]}}],"collection":[{"href":"https:\/\/www.aircargocommunity.com\/es\/wp-json\/wp\/v2\/posts"}],"about":[{"href":"https:\/\/www.aircargocommunity.com\/es\/wp-json\/wp\/v2\/types\/post"}],"author":[{"embeddable":true,"href":"https:\/\/www.aircargocommunity.com\/es\/wp-json\/wp\/v2\/users\/4"}],"replies":[{"embeddable":true,"href":"https:\/\/www.aircargocommunity.com\/es\/wp-json\/wp\/v2\/comments?post=8783"}],"version-history":[{"count":8,"href":"https:\/\/www.aircargocommunity.com\/es\/wp-json\/wp\/v2\/posts\/8783\/revisions"}],"predecessor-version":[{"id":8797,"href":"https:\/\/www.aircargocommunity.com\/es\/wp-json\/wp\/v2\/posts\/8783\/revisions\/8797"}],"wp:featuredmedia":[{"embeddable":true,"href":"https:\/\/www.aircargocommunity.com\/es\/wp-json\/wp\/v2\/media\/8789"}],"wp:attachment":[{"href":"https:\/\/www.aircargocommunity.com\/es\/wp-json\/wp\/v2\/media?parent=8783"}],"wp:term":[{"taxonomy":"category","embeddable":true,"href":"https:\/\/www.aircargocommunity.com\/es\/wp-json\/wp\/v2\/categories?post=8783"},{"taxonomy":"post_tag","embeddable":true,"href":"https:\/\/www.aircargocommunity.com\/es\/wp-json\/wp\/v2\/tags?post=8783"}],"curies":[{"name":"wp","href":"https:\/\/api.w.org\/{rel}","templated":true}]}}