{"id":9537,"date":"2025-01-31T09:00:19","date_gmt":"2025-01-31T08:00:19","guid":{"rendered":"https:\/\/www.aircargocommunity.com\/?p=9537"},"modified":"2025-02-05T22:14:35","modified_gmt":"2025-02-05T21:14:35","slug":"community-news-januar-2025","status":"publish","type":"post","link":"https:\/\/www.aircargocommunity.com\/es\/news\/frachtpost\/community-news-januar-2025\/","title":{"rendered":"Noticias de la comunidad enero 2025"},"content":{"rendered":"<p>Querida comunidad,<\/p>\n<p>\u00a1Nos espera un nuevo a\u00f1o lleno de posibilidades y estamos deseando darle forma junto a vosotros! \ud83d\ude80\u2728 En esta edici\u00f3n de FRachtpost puedes esperar nuevamente noticias emocionantes\u2026<\/p>\n<p>&nbsp;<\/p>\n<h3>Air Cargo Conference 2025: el evento de aniversario en un lugar \u00fanico<a href=\"https:\/\/www.aircargocommunity.com\/es\/events\/air-cargo-conference-2025\/\"><img fetchpriority=\"high\" decoding=\"async\" class=\"alignnone wp-image-9326 size-full\" style=\"font-size: 16px\" src=\"https:\/\/www.aircargocommunity.com\/wp-content\/uploads\/ACC-2025-Cover-Picture_neu.jpg\" alt=\"\" width=\"1920\" height=\"1080\" srcset=\"https:\/\/www.aircargocommunity.com\/wp-content\/uploads\/ACC-2025-Cover-Picture_neu.jpg 1920w, https:\/\/www.aircargocommunity.com\/wp-content\/uploads\/ACC-2025-Cover-Picture_neu-300x169.jpg 300w, https:\/\/www.aircargocommunity.com\/wp-content\/uploads\/ACC-2025-Cover-Picture_neu-1024x576.jpg 1024w, https:\/\/www.aircargocommunity.com\/wp-content\/uploads\/ACC-2025-Cover-Picture_neu-768x432.jpg 768w, https:\/\/www.aircargocommunity.com\/wp-content\/uploads\/ACC-2025-Cover-Picture_neu-1536x864.jpg 1536w, https:\/\/www.aircargocommunity.com\/wp-content\/uploads\/ACC-2025-Cover-Picture_neu-18x10.jpg 18w\" sizes=\"(max-width: 1920px) 100vw, 1920px\" \/><\/a><\/h3>\n<p>La Air Cargo Community Frankfurt eV, en cooperaci\u00f3n con la aceleradora de empresas emergentes Haus61 GmbH, presenta la 10\u00aa Air Cargo Conference, \u00a1un evento de aniversario que establece nuevos est\u00e1ndares!<\/p>\n<p style=\"text-align: center\"><strong>Fecha: 3 y 4 de septiembre de 2025<\/strong><br \/>\n<strong>Ubicaci\u00f3n: Adler Business Club, Deutsche Bank Park Frankfurt<\/strong><\/p>\n<p>Pensar:<\/p>\n<ul>\n<li>uno <strong>espacio de exposici\u00f3n exclusivo<\/strong> Con una variedad de opciones de presentaci\u00f3n<\/li>\n<li>formatos esc\u00e9nicos innovadores con <strong>Temas especializados y presentaciones de empresas emergentes<\/strong><\/li>\n<li>Cajas de reuni\u00f3n y puntos para debates espec\u00edficos<\/li>\n<li><strong>Altavoces de primera clase<\/strong> sobre los temas m\u00e1s importantes del transporte a\u00e9reo, la log\u00edstica y los negocios<\/li>\n<li><strong>paquetes de patrocinio lucrativos<\/strong> para una visibilidad \u00f3ptima<\/li>\n<\/ul>\n<p><strong>\u00a1El registro de entradas comienza el 1 de marzo de 2025!<\/strong><\/p>\n<p>Si desea formar parte de este sensacional evento como patrocinador, expositor y\/o colaborador, por favor p\u00f3ngase en contacto con nosotros. <a href=\"mailto:aircargoconference@fra-fr8.com\" rel=\"\">aircargoconference@fra-fr8.com<\/a> y recibir\u00e1s nuestra carpeta de eventos con toda la informaci\u00f3n m\u00e1s reciente.<\/p>\n<p><strong>\u00a1Esperamos vivir con usted la 10\u00aa Conferencia de Carga A\u00e9rea!<\/strong><\/p>\n<p>&nbsp;<\/p>\n<h3>D\u00eda de la Farmacia 2025<\/h3>\n<p><a href=\"https:\/\/www.aircargocommunity.com\/es\/events\/pharma-day-2025-2\/\"><img decoding=\"async\" class=\"alignnone wp-image-9398 size-full lazyload\" data-src=\"https:\/\/www.aircargocommunity.com\/wp-content\/uploads\/Logo-Pharma-Day-Thumbnail.jpg\" alt=\"\" width=\"1280\" height=\"720\" data-srcset=\"https:\/\/www.aircargocommunity.com\/wp-content\/uploads\/Logo-Pharma-Day-Thumbnail.jpg 1280w, https:\/\/www.aircargocommunity.com\/wp-content\/uploads\/Logo-Pharma-Day-Thumbnail-300x169.jpg 300w, https:\/\/www.aircargocommunity.com\/wp-content\/uploads\/Logo-Pharma-Day-Thumbnail-1024x576.jpg 1024w, https:\/\/www.aircargocommunity.com\/wp-content\/uploads\/Logo-Pharma-Day-Thumbnail-768x432.jpg 768w, https:\/\/www.aircargocommunity.com\/wp-content\/uploads\/Logo-Pharma-Day-Thumbnail-18x10.jpg 18w\" data-sizes=\"auto\" src=\"data:image\/svg+xml;base64,PHN2ZyB3aWR0aD0iMSIgaGVpZ2h0PSIxIiB4bWxucz0iaHR0cDovL3d3dy53My5vcmcvMjAwMC9zdmciPjwvc3ZnPg==\" style=\"--smush-placeholder-width: 1280px; --smush-placeholder-aspect-ratio: 1280\/720;\" data-original-sizes=\"(max-width: 1280px) 100vw, 1280px\" \/><\/a><\/p>\n<p>Nos complace presentarles el <strong>D\u00eda de la Farmacia 2025<\/strong> La Comunidad de Carga A\u00e9rea Frankfurt eV \u2013 una <strong>nuevo formato de evento<\/strong>, que proviene de la <strong>Equipo de Competencia Farmac\u00e9utica<\/strong> fue desarrollado a partir de. En <strong>1 de julio de 2025<\/strong> Adelante <strong>El avi\u00f3n en Dreieich Expertos de la industria farmac\u00e9utica, la salud y las ciencias de la vida<\/strong> Estimular el intercambio entre ciencia, producci\u00f3n, log\u00edstica y transporte a\u00e9reo y establecer nuevos contactos.<\/p>\n<p>Pensar <strong>Interesantes conferencias especializadas, un \u00e1rea de exposici\u00f3n centrada en la industria y oportunidades exclusivas de networking.<\/strong>. Un punto culminante especial es el Pharma Tour en el aeropuerto de Frankfurt, que ofrece una visi\u00f3n exclusiva del mundo de la log\u00edstica farmac\u00e9utica.<\/p>\n<p>\u00bfCurioso?<br \/>\nEn nuestro <a href=\"https:\/\/www.youtube.com\/watch?v=xpUDcV8R4KI\">V\u00eddeo del D\u00eda de la Farmacia 2025<\/a> Descubrir\u00e1 por qu\u00e9 el evento es un punto culminante para la industria farmac\u00e9utica, sanitaria y de ciencias de la vida en Frankfurt y m\u00e1s all\u00e1. La venta de entradas comenzar\u00e1 en breve.<\/p>\n<p>Como <strong>Socios colaboradores o expositores<\/strong> Podr\u00e1s posicionar fuertemente tu empresa y hacer contactos importantes in situ. Si est\u00e1s interesado en una colaboraci\u00f3n o tienes alguna pregunta sobre el evento, cont\u00e1ctanos a trav\u00e9s de <a href=\"mailto:pharmaday@fra-fr8.com\">farmacia@fra-fr8.com<\/a>. Ahora puede encontrar m\u00e1s informaci\u00f3n en nuestro sitio web del evento.<\/p>\n<p>El equipo de competencia farmac\u00e9utica y nosotros esperamos con ilusi\u00f3n el Pharma Day como un nuevo evento de la ACCF para <strong>para promover a\u00fan m\u00e1s el intercambio profesional<\/strong> y pensar fuera de la caja <strong>Nueva inspiraci\u00f3n para nuestra ubicaci\u00f3n y la industria farmac\u00e9utica<\/strong> generar.<\/p>\n<p>&nbsp;<\/p>\n<h3>Portal de empleo de la ACCF: se han recibido las primeras solicitudes<\/h3>\n<p>En diciembre lanzamos el nuevo portal de empleo comunitario <a href=\"http:\/\/www.mycargojob.com\">mitrabajodecarga.com<\/a> presentado.<\/p>\n<p>Nos alegra que las primeras empresas miembros est\u00e9n participando y est\u00e9n logrando \u00e9xito. Ya se han recibido las primeras solicitudes de nuestros miembros para puestos vacantes.<\/p>\n<p><a href=\"https:\/\/www.aircargocommunity.com\/es\/jobs\/\"><img decoding=\"async\" class=\"alignnone wp-image-9540 size-full lazyload\" data-src=\"https:\/\/www.aircargocommunity.com\/wp-content\/uploads\/Thumbnail-Video.png\" alt=\"\" width=\"2526\" height=\"1398\" data-srcset=\"https:\/\/www.aircargocommunity.com\/wp-content\/uploads\/Thumbnail-Video.png 2526w, https:\/\/www.aircargocommunity.com\/wp-content\/uploads\/Thumbnail-Video-300x166.png 300w, https:\/\/www.aircargocommunity.com\/wp-content\/uploads\/Thumbnail-Video-1024x567.png 1024w, https:\/\/www.aircargocommunity.com\/wp-content\/uploads\/Thumbnail-Video-768x425.png 768w, https:\/\/www.aircargocommunity.com\/wp-content\/uploads\/Thumbnail-Video-1536x850.png 1536w, https:\/\/www.aircargocommunity.com\/wp-content\/uploads\/Thumbnail-Video-2048x1133.png 2048w, https:\/\/www.aircargocommunity.com\/wp-content\/uploads\/Thumbnail-Video-18x10.png 18w\" data-sizes=\"auto\" src=\"data:image\/svg+xml;base64,PHN2ZyB3aWR0aD0iMSIgaGVpZ2h0PSIxIiB4bWxucz0iaHR0cDovL3d3dy53My5vcmcvMjAwMC9zdmciPjwvc3ZnPg==\" style=\"--smush-placeholder-width: 2526px; --smush-placeholder-aspect-ratio: 2526\/1398;\" data-original-sizes=\"(max-width: 2526px) 100vw, 2526px\" \/><\/a><\/p>\n<p>Con nuestro portal de empleo creamos una <strong>Plataforma central<\/strong>, lo que le hace m\u00e1s visible como empleador y atrae a los especialistas adecuados y a los principiantes de la carrera profesional. <strong>Industria del transporte a\u00e9reo de mercanc\u00edas y log\u00edstica<\/strong> se dirige directamente. Puede conocer c\u00f3mo funciona el portal en nuestro <a href=\"https:\/\/www.youtube.com\/watch?v=gUnL5TTqDWQ&amp;t=9s\">V\u00eddeo informativo<\/a>.<\/p>\n<p><strong>Sus ventajas como empresa miembro:<\/strong><\/p>\n<ul>\n<li><strong>suscripci\u00f3n de reclutamiento ilimitado<\/strong>Con una suscripci\u00f3n anual asequible, puedes publicar anuncios de trabajo ilimitados y buscar talentos espec\u00edficos.<\/li>\n<li><strong>Enfoque espec\u00edfico<\/strong>:El portal est\u00e1 dirigido a solicitantes que buscan espec\u00edficamente una carrera en transporte a\u00e9reo y log\u00edstica en el aeropuerto de Frankfurt.<\/li>\n<li><strong>Manejo sencillo y rentable<\/strong>:Sus anuncios de trabajo se pueden agregar de forma r\u00e1pida y sencilla a nuestra \u00e1rea de miembros y publicar en la p\u00e1gina p\u00fablica, a un precio econ\u00f3mico.<\/li>\n<\/ul>\n<p><strong>Beneficios para los solicitantes:<\/strong><\/p>\n<ul>\n<li>Los solicitantes reciben una descripci\u00f3n general completa de <strong>Oportunidades laborales y profesionales actuales<\/strong> en la industria del transporte a\u00e9reo de mercanc\u00edas.<\/li>\n<li>Adem\u00e1s, los interesados pueden <strong>De forma proactiva y con una \u00fanica aplicaci\u00f3n para todas las empresas miembros participantes<\/strong> La Comunidad de Carga A\u00e9rea de Frankfurt.<\/li>\n<\/ul>\n<p>Mmm <strong>tantos candidatos potenciales como sea posible<\/strong> Para llegar a la gente de la regi\u00f3n, el portal es promovido centralmente por la ACCF. Junto a <strong>Campa\u00f1as publicitarias offline en el \u00e1rea de Frankfurt<\/strong> es tambi\u00e9n el <strong>Promoci\u00f3n del portal a trav\u00e9s de las redes sociales<\/strong> destinado. Pero el \u00e9xito depende de que el mayor n\u00famero posible de ustedes formen parte del portal. Cuanto m\u00e1s anuncien las empresas sus puestos all\u00ed, m\u00e1s podremos promocionar el portal y establecerlo juntos como punto de contacto central.<\/p>\n<p>Por eso, el portal de empleo puede ser utilizado por nuestros miembros a cambio de una peque\u00f1a cuota, que invertimos en promocionar la plataforma.<\/p>\n<p>\u00bfHemos despertado tu inter\u00e9s? Entonces escr\u00edbenos un mensaje <a href=\"mailto:jobs@fra-fr8.com\">empleos@fra-fr8.com<\/a> o a trav\u00e9s de uno de los canales de contacto personal.<\/p>\n<p>&nbsp;<\/p>\n<h3><strong>\u00daltimo minuto: Feria de empleo y formaci\u00f3n en aeropuertos<\/strong><\/h3>\n<p>\u00a1Se acerca la Feria de Capacitaci\u00f3n y Empleo Aeroportuario! <strong>Los d\u00edas 27 y 28 de junio de 2025<\/strong> reuni\u00f3n en <strong>Jardines de la puerta de entrada<\/strong> Una vez m\u00e1s, los j\u00f3venes talentos comprometidos, los que comienzan su carrera y los que buscan trabajo se sienten atra\u00eddos por empleadores interesantes. Organizado por la <strong>Fraport AG<\/strong> y el <strong>Agencia Federal de Empleo<\/strong> Esta es una gran oportunidad para presentar la industria del transporte a\u00e9reo y la log\u00edstica como un campo de trabajo atractivo.<br \/>\nEste a\u00f1o, s\u00f3lo <strong>Carpas de 3x3m<\/strong> que se pueden alquilar individualmente. El precio por tienda es <strong>2.250 \u20ac m\u00e1s IVA<\/strong> para ambos dias. Los muebles tambi\u00e9n se pueden alquilar directamente en Fraport. Incluso si, despu\u00e9s de consultar con los organizadores, no se nos permite tener un stand comunitario conjunto este a\u00f1o, nosotros como comunidad a\u00fan tenemos influencia en la disposici\u00f3n de las carpas y, por lo tanto, podemos <strong>actuar como una unidad<\/strong>. Encontrar\u00e1 todos los detalles sobre los stands y el equipamiento deseado en el formulario de inscripci\u00f3n, que estaremos encantados de enviarle.<br \/>\nPor favor env\u00ede su inscripci\u00f3n para la Feria de Capacitaci\u00f3n y Empleo Aeroportuario <strong>a m\u00e1s tardar el 12 de febrero de 2025 (EOB)<\/strong> a <a href=\"mailto:l.walther@fra-fr8.com\">l.walther@fra-fr8.com<\/a>. Nos encargamos de la coordinaci\u00f3n y enviamos las inscripciones de forma colectiva a Fraport para asegurar la colocaci\u00f3n conjunta.<br \/>\nEsperamos contar con una fuerte presencia de nuestras empresas miembro, as\u00ed como con candidatos interesantes que trabajar\u00e1n con nosotros para dar forma al transporte a\u00e9reo y la log\u00edstica en Frankfurt en el futuro.<\/p>\n<p>&nbsp;<\/p>\n<h3>Buscamos refuerzos: Puesto de estudiante trabajador (m\/f\/d) en ACCF<\/h3>\n<p>El equipo de <strong>La ACCF busca refuerzos<\/strong>. Debido al importante aumento del n\u00famero de miembros y a las numerosas nuevas iniciativas y ofertas para nuestros miembros, tambi\u00e9n necesitamos fortalecer los recursos de la asociaci\u00f3n a corto plazo. Por lo tanto, ahora estamos buscando el apoyo de un <strong>estudiante trabajador (m\/f\/d)<\/strong> con enfoque en \u201cGesti\u00f3n de Comunidades y Eventos\u201d.<br \/>\nEl anuncio completo y toda la informaci\u00f3n sobre c\u00f3mo aplicar. <strong>hasta el 15 de febrero de 2025<\/strong> se puede encontrar aqu\u00ed: <a href=\"https:\/\/www.aircargocommunity.com\/wp-content\/uploads\/Stellenanzeige-WerksstudentIn-2025.pdf\">anuncio de trabajo<\/a> o en nuestro portal de empleo en <a href=\"http:\/\/www.mycargojob.com\">mitrabajodecarga.com<\/a>.<\/p>\n<p>El estudiante trabajador participar\u00e1 activamente en nuestro trabajo diario de la asociaci\u00f3n y nos apoyar\u00e1 en la implementaci\u00f3n de iniciativas del equipo de competencias, proyectos, eventos y en la gesti\u00f3n administrativa de la asociaci\u00f3n.<\/p>\n<p>Esperamos recibir todas las solicitudes.<\/p>\n<p>&nbsp;<\/p>\n<p>\u00bfLas noticias de la comunidad una vez al mes no te parecen suficientes? Entonces por favor visite nuestro <a href=\"https:\/\/www.linkedin.com\/company\/air-cargo-community-frankfurt-e-v\/\">canal de LinkedIn<\/a> \u2013 lo mejor es suscribirse directamente.<\/p>\n<p>\u00bfTiene alguna pregunta o comentario? \u00a1Esperamos su mensaje o llamada!<\/p>\n<p>Atentamente<br \/>\nSu equipo de Air Cargo Community Frankfurt eV<\/p>","protected":false},"excerpt":{"rendered":"<p>\u00a1Un nuevo a\u00f1o lleno de posibilidades! En este n\u00famero le esperan temas apasionantes: Air Cargo Conference 2025: el evento de aniversario el 3 y 4 de septiembre en el Deutsche Bank Park Frankfurt. \u00a1Reserve la fecha ahora! Pharma Day 2025: Nuevo formato de evento para la industria farmac\u00e9utica y log\u00edstica el 1 de julio. Portal de empleo ACCF: Ya se han recibido las primeras solicitudes: \u00a1\u00fanete ahora como empresa! Feria de empleo del aeropuerto: j\u00f3venes talentos se re\u00fanen con los mejores empleadores el 27 y 28 de junio. Puesto de estudiante trabajador: Buscamos refuerzos en gesti\u00f3n de comunidades y eventos. \u00bfCurioso? \u00a1Toda la informaci\u00f3n ahora en la newsletter! <\/p>","protected":false},"author":4,"featured_media":9546,"comment_status":"closed","ping_status":"closed","sticky":false,"template":"","format":"standard","meta":{"_acf_changed":false,"wds_primary_category":0,"footnotes":""},"categories":[5],"tags":[40,26,41,42],"class_list":["post-9537","post","type-post","status-publish","format-standard","has-post-thumbnail","hentry","category-frachtpost","tag-air-cargo-conference","tag-job-und-ausbildungsmesse","tag-jobportal","tag-pharma-day"],"acf":[],"_links":{"self":[{"href":"https:\/\/www.aircargocommunity.com\/es\/wp-json\/wp\/v2\/posts\/9537","targetHints":{"allow":["GET"]}}],"collection":[{"href":"https:\/\/www.aircargocommunity.com\/es\/wp-json\/wp\/v2\/posts"}],"about":[{"href":"https:\/\/www.aircargocommunity.com\/es\/wp-json\/wp\/v2\/types\/post"}],"author":[{"embeddable":true,"href":"https:\/\/www.aircargocommunity.com\/es\/wp-json\/wp\/v2\/users\/4"}],"replies":[{"embeddable":true,"href":"https:\/\/www.aircargocommunity.com\/es\/wp-json\/wp\/v2\/comments?post=9537"}],"version-history":[{"count":6,"href":"https:\/\/www.aircargocommunity.com\/es\/wp-json\/wp\/v2\/posts\/9537\/revisions"}],"predecessor-version":[{"id":9547,"href":"https:\/\/www.aircargocommunity.com\/es\/wp-json\/wp\/v2\/posts\/9537\/revisions\/9547"}],"wp:featuredmedia":[{"embeddable":true,"href":"https:\/\/www.aircargocommunity.com\/es\/wp-json\/wp\/v2\/media\/9546"}],"wp:attachment":[{"href":"https:\/\/www.aircargocommunity.com\/es\/wp-json\/wp\/v2\/media?parent=9537"}],"wp:term":[{"taxonomy":"category","embeddable":true,"href":"https:\/\/www.aircargocommunity.com\/es\/wp-json\/wp\/v2\/categories?post=9537"},{"taxonomy":"post_tag","embeddable":true,"href":"https:\/\/www.aircargocommunity.com\/es\/wp-json\/wp\/v2\/tags?post=9537"}],"curies":[{"name":"wp","href":"https:\/\/api.w.org\/{rel}","templated":true}]}}