{"id":9764,"date":"2025-03-27T17:49:26","date_gmt":"2025-03-27T16:49:26","guid":{"rendered":"https:\/\/www.aircargocommunity.com\/?p=9764"},"modified":"2025-04-09T09:02:37","modified_gmt":"2025-04-09T07:02:37","slug":"community-news-februar-2025","status":"publish","type":"post","link":"https:\/\/www.aircargocommunity.com\/es\/news\/frachtpost\/community-news-februar-2025\/","title":{"rendered":"Noticias de la comunidad febrero de 2025"},"content":{"rendered":"<p>Querida comunidad,<\/p>\n<p>\u00a1Ya est\u00e1 aqu\u00ed el nuevo n\u00famero de FRachtpost y est\u00e1 lleno de temas interesantes y fechas importantes para 2025!<br \/>\n<strong>\u00a1Sigue leyendo y no te pierdas ninguna cita!<\/strong><\/p>\n<h3>Nuevos miembros: \u00a1Bienvenidos a la comunidad de carga a\u00e9rea de Frankfurt!<\/h3>\n<p>Estamos felices,<strong> Globe Air Cargo<\/strong> \u00a1como nuevo miembro de nuestra comunidad!<br \/>\nComo parte del Grupo ECS, Globe Air Cargo es una de las GSA l\u00edderes y representa a aerol\u00edneas de todo el mundo con soluciones de carga personalizadas. Su s\u00f3lida red global y su amplio conocimiento de la industria contribuyen significativamente a la optimizaci\u00f3n de las operaciones de carga a\u00e9rea.<\/p>\n<p>Tambi\u00e9n <strong>Valtus<\/strong> \u00a1\u00danete a nuestra comunidad ahora!<br \/>\nComo proveedor l\u00edder de soluciones de gesti\u00f3n personalizadas, Valtus apoya a las empresas en sus procesos de transformaci\u00f3n y proporciona una s\u00f3lida red de gerentes ejecutivos interinos. Con un profundo conocimiento de la industria, sus expertos est\u00e1n listos para crear cambios efectivos desde el primer d\u00eda.<\/p>\n<p>Por \u00faltimo, pero no menos importante, damos la bienvenida <strong>Experiencia total en carga (TCE)<\/strong> \u00a1bienvenido!<br \/>\nTCE se especializa en operaciones de carga y gesti\u00f3n de seguridad para aerol\u00edneas, cubriendo \u00e1reas esenciales como auditor\u00edas, evaluaciones de riesgos, gesti\u00f3n de GHA, informes aduaneros, acuerdos de transporte y monitoreo en sitio. Con su experiencia, apoyan a las aerol\u00edneas y a las partes interesadas del transporte de carga a mantener los est\u00e1ndares operativos y el cumplimiento al m\u00e1s alto nivel.<\/p>\n<p>Esperamos dar forma al futuro del transporte a\u00e9reo junto con nuestros nuevos miembros. \u00a1Bienvenidos a bordo!<\/p>\n<p><img fetchpriority=\"high\" decoding=\"async\" class=\"alignnone wp-image-9766 size-full\" src=\"https:\/\/www.aircargocommunity.com\/wp-content\/uploads\/Neue-Mitglieder.png\" alt=\"\" width=\"1564\" height=\"1624\" srcset=\"https:\/\/www.aircargocommunity.com\/wp-content\/uploads\/Neue-Mitglieder.png 1564w, https:\/\/www.aircargocommunity.com\/wp-content\/uploads\/Neue-Mitglieder-289x300.png 289w, https:\/\/www.aircargocommunity.com\/wp-content\/uploads\/Neue-Mitglieder-986x1024.png 986w, https:\/\/www.aircargocommunity.com\/wp-content\/uploads\/Neue-Mitglieder-768x797.png 768w, https:\/\/www.aircargocommunity.com\/wp-content\/uploads\/Neue-Mitglieder-1479x1536.png 1479w, https:\/\/www.aircargocommunity.com\/wp-content\/uploads\/Neue-Mitglieder-12x12.png 12w\" sizes=\"(max-width: 1564px) 100vw, 1564px\" \/><\/p>\n<p>&nbsp;<\/p>\n<h3>Noticias del equipo de competencia de Hub Performance:<br \/>\nNuevo modo de trabajo<\/h3>\n<p>En el equipo de competencia de Hub Performance, nuestros miembros se ocupan de las <strong>Excelencia operativa en FRA<\/strong>. El foco est\u00e1 en la estandarizaci\u00f3n y definici\u00f3n precisa de procesos, interfaces e hitos en el proceso de importaci\u00f3n y exportaci\u00f3n de mercanc\u00edas.<\/p>\n<p>A <strong>Mejorar la colaboraci\u00f3n<\/strong> El modo de trabajo del grupo de trabajo cambiar\u00e1 con efecto inmediato. Los miembros acordaron un ciclo de trabajo de cuatro semanas, que es el siguiente:<\/p>\n<p><img decoding=\"async\" class=\"alignnone wp-image-9767 size-full lazyload\" data-src=\"https:\/\/www.aircargocommunity.com\/wp-content\/uploads\/Arbeitsmodus-KT-HubPerformance.png\" alt=\"\" width=\"1366\" height=\"548\" data-srcset=\"https:\/\/www.aircargocommunity.com\/wp-content\/uploads\/Arbeitsmodus-KT-HubPerformance.png 1366w, https:\/\/www.aircargocommunity.com\/wp-content\/uploads\/Arbeitsmodus-KT-HubPerformance-300x120.png 300w, https:\/\/www.aircargocommunity.com\/wp-content\/uploads\/Arbeitsmodus-KT-HubPerformance-1024x411.png 1024w, https:\/\/www.aircargocommunity.com\/wp-content\/uploads\/Arbeitsmodus-KT-HubPerformance-768x308.png 768w, https:\/\/www.aircargocommunity.com\/wp-content\/uploads\/Arbeitsmodus-KT-HubPerformance-18x7.png 18w\" data-sizes=\"auto\" src=\"data:image\/svg+xml;base64,PHN2ZyB3aWR0aD0iMSIgaGVpZ2h0PSIxIiB4bWxucz0iaHR0cDovL3d3dy53My5vcmcvMjAwMC9zdmciPjwvc3ZnPg==\" style=\"--smush-placeholder-width: 1366px; --smush-placeholder-aspect-ratio: 1366\/548;\" data-original-sizes=\"(max-width: 1366px) 100vw, 1366px\" \/><\/p>\n<p>En una nueva forma de trabajar, actualmente estamos trabajando en la estandarizaci\u00f3n del hito del proceso \u201c\u00daltimo tiempo de aceptaci\u00f3n (LAT)\u201d para la exportaci\u00f3n. El objetivo es definir el tiempo del LAT de la forma m\u00e1s uniforme posible para la ubicaci\u00f3n con el fin de permitir la confiabilidad y la capacidad de planificaci\u00f3n del proceso en la ubicaci\u00f3n. Esta representa una de varias l\u00edneas de trabajo que tambi\u00e9n contribuyen a mejorar la reserva de franjas horarias en CargoCity South.<\/p>\n<p>El <strong>La participaci\u00f3n de m\u00e1s expertos en el equipo sigue siendo bienvenida.<\/strong>. Si est\u00e1s interesado, puedes inscribirte para participar enviando un correo electr\u00f3nico a f.toepsch@fra-fr8.com.<\/p>\n<p>&nbsp;<\/p>\n<h3>Feria de empleo de Rhein-Main: \u00a1Estamos aqu\u00ed para usted!<\/h3>\n<p>En <strong>13 de mayo<\/strong> somos como <strong>Expositores en la feria de empleo Rhein-Main<\/strong> Representar y presentar conjuntamente las diversas oportunidades profesionales en la industria del transporte a\u00e9reo y la log\u00edstica.<\/p>\n<p>El <strong>Pro Arbeit \u2013 Distrito de Offenbach \u2013 como centro de empleo municipal<\/strong> La feria organizada en HOLM est\u00e1 dirigida a los solicitantes de los centros de empleo municipales de la regi\u00f3n. La feria de empleo ofrece una<strong> Una valiosa plataforma para obtener informaci\u00f3n sobre emocionantes campos profesionales en el entorno del Aeropuerto de Frankfurt.<\/strong> Para obtener. Esperamos interactuar con talentos interesados y presentarles las numerosas oportunidades laborales y de desarrollo en el transporte a\u00e9reo y la log\u00edstica. Remitiremos a los candidatos potenciales a nuestro portal de empleo, que re\u00fane las ofertas de trabajo actuales de nuestra comunidad y ofrece acceso directo a posibles empleadores.<\/p>\n<p>&nbsp;<\/p>\n<h3>Reserva la fecha:<br \/>\nEncuentro de hamburguesas comunitarias @transportlogistic 2025<\/h3>\n<p>\u00ad<br \/>\nFrankfurt se encuentra con M\u00fanich\u2026 \u00a1y con mucho gusto! Como <strong>Comunidad de carga a\u00e9rea de Frankfurt<\/strong> Invitamos a todos los miembros<\/p>\n<p>&nbsp;<\/p>\n<p style=\"text-align: center\">en <strong>3 de junio a las 12:30 horas.<\/strong><\/p>\n<p style=\"text-align: center\">Para el <strong>FRA se une a MUC: Encuentro comunitario de hamburguesas<\/strong><\/p>\n<p style=\"text-align: center\">en <strong>Puesto de control del Aeropuerto de Frankfurt (A2.301\/402)<\/strong> a.<\/p>\n<p>Disfrute de una hamburguesa inspirada en la cocina de Frankfurt que traer\u00e1 el sabor de nuestra regi\u00f3n al escenario ferial de M\u00fanich.<\/p>\n<p>\u00a1Esperamos su visita y un evento de networking de buen gusto en M\u00fanich!<\/p>\n<p>&nbsp;<\/p>\n<h3>Pharma Day 2025: \u00a1Entradas ya disponibles para reservar!<\/h3>\n<p>\u00ad<img decoding=\"async\" class=\"alignnone wp-image-9602 size-full lazyload\" data-src=\"https:\/\/www.aircargocommunity.com\/wp-content\/uploads\/Logo-Pharma-Day_horizontal.jpg\" alt=\"\" width=\"1280\" height=\"720\" data-srcset=\"https:\/\/www.aircargocommunity.com\/wp-content\/uploads\/Logo-Pharma-Day_horizontal.jpg 1280w, https:\/\/www.aircargocommunity.com\/wp-content\/uploads\/Logo-Pharma-Day_horizontal-300x169.jpg 300w, https:\/\/www.aircargocommunity.com\/wp-content\/uploads\/Logo-Pharma-Day_horizontal-1024x576.jpg 1024w, https:\/\/www.aircargocommunity.com\/wp-content\/uploads\/Logo-Pharma-Day_horizontal-768x432.jpg 768w, https:\/\/www.aircargocommunity.com\/wp-content\/uploads\/Logo-Pharma-Day_horizontal-18x10.jpg 18w\" data-sizes=\"auto\" src=\"data:image\/svg+xml;base64,PHN2ZyB3aWR0aD0iMSIgaGVpZ2h0PSIxIiB4bWxucz0iaHR0cDovL3d3dy53My5vcmcvMjAwMC9zdmciPjwvc3ZnPg==\" style=\"--smush-placeholder-width: 1280px; --smush-placeholder-aspect-ratio: 1280\/720;\" data-original-sizes=\"(max-width: 1280px) 100vw, 1280px\" \/><\/p>\n<p>En <strong>1 de julio de 2025<\/strong> Nos conectamos en red con nuestros<strong> Miembros y el Equipo de Competencia Farmac\u00e9utica<\/strong> las industrias farmac\u00e9utica, de ciencias de la vida y de atenci\u00f3n sanitaria mediante transporte a\u00e9reo.<\/p>\n<p>El Pharma Day 2025 se celebrar\u00e1 en una ubicaci\u00f3n \u00fanica <strong>El avi\u00f3n en Dreieich<\/strong>, cerca del aeropuerto de Frankfurt, y le ofrece la oportunidad de ampliar sus conocimientos y hacer contactos valiosos.<\/p>\n<p>Esperamos obtener informaci\u00f3n interesante sobre el <strong>\u00daltimos avances en la industria farmac\u00e9utica, conferencias sobre las particularidades del transporte con temperatura controlada, tendencias orientadas al futuro e iniciativas globales<\/strong>que dan forma a la industria. Otro punto destacado es el exclusivo tour farmac\u00e9utico en el aeropuerto de Frankfurt, que ofrece una mirada directa detr\u00e1s de escena.<\/p>\n<p>Todas las conferencias se impartir\u00e1n en ingl\u00e9s para garantizar el acceso al mayor n\u00famero de personas posible.<br \/>\n\ud83c\udf9f Las entradas ya est\u00e1n disponibles: \u00a1asegura tu lugar ahora!<\/p>\n<p style=\"text-align: center\"><a href=\"https:\/\/doo.net\/veranstaltung\/183025\/buchung\"><strong>Entradas para el D\u00eda de la Farmacia 2025<\/strong><\/a><\/p>\n<p>&nbsp;<\/p>\n<h3 style=\"text-align: left\">Memoria:<br \/>\nVisita al Business Lounge para patrocinadores y expositores<\/h3>\n<p>\u00ad<img decoding=\"async\" class=\"alignnone wp-image-9771 size-full lazyload\" data-src=\"https:\/\/www.aircargocommunity.com\/wp-content\/uploads\/2020-Frankfurt-Deutsche-Bank-Park-SUNSET-02-PM-1-scaled-e1743094147120.jpg\" alt=\"\" width=\"2560\" height=\"973\" data-srcset=\"https:\/\/www.aircargocommunity.com\/wp-content\/uploads\/2020-Frankfurt-Deutsche-Bank-Park-SUNSET-02-PM-1-scaled-e1743094147120.jpg 2560w, https:\/\/www.aircargocommunity.com\/wp-content\/uploads\/2020-Frankfurt-Deutsche-Bank-Park-SUNSET-02-PM-1-scaled-e1743094147120-300x114.jpg 300w, https:\/\/www.aircargocommunity.com\/wp-content\/uploads\/2020-Frankfurt-Deutsche-Bank-Park-SUNSET-02-PM-1-scaled-e1743094147120-1024x389.jpg 1024w, https:\/\/www.aircargocommunity.com\/wp-content\/uploads\/2020-Frankfurt-Deutsche-Bank-Park-SUNSET-02-PM-1-scaled-e1743094147120-768x292.jpg 768w, https:\/\/www.aircargocommunity.com\/wp-content\/uploads\/2020-Frankfurt-Deutsche-Bank-Park-SUNSET-02-PM-1-scaled-e1743094147120-1536x584.jpg 1536w, https:\/\/www.aircargocommunity.com\/wp-content\/uploads\/2020-Frankfurt-Deutsche-Bank-Park-SUNSET-02-PM-1-scaled-e1743094147120-2048x778.jpg 2048w, https:\/\/www.aircargocommunity.com\/wp-content\/uploads\/2020-Frankfurt-Deutsche-Bank-Park-SUNSET-02-PM-1-scaled-e1743094147120-18x7.jpg 18w\" data-sizes=\"auto\" src=\"data:image\/svg+xml;base64,PHN2ZyB3aWR0aD0iMSIgaGVpZ2h0PSIxIiB4bWxucz0iaHR0cDovL3d3dy53My5vcmcvMjAwMC9zdmciPjwvc3ZnPg==\" style=\"--smush-placeholder-width: 2560px; --smush-placeholder-aspect-ratio: 2560\/973;\" data-original-sizes=\"(max-width: 2560px) 100vw, 2560px\" \/><\/p>\n<p>Quien desee apoyar la Air Cargo Conference 2025 como patrocinador o participar como expositor, tiene la oportunidad de visitar con antelaci\u00f3n el Business Lounge en el Deutsche Bank Park.<\/p>\n<p style=\"text-align: center\"><strong>\u00bfCuando? 10 de marzo de 2025, 10:00 horas.<\/strong><br \/>\n<strong>\u00bfD\u00f3nde? Sal\u00f3n de negocios,<\/strong><br \/>\n<strong>Parque del Deutsche Bank<\/strong><\/p>\n<p>Aproveche esta oportunidad para conocer la ubicaci\u00f3n exclusiva y prepararse de forma \u00f3ptima para su presencia en la edici\u00f3n aniversario de la Air Cargo Conference. Por favor, reg\u00edstrese en: aircargoconference@fra-fr8.com<\/p>\n<p>\u00a1Esperamos verte!<\/p>\n<h3>Comienza la venta de entradas para la 10\u00aa Conferencia de Carga A\u00e9rea: \u00a1asegura tus entradas ahora!<\/h3>\n<p>\u00ad<img decoding=\"async\" class=\"alignnone wp-image-9772 size-full lazyload\" data-src=\"https:\/\/www.aircargocommunity.com\/wp-content\/uploads\/Banner-1500-x-500-px_v1.jpg\" alt=\"\" width=\"1500\" height=\"500\" data-srcset=\"https:\/\/www.aircargocommunity.com\/wp-content\/uploads\/Banner-1500-x-500-px_v1.jpg 1500w, https:\/\/www.aircargocommunity.com\/wp-content\/uploads\/Banner-1500-x-500-px_v1-300x100.jpg 300w, https:\/\/www.aircargocommunity.com\/wp-content\/uploads\/Banner-1500-x-500-px_v1-1024x341.jpg 1024w, https:\/\/www.aircargocommunity.com\/wp-content\/uploads\/Banner-1500-x-500-px_v1-768x256.jpg 768w, https:\/\/www.aircargocommunity.com\/wp-content\/uploads\/Banner-1500-x-500-px_v1-18x6.jpg 18w\" data-sizes=\"auto\" src=\"data:image\/svg+xml;base64,PHN2ZyB3aWR0aD0iMSIgaGVpZ2h0PSIxIiB4bWxucz0iaHR0cDovL3d3dy53My5vcmcvMjAwMC9zdmciPjwvc3ZnPg==\" style=\"--smush-placeholder-width: 1500px; --smush-placeholder-aspect-ratio: 1500\/500;\" data-original-sizes=\"(max-width: 1500px) 100vw, 1500px\" \/><\/p>\n<p>Ha llegado el momento: La venta de entradas para el <strong>Comenz\u00f3 la 10\u00aa Conferencia de Carga A\u00e9rea<\/strong>! Este evento de aniversario promete ser un punto culminante de la industria en Frankfurt, con un <strong>Ubicaci\u00f3n sensacional, ponentes de primera clase, nuevo car\u00e1cter ferial y muchas oportunidades de networking.<\/strong>.<\/p>\n<p><strong>Ventaja del madrugador<\/strong>:Quienquiera <strong>hasta el 15 de abril<\/strong> asegura un boleto, recibe un <strong>plaza de aparcamiento exclusiva<\/strong> en el sitio.<\/p>\n<p>Para los miembros, el <strong>C\u00f3digo de promoci\u00f3n<\/strong> para entradas con descuento <a href=\"https:\/\/www.aircargocommunity.com\/es\/mitgliederbereich\/\"><strong>en el \u00e1rea de miembros del sitio web<\/strong><\/a> listo.<\/p>\n<p>&nbsp;<\/p>\n<p>Este <strong>Edici\u00f3n de aniversario<\/strong> establecer\u00e1 est\u00e1ndares \u2013 <strong>\u00a1Consigue tu entrada ahora y estate all\u00ed!<\/strong><\/p>\n<p style=\"text-align: center\"><a href=\"https:\/\/doo.net\/veranstaltung\/184427\/buchung\"><strong>Entradas para la Conferencia de Carga A\u00e9rea 2025<\/strong><\/a><\/p>\n<p>&nbsp;<\/p>\n<p style=\"text-align: left\">\u00bfLas noticias de la comunidad una vez al mes no son suficientes para ti? Entonces, visita peri\u00f3dicamente nuestro canal de LinkedIn; lo mejor es suscribirte directamente.<\/p>\n<p style=\"text-align: left\">\u00bfTiene alguna pregunta o comentario? \u00a1Esperamos su mensaje o llamada!<\/p>\n<p style=\"text-align: left\">Atentamente<\/p>\n<p style=\"text-align: left\">Su equipo de Air Cargo Community Frankfurt eV<\/p>","protected":false},"excerpt":{"rendered":"<p>Estimada comunidad, \u00a1ya est\u00e1 aqu\u00ed el nuevo n\u00famero de FRachtpost y est\u00e1 lleno de temas interesantes y fechas importantes para 2025! \u00a1Sigue leyendo y no te pierdas ninguna cita! Nuevos miembros: \u00a1Bienvenidos a la comunidad de carga a\u00e9rea de Frankfurt! \u00a1Nos complace dar la bienvenida a Globe Air Cargo como nuevo miembro de nuestra comunidad! Como parte del ECS [\u2026]<\/p>","protected":false},"author":4,"featured_media":9765,"comment_status":"closed","ping_status":"closed","sticky":false,"template":"","format":"standard","meta":{"_acf_changed":false,"wds_primary_category":0,"footnotes":""},"categories":[5],"tags":[],"class_list":["post-9764","post","type-post","status-publish","format-standard","has-post-thumbnail","hentry","category-frachtpost"],"acf":[],"_links":{"self":[{"href":"https:\/\/www.aircargocommunity.com\/es\/wp-json\/wp\/v2\/posts\/9764","targetHints":{"allow":["GET"]}}],"collection":[{"href":"https:\/\/www.aircargocommunity.com\/es\/wp-json\/wp\/v2\/posts"}],"about":[{"href":"https:\/\/www.aircargocommunity.com\/es\/wp-json\/wp\/v2\/types\/post"}],"author":[{"embeddable":true,"href":"https:\/\/www.aircargocommunity.com\/es\/wp-json\/wp\/v2\/users\/4"}],"replies":[{"embeddable":true,"href":"https:\/\/www.aircargocommunity.com\/es\/wp-json\/wp\/v2\/comments?post=9764"}],"version-history":[{"count":4,"href":"https:\/\/www.aircargocommunity.com\/es\/wp-json\/wp\/v2\/posts\/9764\/revisions"}],"predecessor-version":[{"id":9776,"href":"https:\/\/www.aircargocommunity.com\/es\/wp-json\/wp\/v2\/posts\/9764\/revisions\/9776"}],"wp:featuredmedia":[{"embeddable":true,"href":"https:\/\/www.aircargocommunity.com\/es\/wp-json\/wp\/v2\/media\/9765"}],"wp:attachment":[{"href":"https:\/\/www.aircargocommunity.com\/es\/wp-json\/wp\/v2\/media?parent=9764"}],"wp:term":[{"taxonomy":"category","embeddable":true,"href":"https:\/\/www.aircargocommunity.com\/es\/wp-json\/wp\/v2\/categories?post=9764"},{"taxonomy":"post_tag","embeddable":true,"href":"https:\/\/www.aircargocommunity.com\/es\/wp-json\/wp\/v2\/tags?post=9764"}],"curies":[{"name":"wp","href":"https:\/\/api.w.org\/{rel}","templated":true}]}}